{"id":657133,"date":"2026-07-14T04:21:15","date_gmt":"2026-07-14T04:21:15","guid":{"rendered":"https:\/\/www.europesays.com\/es\/657133\/"},"modified":"2026-07-14T04:21:15","modified_gmt":"2026-07-14T04:21:15","slug":"diez-paises-europeos-entre-ellos-espana-anuncian-la-creacion-de-una-coalicion-anti-misiles-balisticos-ante-la-amenaza-rusa-internacional","status":"publish","type":"post","link":"https:\/\/www.europesays.com\/es\/657133\/","title":{"rendered":"Diez pa\u00edses europeos, entre ellos Espa\u00f1a, anuncian la creaci\u00f3n de una coalici\u00f3n anti-misiles bal\u00edsticos ante la amenaza rusa | Internacional"},"content":{"rendered":"<p class=\"loc\">Madrid<\/p>\n<p>Diez pa\u00edses europeos, entre ellos Espa\u00f1a y <a href=\"https:\/\/cadenaser.com\/nacional\/2026\/06\/26\/bruselas-propone-excluir-a-los-ucranianos-en-edad-militar-de-la-proteccion-temporal-para-residir-en-la-ue-cadena-ser\/\" target=\"_blank\" rel=\"nofollow noopener\" title=\"https:\/\/cadenaser.com\/nacional\/2026\/06\/26\/bruselas-propone-excluir-a-los-ucranianos-en-edad-militar-de-la-proteccion-temporal-para-residir-en-la-ue-cadena-ser\/\">Ucrania<\/a>, han anunciado este lunes la creaci\u00f3n de una coalici\u00f3n que busca reforzar la capacidad antia\u00e9rea del continente europeo. La iniciativa ha sido fraguada en el marco de una cumbre internacional que tiene lugar en Par\u00eds y busca reforzar la defensa de Europa frente a la amenaza rusa.<\/p>\n<p>M\u00e1s informaci\u00f3n<\/p>\n<p>Dinamarca, Francia, Alemania, Italia, Pa\u00edses Bajos, Noruega, Suecia y Reino Unido son las naciones que cierran esta coalici\u00f3n, si bien esperan que m\u00e1s Estados se adhieran. El objetivo del grupo es lograr desarrollar con mayor rapidez \u00abuna capacidad de defensa contra misiles bal\u00edsticos\u00bb.<\/p>\n<p>\u00abReconociendo la creciente amenaza que representan los misiles bal\u00edsticos y la importancia cada vez mayor de las capacidades de defensa para la <a href=\"https:\/\/cadenaser.com\/nacional\/2026\/07\/09\/trump-dice-ahora-que-espana-decidio-pagar-tras-sus-criticas-en-la-cumbre-de-la-otan-pero-a-que-se-refiere-cadena-ser\/\" target=\"_blank\" rel=\"nofollow noopener\" title=\"https:\/\/cadenaser.com\/nacional\/2026\/07\/09\/trump-dice-ahora-que-espana-decidio-pagar-tras-sus-criticas-en-la-cumbre-de-la-otan-pero-a-que-se-refiere-cadena-ser\/\">seguridad del continente europeo<\/a>, anunciamos hoy el inicio del establecimiento de una coalici\u00f3n integrada de Defensa contra misiles bal\u00edsticos, de car\u00e1cter exclusivamente defensivo\u00bb, ha asegurado una declaraci\u00f3n conjunta de los l\u00edderes de los pa\u00edses participantes.<\/p>\n<p>El presidente franc\u00e9s, Emmanuel Macron, ha insistido en que defender a Ucrania es defender a Europa y en que debe ejercerse una mayor presi\u00f3n sobre Mosc\u00fa. \u00abNuestra unidad es nuestra fuerza, nuestra determinaci\u00f3n, nuestra credibilidad\u00bb, ha aseverado en redes sociales.<\/p>\n<blockquote class=\"twitter-tweet\">\n<p lang=\"fr\" dir=\"ltr\">La Coalition des volontaires est r\u00e9unie \u00e0 Paris. Nous acc\u00e9l\u00e9rons notre soutien \u00e0 l\u2019Ukraine. Renforcer sa d\u00e9fense, accro\u00eetre la pression sur la Russie et b\u00e2tir les garanties de s\u00e9curit\u00e9 de demain : notre unit\u00e9 est notre force, notre d\u00e9termination, notre cr\u00e9dibilit\u00e9. <a href=\"https:\/\/t.co\/DpmDJcA0ai\" rel=\"nofollow\">pic.twitter.com\/DpmDJcA0ai<\/a><\/p>\n<p>\u2014 Emmanuel Macron (@EmmanuelMacron) <a href=\"https:\/\/x.com\/EmmanuelMacron\/status\/2076698013787951432?ref_src=twsrc%5Etfw\" rel=\"nofollow\">July 13, 2026<\/a><\/p><\/blockquote>\n<p>Para llevar a cabo esta nueva propuesta, el grupo ha propuesto \u00abestablecer requisitos operativos comunes, crear grupos de trabajo t\u00e9cnicos conjuntos, definir mecanismos claros de gobernanza y elaborar una hoja de ruta\u00bb. Adem\u00e1s, tambi\u00e9n han destacado la importancia de reforzar la colaboraci\u00f3n en materia de investigaci\u00f3n, desarrollo y financiaci\u00f3n.<\/p>\n<p>    <img decoding=\"async\" src=\"https:\/\/www.europesays.com\/es\/wp-content\/uploads\/2026\/07\/1784002875_533_app-ser-4.png\" alt=\"Nueva APP de Cadena SER\" loading=\"lazy\" width=\"109\" height=\"82\"\/><\/p>\n<p>Descubre la nueva app de Cadena\u00a0SER<br \/>\n        Te ofrecemos una mejor experiencia de audio y video\n    <\/p>\n<p>    <a href=\"https:\/\/trackingcodes.prisamedia.com\/ser.html?utm_campaign=app-include-articulo&amp;utm_source=web\" class=\"p-a-fa-b\" rel=\"nofollow noopener\" target=\"_blank\">Descargar<\/a><\/p>\n<p>S\u00e1nchez: \u00abEuropa debe tener voz propia en el camino hacia una paz justa\u00bb<\/p>\n<p>El presidente espa\u00f1ol, <a href=\"https:\/\/cadenaser.com\/video\/nacional\/2026\/07\/09\/video-que-le-pasa-a-trump-con-espana-cadena-ser\/\" target=\"_blank\" rel=\"nofollow noopener\" title=\"https:\/\/cadenaser.com\/video\/nacional\/2026\/07\/09\/video-que-le-pasa-a-trump-con-espana-cadena-ser\/\">Pedro S\u00e1nchez<\/a>, ha anunciado este lunes que Espa\u00f1a se suma a la coalici\u00f3n con la vista puesta en \u00abseguir fortaleciendo\u00bb las capacidades comunes. \u00abCooperar es la mejor forma de afrontar los desaf\u00edos del presente y del futuro\u00bb, ha a\u00f1adido en redes sociales.<\/p>\n<p>Asimismo, el presidente ha subrayado que Ucrania necesita de \u00abdeterminaci\u00f3n y unidad\u00bb para hacer frente a la amenaza de la invasi\u00f3n rusa. \u00abEuropa debe tener voz propia en el camino hacia una paz justa\u00bb, ha concluido.<\/p>\n<blockquote class=\"twitter-tweet\">\n<p lang=\"es\" dir=\"ltr\">La seguridad de Europa tambi\u00e9n se construye desde la innovaci\u00f3n y la colaboraci\u00f3n con las empresas.<\/p>\n<p>Espa\u00f1a se suma a la Coalici\u00f3n Antimisiles Bal\u00edsticos para seguir fortaleciendo nuestras capacidades comunes. <\/p>\n<p>Cooperar es la mejor forma de afrontar los desaf\u00edos del presente y\u2026 <a href=\"https:\/\/t.co\/YtU1els60c\" rel=\"nofollow\">pic.twitter.com\/YtU1els60c<\/a><\/p>\n<p>\u2014 Pedro S\u00e1nchez (@sanchezcastejon) <a href=\"https:\/\/x.com\/sanchezcastejon\/status\/2076693420374982759?ref_src=twsrc%5Etfw\" rel=\"nofollow\">July 13, 2026<\/a><\/p><\/blockquote>\n<p><script async src=\"https:\/\/platform.twitter.com\/widgets.js\" charset=\"utf-8\"><\/script><\/p>\n","protected":false},"excerpt":{"rendered":"Madrid Diez pa\u00edses europeos, entre ellos Espa\u00f1a y Ucrania, han anunciado este lunes la creaci\u00f3n de una coalici\u00f3n&hellip;\n","protected":false},"author":2,"featured_media":657134,"comment_status":"","ping_status":"","sticky":false,"template":"","format":"standard","meta":{"footnotes":""},"categories":[42],"tags":[17,18,120236,83,13,14,11,61,62,63,64,19,20,1383,9,10,15,16,1385,5915,12,21,22,65,66,67],"class_list":["post-657133","post","type-post","status-publish","format-standard","has-post-thumbnail","category-internacional","tag-breaking-news","tag-breakingnews","tag-coalition-of-the-willing","tag-diplomacy","tag-featured-news","tag-featurednews","tag-headlines","tag-internacional","tag-international","tag-international-news","tag-internationalnews","tag-latest-news","tag-latestnews","tag-meeting","tag-news","tag-noticias","tag-noticias-destacadas","tag-noticiasdestacadas","tag-security","tag-summit","tag-titulares","tag-ultimas-noticias","tag-ultimasnoticias","tag-world","tag-world-news","tag-worldnews"],"share_on_mastodon":{"url":"","error":"Validation failed: Text character limit of 500 exceeded"},"_links":{"self":[{"href":"https:\/\/www.europesays.com\/es\/wp-json\/wp\/v2\/posts\/657133","targetHints":{"allow":["GET"]}}],"collection":[{"href":"https:\/\/www.europesays.com\/es\/wp-json\/wp\/v2\/posts"}],"about":[{"href":"https:\/\/www.europesays.com\/es\/wp-json\/wp\/v2\/types\/post"}],"author":[{"embeddable":true,"href":"https:\/\/www.europesays.com\/es\/wp-json\/wp\/v2\/users\/2"}],"replies":[{"embeddable":true,"href":"https:\/\/www.europesays.com\/es\/wp-json\/wp\/v2\/comments?post=657133"}],"version-history":[{"count":0,"href":"https:\/\/www.europesays.com\/es\/wp-json\/wp\/v2\/posts\/657133\/revisions"}],"wp:featuredmedia":[{"embeddable":true,"href":"https:\/\/www.europesays.com\/es\/wp-json\/wp\/v2\/media\/657134"}],"wp:attachment":[{"href":"https:\/\/www.europesays.com\/es\/wp-json\/wp\/v2\/media?parent=657133"}],"wp:term":[{"taxonomy":"category","embeddable":true,"href":"https:\/\/www.europesays.com\/es\/wp-json\/wp\/v2\/categories?post=657133"},{"taxonomy":"post_tag","embeddable":true,"href":"https:\/\/www.europesays.com\/es\/wp-json\/wp\/v2\/tags?post=657133"}],"curies":[{"name":"wp","href":"https:\/\/api.w.org\/{rel}","templated":true}]}}