{"id":657509,"date":"2026-07-14T09:43:25","date_gmt":"2026-07-14T09:43:25","guid":{"rendered":"https:\/\/www.europesays.com\/es\/657509\/"},"modified":"2026-07-14T09:43:25","modified_gmt":"2026-07-14T09:43:25","slug":"muere-sam-neill-protagonista-de-parque-jurasico-o-el-piano-a-los-78-anos","status":"publish","type":"post","link":"https:\/\/www.europesays.com\/es\/657509\/","title":{"rendered":"Muere Sam Neill, protagonista de &#8216;Parque Jur\u00e1sico&#8217; o &#8216;El piano&#8217;, a los 78 a\u00f1os"},"content":{"rendered":"<p class=\"paragraph-atom &#10;        A-500-300-700-N A-550-300-700-N--md  \">\n                    Sam Neill, protagonista de pel\u00edculas como <strong>&#8216;Parque Jur\u00e1sico&#8217; o &#8216;El piano&#8217;<\/strong>, ha fallecido a los <strong>78 a\u00f1os<\/strong> en Sidney (Australia). No se ha revelado la causa de la muerte del int\u00e9rprete, pero Neill acababa de confirmar recientemente que, tras haber sido diagnosticado en 2022 con un linfoma angioinmunobl\u00e1stico de c\u00e9lulas T en fase 3, un tipo de c\u00e1ncer de la sangre, estaba ahora libre de la enfermedad. La muerte del actor neozeland\u00e9s se anunci\u00f3 este lunes en un comunicado publicado en su cuenta oficial de Instagram: \u00abCon inmensa tristeza la &#8216;whanau&#8217; (famila en maor\u00ed) de Sam Neill comunica la noticia de su fallecimiento el lunes 13 de julio, en S\u00eddney (Australia). Sam estaba rodeado de su familia y falleci\u00f3 con la dignidad que ha caracterizado toda su vida\u00bb.\n            <\/p>\n<p class=\"paragraph-atom &#10;        A-500-300-700-N A-550-300-700-N--md  \">\n                    \u00abLa p\u00e9rdida fue repentina e inesperada, pero bendecida por el hecho de que Sam permaneciera libre de c\u00e1ncer\u00bb, se\u00f1ala el comunicado en el que la famia quiere expresar \u00absu m\u00e1s profundo agradecimiento al personal del St Vincent&#8217;s Private Hospital por su incre\u00edble atenci\u00f3n\u00bb. \u00abM\u00e1s adelante se dar\u00e1n a conocer m\u00e1s detalles, pero, por ahora, en nombre de la familia, les pedimos que respeten su privacidad mientras superan esta p\u00e9rdida inconmensurable\u00bb, concluye el comunicado. <strong>Nacido en 1947 en Irlanda del Norte y criado en Nueva Zelanda<\/strong>, Neill comenz\u00f3 trabajando en la National Film Unit neozelandesa como director, montador y guionista antes de consolidarse como int\u00e9rprete, algo que marcar\u00eda su mirada cin\u00e9fila sobre los proyectos que eleg\u00eda. Su primer gran papel lleg\u00f3 con el thriller pol\u00edtico neozeland\u00e9s &#8216;Perros de presa&#8217; (1977) y el drama australiano &#8216;Mi brillante carrera&#8217; (1979).\n            <\/p>\n<p class=\"paragraph-atom &#10;        A-500-300-700-N A-550-300-700-N--md  \">\n                    Convertido ya toda una estrella en el continente australiano, dio el salto a la escena global a principios de los 80 en t\u00edtulos como &#8216;El final de Damien&#8217; (1981) la tercera entrega de la saga de terror La profecia, y en la pel\u00edcula de culto &#8216;La posesi\u00f3n&#8217; (1981), as\u00ed como en el b\u00e9lico Ataque Fuerza Z (1982). Durante esa d\u00e9cada consolid\u00f3 un registro dram\u00e1tico como Un grito en la oscuridad (1988) junto a Meryl Strep o el thriller &#8216;Calma total&#8217; (1989), donde comparti\u00f3 pantalla con una joven Nicole Kidman. <strong>En los 90, Neill se convirti\u00f3 en un rostro imprescindible del cine comercial y de autor gracias a una racha casi ininterrumpida de grandes trabajos<\/strong>. Fue el oficial sovi\u00e9tico Vasili Borodin en el thriller submarino &#8216;La caza del Octubre Rojo&#8217; (1990), trabaj\u00f3 con Jane Campion en la cinta ganadora de tres premios Oscar &#8216;El piano&#8217; (1993) y alcanz\u00f3 la verdadera fama mundial como el paleont\u00f3logo Alan Grant en &#8216;Parque Jur\u00e1sico&#8217; (1993) de Steven Spielberg, personaje que defini\u00f3 para siempre su v\u00ednculo con el blockbuster. En paralelo, el actor cultiv\u00f3 el terror y la ciencia ficci\u00f3n de culto con En la boca del miedo (1994) y &#8216;Horizonte final&#8217; (1997), confirmando su facilidad para transitar entre el mainstream y g\u00e9neros m\u00e1s arriesgados.\n            <\/p>\n<p class=\"paragraph-atom &#10;        A-500-300-700-N A-550-300-700-N--md  \">\n                    Lejos de encasillarse, Neill sigui\u00f3 alternando cine, televisi\u00f3n y producciones de distinto presupuesto durante las siguientes d\u00e9cadas. En la peque\u00f1a pantalla brill\u00f3 en miniseries como Contra el viento: La historia de Mary Lindell (1991) y especialmente Merl\u00edn (1998), por las que recibi\u00f3 nominaciones al Globo de Oro, adem\u00e1s de t\u00edtulos posteriores como Los Tudor y Peaky Blinders, donde aport\u00f3 una dimensi\u00f3n inquietante a sus personajes de \u00e9poca. En cine encaden\u00f3 trabajos tan dispares como El hombre que susurraba a los caballos (1998), El hombre bicentenario (1999), La luna en directo (2000) o el regreso a la franquicia jur\u00e1sica en Parque Jur\u00e1sico III (2001).\n            <\/p>\n<p class=\"paragraph-atom &#10;        A-500-300-700-N A-550-300-700-N--md  \">\n                    Ya en el siglo XXI, lejos de retirarse, Neill vivi\u00f3 una suerte de segunda juventud interpretativa con papeles muy celebrados en Dean Spanley (2008), la cinta australiana &#8216;Sweet Country&#8217; (2017), el thriller de ciencia ficci\u00f3n &#8216;Daybreakers&#8217; (2009), la cinta de aventuras &#8216;El \u00faltimo cazador&#8217; (2011) o la aclamada comedia neozelandesa &#8216;Hunt for the Wilderpeople&#8217;, a la caza de los \u00f1umanos (2016), donde explot\u00f3 su vis c\u00f3mica sin renunciar a la melancol\u00eda. Tambi\u00e9n se dej\u00f3 ver en el universo Marvel con un gui\u00f1o meta en &#8216;Thor: Ragnarok&#8217; (2017) y retom\u00f3 su papel del profesor Alan Grant en &#8216;Jurassic World: Dominion&#8217; (2022). Sus \u00faltimos t\u00edtulos destacados fueron la serie de Netflix &#8216;Indomable&#8217; (2025) junto a Eric Bana y tiene pendiente de estreno &#8216;The Last Resort&#8217;, una comedia rom\u00e1ntica con Daisy Ridley y Alden Ehrenreich que llegar\u00e1 a las salas el pr\u00f3ximo a\u00f1o.\n            <\/p>\n","protected":false},"excerpt":{"rendered":"Sam Neill, protagonista de pel\u00edculas como &#8216;Parque Jur\u00e1sico&#8217; o &#8216;El piano&#8217;, ha fallecido a los 78 a\u00f1os en&hellip;\n","protected":false},"author":2,"featured_media":657510,"comment_status":"","ping_status":"","sticky":false,"template":"","format":"standard","meta":{"footnotes":""},"categories":[169],"tags":[177,146,147,25,24,176,175,8938,83308,5993,1440,27294,23],"class_list":["post-657509","post","type-post","status-publish","format-standard","has-post-thumbnail","category-cine","tag-cine","tag-entertainment","tag-entretenimiento","tag-es","tag-espana","tag-film","tag-movies","tag-muere","tag-neill","tag-parque","tag-protagonista","tag-sam","tag-spain"],"share_on_mastodon":{"url":"https:\/\/pubeurope.com\/@es\/116917686174100128","error":""},"_links":{"self":[{"href":"https:\/\/www.europesays.com\/es\/wp-json\/wp\/v2\/posts\/657509","targetHints":{"allow":["GET"]}}],"collection":[{"href":"https:\/\/www.europesays.com\/es\/wp-json\/wp\/v2\/posts"}],"about":[{"href":"https:\/\/www.europesays.com\/es\/wp-json\/wp\/v2\/types\/post"}],"author":[{"embeddable":true,"href":"https:\/\/www.europesays.com\/es\/wp-json\/wp\/v2\/users\/2"}],"replies":[{"embeddable":true,"href":"https:\/\/www.europesays.com\/es\/wp-json\/wp\/v2\/comments?post=657509"}],"version-history":[{"count":0,"href":"https:\/\/www.europesays.com\/es\/wp-json\/wp\/v2\/posts\/657509\/revisions"}],"wp:featuredmedia":[{"embeddable":true,"href":"https:\/\/www.europesays.com\/es\/wp-json\/wp\/v2\/media\/657510"}],"wp:attachment":[{"href":"https:\/\/www.europesays.com\/es\/wp-json\/wp\/v2\/media?parent=657509"}],"wp:term":[{"taxonomy":"category","embeddable":true,"href":"https:\/\/www.europesays.com\/es\/wp-json\/wp\/v2\/categories?post=657509"},{"taxonomy":"post_tag","embeddable":true,"href":"https:\/\/www.europesays.com\/es\/wp-json\/wp\/v2\/tags?post=657509"}],"curies":[{"name":"wp","href":"https:\/\/api.w.org\/{rel}","templated":true}]}}