{"id":657531,"date":"2026-07-14T10:05:27","date_gmt":"2026-07-14T10:05:27","guid":{"rendered":"https:\/\/www.europesays.com\/es\/657531\/"},"modified":"2026-07-14T10:05:27","modified_gmt":"2026-07-14T10:05:27","slug":"anunciados-los-horarios-de-los-tres-primeros-partidos-del-barca-en-la-liga","status":"publish","type":"post","link":"https:\/\/www.europesays.com\/es\/657531\/","title":{"rendered":"Anunciados los horarios de los tres primeros partidos del Bar\u00e7a en la Liga"},"content":{"rendered":"<p class=\"ft-text\">El <strong>FC Barcelona<\/strong> ya sabe cu\u00e1ndo empezar\u00e1 su defensa del t\u00edtulo de Liga. El de Hansi Flick, <a class=\"ft-link ft-link--decoration\" href=\"https:\/\/www.sport.es\/es\/noticias\/mundial-futbol\/barca-impone-semifinales-mundial-132378311\" rel=\"nofollow noopener\" target=\"_blank\">con muchos representantes en las semifinales del Mundial de Estados Unidos, M\u00e9xico y Canad\u00e1<\/a>, ser\u00e1 uno de los equipos que disputar\u00e1n la primera jornada de la competici\u00f3n dom\u00e9stica entre la segunda y la tercera para tener m\u00e1s descanso, por lo que debutar\u00e1 <strong>visitando al Elche CF en el Estadio Mart\u00ednez Valero el domingo 23 de agosto a las 21.30 horas<\/strong>.<\/p>\n<p class=\"ft-text\">El conjunto blaugrana recibir\u00e1 al Athletic Club en el Spotify Camp Nou el jueves 27 de agosto a las 21.00 horas, en el compromiso &#8216;aplazado&#8217; de la primera jornada, y cuatro d\u00edas despu\u00e9s, el lunes 31 de agosto a las 21.30 horas, se enfrentar\u00e1 al <strong>Rayo Vallecano<\/strong>, tambi\u00e9n en el Estadi. Aunque los cul\u00e9s tendr\u00e1n m\u00e1s tiempo de margen para iniciar la competici\u00f3n, se pondr\u00e1n en marcha con <strong>tres encuentros en ocho d\u00edas<\/strong>. Cosas del f\u00fatbol moderno.<\/p>\n<p class=\"ft-text\">El Bar\u00e7a deb\u00eda disputar la primera jornada en casa <a class=\"ft-link ft-link--decoration\" href=\"https:\/\/www.sport.es\/es\/noticias\/barca\/calendario-completo-fc-barcelona-laliga-131937135\" rel=\"nofollow noopener\" target=\"_blank\">despu\u00e9s de tres a\u00f1os empezando la Liga a domicilio con motivo de las obras de remodelaci\u00f3n del Spotify Camp Nou<\/a> y adecuaci\u00f3n del Estadi Ol\u00edmpic Llu\u00eds Companys de Montju\u00efc, pero la decisi\u00f3n de la entidad presidida por Javier Tebas de <strong>dar m\u00e1s descanso a los clubes con futbolistas en las semifinales del Mundial<\/strong> ha provocado que, nuevamente, los barcelonistas arranquen el curso lejos de su estadio.<\/p>\n<p class=\"ft-text\">De la primera jornada tambi\u00e9n se disputar\u00e1n entre la segunda y la tercera cita del campeonato el <strong>Valencia-Real Betis<\/strong> (martes 25 de agosto a las 21.00 horas) y el <strong>Real Madrid-Real Sociedad<\/strong> (mi\u00e9rcoles 26 de agosto a las 21.00 horas). La Liga dar\u00e1 el pistoletazo de salida con un Deportivo Alav\u00e9s-Getafe el s\u00e1bado 15 de agosto a las 19.30 horas.<\/p>\n<p class=\"ft-text\">El Real Madrid, por su parte, disputar\u00e1 su primer partido oficial con Jos\u00e9 Mourinho en el banquillo en la segunda etapa del t\u00e9cnico portugu\u00e9s el <strong>s\u00e1bado 22 de agosto contra el RCD Espanyol en Cornell\u00e0-El Prat<\/strong>. Tras recibir entre semana, como dec\u00edamos, a la Real Sociedad en el Santiago Bernab\u00e9u, el <strong>domingo 30 de agosto a las 17.00 horas<\/strong> se enfrentar\u00e1 (tambi\u00e9n en casa) a un reci\u00e9n ascendido, el <strong>M\u00e1laga<\/strong>.<\/p>\n","protected":false},"excerpt":{"rendered":"El FC Barcelona ya sabe cu\u00e1ndo empezar\u00e1 su defensa del t\u00edtulo de Liga. El de Hansi Flick, con&hellip;\n","protected":false},"author":2,"featured_media":657532,"comment_status":"","ping_status":"","sticky":false,"template":"","format":"standard","meta":{"footnotes":""},"categories":[268],"tags":[56508,168,25,24,881,280,282,4074,6758,566,281,23,167,603],"class_list":["post-657531","post","type-post","status-publish","format-standard","has-post-thumbnail","category-futbol","tag-anunciados","tag-deportes","tag-es","tag-espana","tag-fc-barcelona","tag-football","tag-futbol","tag-horarios","tag-partidos","tag-primeros","tag-soccer","tag-spain","tag-sports","tag-tres"],"share_on_mastodon":{"url":"https:\/\/pubeurope.com\/@es\/116917772443172119","error":""},"_links":{"self":[{"href":"https:\/\/www.europesays.com\/es\/wp-json\/wp\/v2\/posts\/657531","targetHints":{"allow":["GET"]}}],"collection":[{"href":"https:\/\/www.europesays.com\/es\/wp-json\/wp\/v2\/posts"}],"about":[{"href":"https:\/\/www.europesays.com\/es\/wp-json\/wp\/v2\/types\/post"}],"author":[{"embeddable":true,"href":"https:\/\/www.europesays.com\/es\/wp-json\/wp\/v2\/users\/2"}],"replies":[{"embeddable":true,"href":"https:\/\/www.europesays.com\/es\/wp-json\/wp\/v2\/comments?post=657531"}],"version-history":[{"count":0,"href":"https:\/\/www.europesays.com\/es\/wp-json\/wp\/v2\/posts\/657531\/revisions"}],"wp:featuredmedia":[{"embeddable":true,"href":"https:\/\/www.europesays.com\/es\/wp-json\/wp\/v2\/media\/657532"}],"wp:attachment":[{"href":"https:\/\/www.europesays.com\/es\/wp-json\/wp\/v2\/media?parent=657531"}],"wp:term":[{"taxonomy":"category","embeddable":true,"href":"https:\/\/www.europesays.com\/es\/wp-json\/wp\/v2\/categories?post=657531"},{"taxonomy":"post_tag","embeddable":true,"href":"https:\/\/www.europesays.com\/es\/wp-json\/wp\/v2\/tags?post=657531"}],"curies":[{"name":"wp","href":"https:\/\/api.w.org\/{rel}","templated":true}]}}