{"id":657548,"date":"2026-07-14T10:18:17","date_gmt":"2026-07-14T10:18:17","guid":{"rendered":"https:\/\/www.europesays.com\/es\/657548\/"},"modified":"2026-07-14T10:18:17","modified_gmt":"2026-07-14T10:18:17","slug":"la-esposa-que-agarro-a-su-marido-cuando-era-succionado-por-la-ventanilla-rota-del-avion-de-ryanair-si-morimos-morimos-juntos","status":"publish","type":"post","link":"https:\/\/www.europesays.com\/es\/657548\/","title":{"rendered":"La esposa que agarr\u00f3 a su marido cuando era succionado por la ventanilla rota del avi\u00f3n de Ryanair: \u00abSi morimos, morimos juntos\u00bb"},"content":{"rendered":"<p class=\"c-paragraph\">\u00abSi morimos, morimos juntos\u00bb, as\u00ed narra Svetlana Grkovic la terrible experiencia <a href=\"https:\/\/www.20minutos.es\/internacional\/terror-un-vuelo-ryanair-se-desprende-una-pieza-motor-rompe-una-ventanilla-un-pasajero-esta-punto-ser-succionado_7013160_0.html\" title=\"Terror en un vuelo de Ryanair: se desprende una pieza del motor, rompe una ventanilla y un pasajero est\u00e1 a punto de ser succionado \" rel=\"nofollow noopener\" target=\"_blank\">vivida el pasado viernes en un vuelo de Ryanair<\/a>, cuando su marido<b> estuvo a punto de ser succionado<\/b> por el hueco de una ventanilla rota del avi\u00f3n. \u00abReaccion\u00e9 de inmediato y le agarr\u00e9 las piernas. Pens\u00e9: &#8216;Si morimos, morimos juntos&#8217;. Fue horrible\u00bb, ha relatado en el peri\u00f3dico brit\u00e1nico <a href=\"https:\/\/www.dailymail.com\/news\/article-15974449\/Wife-legs-sucked-Ryanair-jet-window.html\" rel=\"nofollow noreferrer noopener\" title=\"Daily Mail\" target=\"_blank\">Daily Mail<\/a>.\u00a0<\/p>\n<p class=\"c-paragraph\">\u00abAlgunas personas vinieron en mi ayuda; recuerdo a un hombre y a una mujer. <b>Ese hombre me ayud\u00f3 mucho, a Ljubisa y a m\u00ed\u00bb<\/b>, explica esta mujer serbia, mientras su marido, Ljubisa Grkovic,\u00a0permanece hospitalizado y en estado de shock, con quemaduras por fricci\u00f3n, entre otras lesiones. La propia Svetlana tambi\u00e9n sufri\u00f3 heridas y quemaduras en una mano.<\/p>\n<p class=\"c-paragraph\">Otro pasajero que iba a bordo de ese Boeing 737-800, que cubr\u00eda el trayecto <b>entre la ciudad griega de Tesal\u00f3nica y Memmingen<\/b>, en Alemania, tambi\u00e9n ha dado su testimonio de lo ocurrido: \u00abPor suerte, no se desabroch\u00f3 el cintur\u00f3n de seguridad. Su esposa le sujet\u00f3 las piernas durante cinco minutos, hasta que los dem\u00e1s pasajeros acudieron a ayudar y consiguieron meterlo de nuevo en el habit\u00e1culo\u00bb.<\/p>\n<p class=\"c-paragraph\">Y otro testigo ha explicado que la cabeza y los hombros del hombre succionado <b>sobresal\u00edan por la ventana rota<\/b> y que \u00abten\u00eda sangre en la cabeza\u00bb y \u00abse desmay\u00f3 varias veces\u00bb.<\/p>\n<p class=\"c-paragraph\">Ljubisa Grkovic, de 60 a\u00f1os y de nacionalidad serbia, se encontraba sentado justo al lado de la ventanilla accidentada, por lo que\u00a0fue succionado<b> por una descompresi\u00f3n explosiva<\/b> al romperse el cristal y su cuerpo sali\u00f3 a medias del avi\u00f3n.\u00a0<\/p>\n<p class=\"c-paragraph\">Los pasajeros entraron en p\u00e1nico y comenzaron a gritar mientras bajaban las m\u00e1scaras de ox\u00edgeno. Mientras tanto,<b> el piloto permaneci\u00f3 tranquilo<\/b>, calm\u00f3 a la tripulaci\u00f3n y regres\u00f3 con el avi\u00f3n al aeropuerto de Tesal\u00f3nica-Macedonia, desde el que hab\u00eda despegado.<\/p>\n","protected":false},"excerpt":{"rendered":"\u00abSi morimos, morimos juntos\u00bb, as\u00ed narra Svetlana Grkovic la terrible experiencia vivida el pasado viernes en un vuelo&hellip;\n","protected":false},"author":2,"featured_media":657549,"comment_status":"","ping_status":"","sticky":false,"template":"","format":"standard","meta":{"footnotes":""},"categories":[42],"tags":[120287,17,18,2394,13,14,11,61,62,63,64,19,20,22167,9,10,15,16,2074,3271,12,21,22,65,66,67],"class_list":["post-657548","post","type-post","status-publish","format-standard","has-post-thumbnail","category-internacional","tag-agarro","tag-breaking-news","tag-breakingnews","tag-esposa","tag-featured-news","tag-featurednews","tag-headlines","tag-internacional","tag-international","tag-international-news","tag-internationalnews","tag-latest-news","tag-latestnews","tag-marido","tag-news","tag-noticias","tag-noticias-destacadas","tag-noticiasdestacadas","tag-que","tag-su","tag-titulares","tag-ultimas-noticias","tag-ultimasnoticias","tag-world","tag-world-news","tag-worldnews"],"share_on_mastodon":{"url":"https:\/\/pubeurope.com\/@es\/116917823602225366","error":""},"_links":{"self":[{"href":"https:\/\/www.europesays.com\/es\/wp-json\/wp\/v2\/posts\/657548","targetHints":{"allow":["GET"]}}],"collection":[{"href":"https:\/\/www.europesays.com\/es\/wp-json\/wp\/v2\/posts"}],"about":[{"href":"https:\/\/www.europesays.com\/es\/wp-json\/wp\/v2\/types\/post"}],"author":[{"embeddable":true,"href":"https:\/\/www.europesays.com\/es\/wp-json\/wp\/v2\/users\/2"}],"replies":[{"embeddable":true,"href":"https:\/\/www.europesays.com\/es\/wp-json\/wp\/v2\/comments?post=657548"}],"version-history":[{"count":0,"href":"https:\/\/www.europesays.com\/es\/wp-json\/wp\/v2\/posts\/657548\/revisions"}],"wp:featuredmedia":[{"embeddable":true,"href":"https:\/\/www.europesays.com\/es\/wp-json\/wp\/v2\/media\/657549"}],"wp:attachment":[{"href":"https:\/\/www.europesays.com\/es\/wp-json\/wp\/v2\/media?parent=657548"}],"wp:term":[{"taxonomy":"category","embeddable":true,"href":"https:\/\/www.europesays.com\/es\/wp-json\/wp\/v2\/categories?post=657548"},{"taxonomy":"post_tag","embeddable":true,"href":"https:\/\/www.europesays.com\/es\/wp-json\/wp\/v2\/tags?post=657548"}],"curies":[{"name":"wp","href":"https:\/\/api.w.org\/{rel}","templated":true}]}}