{"id":657563,"date":"2026-07-14T10:31:10","date_gmt":"2026-07-14T10:31:10","guid":{"rendered":"https:\/\/www.europesays.com\/es\/657563\/"},"modified":"2026-07-14T10:31:10","modified_gmt":"2026-07-14T10:31:10","slug":"exposicion-de-grabados-y-piezas-de-xose-poldras-no-campus-de-ourense","status":"publish","type":"post","link":"https:\/\/www.europesays.com\/es\/657563\/","title":{"rendered":"Exposici\u00f3n de grabados y piezas de Xos\u00e9 Poldras no Campus de Ourense"},"content":{"rendered":"<p class=\"paragraph-atom &#10;        B-500-500-700-N B-600-500-700-N--md  \">\n                    La <strong>Sala Alterarte<\/strong> del <a href=\"https:\/\/www.laregion.es\/temas\/campus-de-ourense\/\" rel=\"nofollow noopener\" target=\"_blank\">Campus de Ourense<\/a> acoge desde este martes la exposici\u00f3n <strong>\u00ab&#8230;mi\u00f1a prenda\u00bb<\/strong>, una muestra del artista <strong>Xos\u00e9 Poldras<\/strong> comisariada por <strong>Marta Garc\u00eda<\/strong> que pone el broche final a la programaci\u00f3n expositiva del curso acad\u00e9mico de la Universidad de Vigo.\n            <\/p>\n<p class=\"paragraph-atom &#10;        B-500-500-700-N B-600-500-700-N--md  \">\n                    La exposici\u00f3n re\u00fane principalmente una selecci\u00f3n de <strong>grabados<\/strong>, disciplina en la que Poldras es uno de los referentes gallegos, aunque tambi\u00e9n incorpora otras piezas representativas de su producci\u00f3n art\u00edstica. La muestra permanecer\u00e1 abierta <strong>hasta el 24 de julio<\/strong> con <strong>entrada libre<\/strong> en la sala situada en el <strong>Pabell\u00f3n 1 del Campus de Ourense<\/strong>.\n            <\/p>\n<p class=\"paragraph-atom &#10;        B-500-500-700-N B-600-500-700-N--md  \">\n                    Bajo el nombre de <strong>Xos\u00e9 Manuel Rodr\u00edguez Alonso<\/strong>, Poldras (A Coru\u00f1a, 1969) reside en Ourense y es <strong>doctor en Bellas Artes por la Universidad de Vigo<\/strong>, adem\u00e1s de profesor de dibujo. A lo largo de su trayectoria ha expuesto en numerosos espacios culturales y es especialmente reconocido por su trabajo en t\u00e9cnicas tradicionales de grabado como la <strong>punta seca, la xilograf\u00eda, el lin\u00f3leo o la colograf\u00eda<\/strong>.\n            <\/p>\n<p class=\"paragraph-atom &#10;        B-500-500-700-N B-600-500-700-N--md  \">\n                    Con esta nueva propuesta, Alterarte despide su temporada apostando por la obra de un creador con una amplia trayectoria en el panorama art\u00edstico gallego, cuyas composiciones combinan la experimentaci\u00f3n gr\u00e1fica con referencias a la historia del arte y una marcada identidad visual.\n            <\/p>\n","protected":false},"excerpt":{"rendered":"La Sala Alterarte del Campus de Ourense acoge desde este martes la exposici\u00f3n \u00ab&#8230;mi\u00f1a prenda\u00bb, una muestra del&hellip;\n","protected":false},"author":2,"featured_media":657564,"comment_status":"","ping_status":"","sticky":false,"template":"","format":"standard","meta":{"footnotes":""},"categories":[173],"tags":[229,233,231,230,2741,232,234,146,147,25,24,2003,37344,19704,5534,120289,23,53131],"class_list":["post-657563","post","type-post","status-publish","format-standard","has-post-thumbnail","category-arte-y-diseno","tag-arte","tag-arte-y-diseno","tag-arts","tag-arts-and-design","tag-campus","tag-design","tag-diseno","tag-entertainment","tag-entretenimiento","tag-es","tag-espana","tag-exposicion","tag-grabados","tag-ourense","tag-piezas","tag-poldras","tag-spain","tag-xose"],"share_on_mastodon":{"url":"https:\/\/pubeurope.com\/@es\/116917874433630061","error":""},"_links":{"self":[{"href":"https:\/\/www.europesays.com\/es\/wp-json\/wp\/v2\/posts\/657563","targetHints":{"allow":["GET"]}}],"collection":[{"href":"https:\/\/www.europesays.com\/es\/wp-json\/wp\/v2\/posts"}],"about":[{"href":"https:\/\/www.europesays.com\/es\/wp-json\/wp\/v2\/types\/post"}],"author":[{"embeddable":true,"href":"https:\/\/www.europesays.com\/es\/wp-json\/wp\/v2\/users\/2"}],"replies":[{"embeddable":true,"href":"https:\/\/www.europesays.com\/es\/wp-json\/wp\/v2\/comments?post=657563"}],"version-history":[{"count":0,"href":"https:\/\/www.europesays.com\/es\/wp-json\/wp\/v2\/posts\/657563\/revisions"}],"wp:featuredmedia":[{"embeddable":true,"href":"https:\/\/www.europesays.com\/es\/wp-json\/wp\/v2\/media\/657564"}],"wp:attachment":[{"href":"https:\/\/www.europesays.com\/es\/wp-json\/wp\/v2\/media?parent=657563"}],"wp:term":[{"taxonomy":"category","embeddable":true,"href":"https:\/\/www.europesays.com\/es\/wp-json\/wp\/v2\/categories?post=657563"},{"taxonomy":"post_tag","embeddable":true,"href":"https:\/\/www.europesays.com\/es\/wp-json\/wp\/v2\/tags?post=657563"}],"curies":[{"name":"wp","href":"https:\/\/api.w.org\/{rel}","templated":true}]}}