{"id":657696,"date":"2026-07-14T12:23:20","date_gmt":"2026-07-14T12:23:20","guid":{"rendered":"https:\/\/www.europesays.com\/es\/657696\/"},"modified":"2026-07-14T12:23:20","modified_gmt":"2026-07-14T12:23:20","slug":"heridos-y-parte-medico-del-octavo-encierro-de-san-fermin-2026-dos-heridos-por-asta-de-toro","status":"publish","type":"post","link":"https:\/\/www.europesays.com\/es\/657696\/","title":{"rendered":"Heridos y parte m\u00e9dico del octavo encierro de San Ferm\u00edn 2026: dos heridos por asta de toro"},"content":{"rendered":"<p class=\"paragraph\"><b>Trece heridos<\/b>, dos de ellos por asta de toro,<b>\u00a0y 12\u00a0<\/b><b>trasladados,\u00a0<\/b>10 al Hospital Universitario de Navarra (<b>HUN<\/b>) y 2 al centro Doctor San Mart\u00edn, es el balance provisional de heridos tras el\u00a0<a href=\"https:\/\/www.diariodenavarra.es\/noticias\/san-fermin\/2026\/07\/14\/octavo-encierro-san-fermin-2026-pamplona-directo-hoy-emociones-fuertes-despedida-827189-55.html\" title=\"\u00daltimo encierro de San Ferm\u00edn 2026 en Pamplona, en directo hoy: emociones fuertes en la despedida\" rel=\"nofollow noopener\" target=\"_blank\">octavo encierro de San Ferm\u00edn 2026, protagonizado por la<b>\u00a0<\/b>ganader\u00eda de Jandilla<\/a>, que ha sido muy peligroso, con varios toros haciendo derrotes hacia los corredores y la manada partida y con un momento muy peligroso en la plaza Consistorial, donde una de las reses ha embestido a cuatro mozos. Ha tenido una duraci\u00f3n de\u00a0<b>2<\/b>\u00a0<b>minutos y 25 segundos.<\/b><\/p>\n<p class=\"paragraph\">El primero de los heridos por asta de toro en la pierna se ha producido en la plaza del <b>Ayuntamiento<\/b>. El otro <b>corneado <\/b>ha sido en el tramo de Telef\u00f3nica, con una <b>herida por asta de toro en el t\u00f3rax <\/b>y tambi\u00e9n ha sido trasladado al hospital. Los dos han sido trasladados al hospital.\u00a0<\/p>\n<p>Te puede interesar<img decoding=\"async\" loading=\"lazy\" alt=\"La Polic\u00eda Municipal le ha practicado un torniquete de urgencia en el muslo, donde se aprecia claramente que ha recibido una cornada\" width=\"396\" height=\"252\" src=\"https:\/\/www.europesays.com\/es\/wp-content\/uploads\/2026\/07\/6a55da9632168.jpeg\"\/><\/p>\n<p class=\"paragraph\">Estos son los <b>heridos del octavo encierro trasladados al Hospital Universitario de Navarra:<\/b><\/p>\n<ul>\n<li>\u00a0J.T.G., de 46 a\u00f1os, de Yunquera de Henares (Guadalajara), herido por asta de toro con cornada en el t\u00f3rax, en Telef\u00f3nica. Pron\u00f3stico reservado.<\/li>\n<li><a href=\"https:\/\/www.diariodenavarra.es\/noticias\/san-fermin\/2026\/07\/14\/herido-octavo-encierro-san-fermin-2026-primera-vez-probar-cosas-nuevas-828333-55.html\" rel=\"nofollow noopener\" target=\"_blank\">A.D.B., de 33 a\u00f1os, de M\u00f3stoles (Madrid), trauma en la rodilla izquierda, en la Bajada de Javier. Pron\u00f3stico reservado.<\/a><\/li>\n<li>A.M.A, de 18 a\u00f1os, de Pamplona, herido por asta de toro con cornada en el muslo, en la plaza del Ayuntamiento. Pron\u00f3stico reservado.<\/li>\n<li>OR.C., de 52 a\u00f1os, de Valencina de la Concepci\u00f3n (Sevilla), con traumatismo craneoencef\u00e1lico occipital con herida contusional costal y traumatismo leve. Leve salvo complicaci\u00f3n.<\/li>\n<li>A.M.G., de 28 a\u00f1os, con luxaci\u00f3n de hombro izquierdo en Santo Domingo. Pron\u00f3stico reservado.<\/li>\n<li>J.V.P., de 49 a\u00f1os, de Burjassot (Valencia), con\u00a0traumatismo craneoencef\u00e1lico, s\u00edncope y fractura de mu\u00f1eca en Espoz y Mina.\u00a0Pron\u00f3stico reservado.<\/li>\n<li>Asier Vilella, de 18 a\u00f1os, de Ayegui, con trauma costal y erosiones varias en brazos y piernas, producidas en la Estafeta. Pron\u00f3stico reservado.\u00a0<\/li>\n<li>\u00d3scar Abiud S\u00e1nchez Morales, de 32 a\u00f1os, de Huamantla (M\u00e9xico), con contusi\u00f3n lumbar en Mercaderes. Pron\u00f3stico reservado.<\/li>\n<li>M.H., de 86 a\u00f1os, de Halesowen (Reino Unido), con herida en la mano derecha, en la ceja izquierda y en el codo izquierdo en la plaza de toros.\u00a0Pron\u00f3stico reservado.\u00a0<\/li>\n<li>E.R.G., de 53 a\u00f1os, de Alcora (Castell\u00f3n), con contusi\u00f3n con deformidad en el codo derecho en Telef\u00f3nica. Pron\u00f3stico reservado.\u00a0<\/li>\n<\/ul>\n<p>Te puede interesar<img decoding=\"async\" loading=\"lazy\" alt=\"Secuencia exclusiva de la cornada en el Ayuntamiento durante el \u00faltimo encierro de San Ferm\u00edn 2026\" width=\"396\" height=\"252\" src=\"https:\/\/www.europesays.com\/es\/wp-content\/uploads\/2026\/07\/6a55df0431e25.jpeg\"\/><\/p>\n<p class=\"paragraph\">Estos son los heridos<b> trasladados al ambulatorio Doctor San Mart\u00edn<\/b>:<\/p>\n<ul>\n<li>Desde el tramo Espoz y Mina, un herido con contusi\u00f3n craneal.<\/li>\n<li>Desde Mercaderes, por pisot\u00f3n en la espalda.<\/li>\n<\/ul>\n<p class=\"paragraph\">Adem\u00e1s, en la<b> plaza de toros<\/b> se ha realizado una atenci\u00f3n por contusi\u00f3n sin deformidad en la pierna.<\/p>\n<p>Te puede interesar<img decoding=\"async\" loading=\"lazy\" alt=\"Fotos del octavo encierro de San Ferm\u00edn 2026 con toros de la ganader\u00eda de Jandilla en Pamplona.\" width=\"396\" height=\"252\" src=\"https:\/\/www.europesays.com\/es\/wp-content\/uploads\/2026\/07\/6a55d252766b1.jpeg\"\/><\/p>\n<p class=\"paragraph\"><b>HERIDOS POR TRAMOS<\/b><\/p>\n<p class=\"paragraph\">Tambi\u00e9n en la plaza Consistorial se ha producido una <b>contusi\u00f3n craneal <\/b>que ha requerido traslado al HUN.<\/p>\n<p class=\"paragraph\">En <b>Estafeta<\/b> se ha producido una atenci\u00f3n a una persona con contusi\u00f3n con deformidad en la pierna, que ha sido trasladada en ambulancia de la DYA al hospital.<\/p>\n<p>Te puede interesar<img decoding=\"async\" loading=\"lazy\" alt=\"Fotos del octavo encierro de San Ferm\u00edn 2026 con toros de la ganader\u00eda de Jandilla en Pamplona.\" width=\"396\" height=\"252\" src=\"https:\/\/www.europesays.com\/es\/wp-content\/uploads\/2026\/07\/6a55d252766b1.jpeg\"\/><\/p>\n<p class=\"paragraph\">La ganader\u00eda extreme\u00f1a, dirigida por\u00a0<b>Borja Domecq<\/b>, es una de las m\u00e1s repetidas en el ciclo sanferminero y suele protagonizar encierros veloces pero peligrosos. Los Jandilla debutaron en Pamplona en 1983 y son conocidos por su peligrosidad con carreras r\u00e1pidas y muy temidas por los corredores.<\/p>\n<p class=\"paragraph\">Su historia en Pamplona incluye numerosas cogidas y emociones fuertes, lo que la convierte en una de las citas m\u00e1s esperadas por los aficionados al encierro.<\/p>\n","protected":false},"excerpt":{"rendered":"Trece heridos, dos de ellos por asta de toro,\u00a0y 12\u00a0trasladados,\u00a010 al Hospital Universitario de Navarra (HUN) y 2&hellip;\n","protected":false},"author":2,"featured_media":657697,"comment_status":"","ping_status":"","sticky":false,"template":"","format":"standard","meta":{"footnotes":""},"categories":[8],"tags":[17,18,1309,25,24,13,14,11,11225,19,20,12753,9,10,15,16,863,8777,23,12,21,22],"class_list":["post-657696","post","type-post","status-publish","format-standard","has-post-thumbnail","category-espana","tag-breaking-news","tag-breakingnews","tag-encierro","tag-es","tag-espana","tag-featured-news","tag-featurednews","tag-headlines","tag-heridos","tag-latest-news","tag-latestnews","tag-medico","tag-news","tag-noticias","tag-noticias-destacadas","tag-noticiasdestacadas","tag-parte","tag-septimo","tag-spain","tag-titulares","tag-ultimas-noticias","tag-ultimasnoticias"],"share_on_mastodon":{"url":"https:\/\/pubeurope.com\/@es\/116918315876544750","error":""},"_links":{"self":[{"href":"https:\/\/www.europesays.com\/es\/wp-json\/wp\/v2\/posts\/657696","targetHints":{"allow":["GET"]}}],"collection":[{"href":"https:\/\/www.europesays.com\/es\/wp-json\/wp\/v2\/posts"}],"about":[{"href":"https:\/\/www.europesays.com\/es\/wp-json\/wp\/v2\/types\/post"}],"author":[{"embeddable":true,"href":"https:\/\/www.europesays.com\/es\/wp-json\/wp\/v2\/users\/2"}],"replies":[{"embeddable":true,"href":"https:\/\/www.europesays.com\/es\/wp-json\/wp\/v2\/comments?post=657696"}],"version-history":[{"count":0,"href":"https:\/\/www.europesays.com\/es\/wp-json\/wp\/v2\/posts\/657696\/revisions"}],"wp:featuredmedia":[{"embeddable":true,"href":"https:\/\/www.europesays.com\/es\/wp-json\/wp\/v2\/media\/657697"}],"wp:attachment":[{"href":"https:\/\/www.europesays.com\/es\/wp-json\/wp\/v2\/media?parent=657696"}],"wp:term":[{"taxonomy":"category","embeddable":true,"href":"https:\/\/www.europesays.com\/es\/wp-json\/wp\/v2\/categories?post=657696"},{"taxonomy":"post_tag","embeddable":true,"href":"https:\/\/www.europesays.com\/es\/wp-json\/wp\/v2\/tags?post=657696"}],"curies":[{"name":"wp","href":"https:\/\/api.w.org\/{rel}","templated":true}]}}