{"id":657728,"date":"2026-07-14T12:51:14","date_gmt":"2026-07-14T12:51:14","guid":{"rendered":"https:\/\/www.europesays.com\/es\/657728\/"},"modified":"2026-07-14T12:51:14","modified_gmt":"2026-07-14T12:51:14","slug":"aidprosec-2026-2027-secundaria-y-otros-cuerpos-vacantes-profesorado","status":"publish","type":"post","link":"https:\/\/www.europesays.com\/es\/657728\/","title":{"rendered":"AIDPROSEC 2026 \/ 2027. Secundaria y otros cuerpos. Vacantes &#8211; Profesorado"},"content":{"rendered":"<p class=\"cmParagraph cmAlignright\"><strong>Publicado el 14 de julio de 2026 a las 14:00 horas<\/strong><\/p>\n<p class=\"cmParagraph cmAlignjustify\">La \u00a0<a href=\"https:\/\/www.educa.jcyl.es\/profesorado\/es\/concurso-traslados\/aidpro-aidpra-adjudicacion-destinos-provisionales\/aidpro-aidpra-adjudicacion-informatizada-destinos-pro-e1f5e\/aidprosec-2026-2027-secundaria-cuerpos\/aidprosec-2026-2027-secundaria-cuerpos-vacantes.ficheros\/1934307-AIDPRO_PES%20Y%20OTROS_Publicaci%C3%B3n%20de%20vacantes_Firmada.pdf\" rel=\"nofollow noopener\" target=\"_blank\"><img loading=\"lazy\" decoding=\"async\" src=\"https:\/\/www.europesays.com\/es\/wp-content\/uploads\/2026\/07\/1784033474_458_images.gif\" width=\"16\" height=\"16\" alt=\"Documento PDF\" \/>\u00a0Resoluci\u00f3n de 14 de julio de 2026, de la Direcci\u00f3n General de Profesionales de la Educaci\u00f3n (263.1 KB) (3 p\u00e1ginas)<\/a>\u00a0  aprueba las vacantes de los cuerpos de catedr\u00e1ticos y profesores de ense\u00f1anza secundaria, cuerpo, a extinguir, de profesores t\u00e9cnicos de formaci\u00f3n profesional, cuerpo de profesores especialistas en sectores singulares de formaci\u00f3n profesional, cuerpos de catedr\u00e1ticos y profesores de escuelas oficiales de idiomas, cuerpo de profesores de m\u00fasica y artes esc\u00e9nicas y cuerpos de catedr\u00e1ticos, profesores y maestros de taller de artes pl\u00e1sticas y dise\u00f1o, en el proceso de adjudicaci\u00f3n informatizada de destinos provisionales para el personal funcionario de carrera y en pr\u00e1cticas, convocado por la Resoluci\u00f3n de 4 de junio de 2026, de la Direcci\u00f3n General de Recursos Humanos.<\/p>\n<p class=\"cmParagraph\"><strong>Listados de vacantes por provincias:<\/strong><\/p>\n<p class=\"cmParagraph cmAligncenter\">INFORMACI\u00d3N DE INTER\u00c9S<br \/>Manual para la cumplimentaci\u00f3n de la solicitud de plazas de adjudicaci\u00f3n de destinos provisionales<br \/>(AIDPRO \/ AIDPRA):<br \/>\u00a0<a href=\"https:\/\/www.educa.jcyl.es\/profesorado\/es\/concurso-traslados\/aidpro-aidpra-adjudicacion-destinos-provisionales\/aidpro-aidpra-adjudicacion-informatizada-destinos-pro-e1f5e\/aidprosec-2026-2027-secundaria-cuerpos\/aidprosec-2026-2027-secundaria-cuerpos-vacantes.ficheros\/1920540-Manual%20de%20la%20aplicaci%C3%B3n%20de%20peticiones.pdf\" rel=\"nofollow noopener\" target=\"_blank\"><img loading=\"lazy\" decoding=\"async\" src=\"https:\/\/www.europesays.com\/es\/wp-content\/uploads\/2026\/07\/1784033474_458_images.gif\" width=\"16\" height=\"16\" alt=\"Documento PDF\" \/>\u00a0Manual de la aplicaci\u00f3n de peticiones (5.2 MB) (16 p\u00e1ginas)<\/a>\u00a0 <br \/>\u00a0<a href=\"https:\/\/www.educa.jcyl.es\/profesorado\/es\/concurso-traslados\/aidpro-aidpra-adjudicacion-destinos-provisionales\/aidpro-aidpra-adjudicacion-informatizada-destinos-pro-e1f5e\/aidprosec-2026-2027-secundaria-cuerpos\/aidprosec-2026-2027-secundaria-cuerpos-vacantes.ficheros\/1920541-Infograf%C3%ADa%20de%20la%20aplicaci%C3%B3n%20de%20peticiones.pdf\" rel=\"nofollow noopener\" target=\"_blank\"><img loading=\"lazy\" decoding=\"async\" src=\"https:\/\/www.europesays.com\/es\/wp-content\/uploads\/2026\/07\/1784033474_458_images.gif\" width=\"16\" height=\"16\" alt=\"Documento PDF\" \/>\u00a0Infograf\u00eda de la aplicaci\u00f3n de peticiones (2.7 MB) (2 p\u00e1ginas)<\/a>\u00a0 <\/p>\n<p><\/p>\n","protected":false},"excerpt":{"rendered":"Publicado el 14 de julio de 2026 a las 14:00 horas La \u00a0\u00a0Resoluci\u00f3n de 14 de julio de&hellip;\n","protected":false},"author":2,"featured_media":657729,"comment_status":"","ping_status":"","sticky":false,"template":"","format":"standard","meta":{"footnotes":""},"categories":[5],"tags":[17,18,2025,2027,209,2026,25,24,13,14,2031,11,2028,2024,19,20,2030,9,10,15,16,2032,2029,23,12,21,22],"class_list":["post-657728","post","type-post","status-publish","format-standard","has-post-thumbnail","category-titulares","tag-breaking-news","tag-breakingnews","tag-castilla-y-len","tag-colegios","tag-cultura","tag-educacion","tag-es","tag-espana","tag-featured-news","tag-featurednews","tag-formacin","tag-headlines","tag-institutos","tag-junta","tag-latest-news","tag-latestnews","tag-maestros","tag-news","tag-noticias","tag-noticias-destacadas","tag-noticiasdestacadas","tag-profesional","tag-profesores","tag-spain","tag-titulares","tag-ultimas-noticias","tag-ultimasnoticias"],"share_on_mastodon":{"url":"https:\/\/pubeurope.com\/@es\/116918425340190363","error":""},"_links":{"self":[{"href":"https:\/\/www.europesays.com\/es\/wp-json\/wp\/v2\/posts\/657728","targetHints":{"allow":["GET"]}}],"collection":[{"href":"https:\/\/www.europesays.com\/es\/wp-json\/wp\/v2\/posts"}],"about":[{"href":"https:\/\/www.europesays.com\/es\/wp-json\/wp\/v2\/types\/post"}],"author":[{"embeddable":true,"href":"https:\/\/www.europesays.com\/es\/wp-json\/wp\/v2\/users\/2"}],"replies":[{"embeddable":true,"href":"https:\/\/www.europesays.com\/es\/wp-json\/wp\/v2\/comments?post=657728"}],"version-history":[{"count":0,"href":"https:\/\/www.europesays.com\/es\/wp-json\/wp\/v2\/posts\/657728\/revisions"}],"wp:featuredmedia":[{"embeddable":true,"href":"https:\/\/www.europesays.com\/es\/wp-json\/wp\/v2\/media\/657729"}],"wp:attachment":[{"href":"https:\/\/www.europesays.com\/es\/wp-json\/wp\/v2\/media?parent=657728"}],"wp:term":[{"taxonomy":"category","embeddable":true,"href":"https:\/\/www.europesays.com\/es\/wp-json\/wp\/v2\/categories?post=657728"},{"taxonomy":"post_tag","embeddable":true,"href":"https:\/\/www.europesays.com\/es\/wp-json\/wp\/v2\/tags?post=657728"}],"curies":[{"name":"wp","href":"https:\/\/api.w.org\/{rel}","templated":true}]}}