{"id":65777,"date":"2025-08-22T23:53:08","date_gmt":"2025-08-22T23:53:08","guid":{"rendered":"https:\/\/www.europesays.com\/es\/65777\/"},"modified":"2025-08-22T23:53:08","modified_gmt":"2025-08-22T23:53:08","slug":"manuel-diaz-el-cordobes-responde-a-bertin-osborne-tras-sus-declaraciones","status":"publish","type":"post","link":"https:\/\/www.europesays.com\/es\/65777\/","title":{"rendered":"Manuel D\u00edaz &#8216;El Cordob\u00e9s&#8217; responde a Bert\u00edn Osborne tras sus declaraciones"},"content":{"rendered":"<p data-journey-content=\"true\" data-node-id=\"2\" class=\"css-i9p093 emevuu60\"><strong data-node-id=\"2.0\">Las redes han ardido por la \u00faltima portada de Bert\u00edn Osborne y el cantante se ha visto obligado a lanzar un comunicado. <\/strong>El exconcursante de <a href=\"https:\/\/www.diezminutos.es\/tu-cara-me-suena\/\" target=\"_blank\" data-vars-ga-outbound-link=\"https:\/\/www.diezminutos.es\/tu-cara-me-suena\/\" data-vars-ga-ux-element=\"Hyperlink\" data-vars-ga-call-to-action=\"&#039;Tu cara me suena&#039;\" data-node-id=\"2.2\" data-mrf-link=\"https:\/\/www.diezminutos.es\/tu-cara-me-suena\/\" class=\"body-link css-177bzfx emevuu60\" rel=\"nofollow noopener\">&#8216;Tu cara me suena&#8217;<\/a> ha posado con su hijo, Arian David, que lleva meses manteniendo contacto con el peque\u00f1o y, aunque desde un primer momento no quiso ser padre otra vez, s\u00ed estar\u00e1 presente en la vida del ni\u00f1o, al que ayudar\u00e1 en sus estudios y en que viva lo mejor que pueda. Unas declaraciones en las que ha mencionado en varias ocasiones a Manuel D\u00edaz &#8216;El Cordob\u00e9s&#8217;, quien ha respondido sin problemas ante la prensa.<\/p>\n<p data-journey-content=\"true\" data-node-id=\"3\" class=\"css-i9p093 emevuu60\">El torero est\u00e1 disfrutando de <strong data-node-id=\"3.1\">una etapa tranquila junto a su familia tras un verano lleno de emociones <\/strong>y ha aprovechado para hablar con la prensa su dar su opini\u00f3n sobre las fotograf\u00edas y <a href=\"https:\/\/www.diezminutos.es\/famosos-corazon\/famosos-espanoles\/a65833124\/bertin-osborne-comunicado-criticas-posado-hijo\/\" target=\"_blank\" data-vars-ga-outbound-link=\"https:\/\/www.diezminutos.es\/famosos-corazon\/famosos-espanoles\/a65833124\/bertin-osborne-comunicado-criticas-posado-hijo\/\" data-vars-ga-ux-element=\"Hyperlink\" data-vars-ga-call-to-action=\"las recientes declaraciones de Bert\u00edn Osborne\" data-node-id=\"3.3\" class=\"body-link css-177bzfx emevuu60\" rel=\"nofollow noopener\">las recientes declaraciones de Bert\u00edn Osborne<\/a>.<\/p>\n<p><img draggable=\"true\" alt=\"bertin osborne posa en un evento en madrid\" title=\"Bertin Osborne en Casa MO\" loading=\"lazy\" width=\"3000\" height=\"5057\" decoding=\"async\" data-nimg=\"1\" style=\"color:transparent;width:100%;height:auto;\"   src=\"https:\/\/www.europesays.com\/es\/wp-content\/uploads\/2025\/08\/bertin-osborne-cuerpo-entero-6842b37e401e5.jpg\" class=\"css-0 e1g79fud0\"\/><\/p>\n<p>Francisco Guerra \/ Europa Press<\/p>\n<p>El Cordob\u00e9s, sobre Bert\u00edn Osborne: \u201cEs un fen\u00f3meno\u201d<\/p>\n<p data-journey-content=\"true\" data-node-id=\"6\" class=\"css-i9p093 emevuu60\">Preguntado por las palabras de Bert\u00edn, que ha insistido en que no quiere que su hijo pase por lo mismo que le ocurri\u00f3 a Manuel con la ausencia de su padre, el torero lo tiene claro: \u201cNo he visto nada de Bert\u00edn \u00faltimamente. Pero vamos, que <strong data-node-id=\"6.1\">Bert\u00edn es un fen\u00f3meno y seguramente va a salir todo de lujo<\/strong>\u201d, aseguraba con una sonrisa.<\/p>\n<p data-journey-content=\"true\" data-node-id=\"8\" class=\"css-i9p093 emevuu60\">En este sentido, se ha mostrado muy optimista y amigable, Manuel tambi\u00e9n respalda que el cantante quiera estar muy presente en la vida de su hijo: <strong data-node-id=\"8.1\">\u201cBueno, claro que s\u00ed. Como debe ser\u201d, sentenciaba. <\/strong><\/p>\n<p>Un verano en familia<\/p>\n<p data-journey-content=\"true\" data-node-id=\"10\" class=\"css-i9p093 emevuu60\">A pesar de <a href=\"https:\/\/www.diezminutos.es\/famosos-corazon\/famosos-espanoles\/a65565296\/alba-diaz-vacaciones-susto-bali-instagram\/\" target=\"_blank\" data-vars-ga-outbound-link=\"https:\/\/www.diezminutos.es\/famosos-corazon\/famosos-espanoles\/a65565296\/alba-diaz-vacaciones-susto-bali-instagram\/\" data-vars-ga-ux-element=\"Hyperlink\" data-vars-ga-call-to-action=\"varios contratiempos, Manuel\" data-node-id=\"10.1\" class=\"body-link css-177bzfx emevuu60\" rel=\"nofollow noopener\">varios contratiempos, Manuel<\/a> asegura haber disfrutado de un verano muy especial rodeado de los suyos: \u201c<strong data-node-id=\"10.3\">Al estar juntos con los ni\u00f1os, para ac\u00e1 y para all\u00e1, se pasa muy bien\u201d<\/strong>, confesaba feliz, antes de volver a la rutina.<\/p>\n<p data-journey-content=\"true\" data-node-id=\"11\" class=\"css-i9p093 emevuu60\">Con la vista puesta en septiembre y en la nueva temporada, <strong data-node-id=\"11.1\">Manuel D\u00edaz se muestra agradecido y optimista<\/strong>, centrado en su familia y en seguir disfrutando de esta etapa tan plena de su vida.<\/p>\n<p><img src=\"https:\/\/www.europesays.com\/es\/wp-content\/uploads\/2025\/08\/1755906788_877_323095e3-d675-4360-ad79-c3a735f161a1_1681830139.file\" alt=\"Headshot of Aroa D\u00edaz\" title=\"Headshot of Aroa D\u00edaz\" width=\"100%\" height=\"100%\" decoding=\"async\" loading=\"lazy\" class=\"css-o0wq4v ev8dhu53\"\/><\/p>\n<p>Aroa D\u00edaz es experta en realities, televisi\u00f3n y actualidad en general. No hay momento del d\u00eda en el que no tenga encendida la televisi\u00f3n conociendo los \u00faltimos desvelos de los famosos, disfrutando de los realities como Supervivientes o de los concursos m\u00e1s rocambolescos. Las \u00faltimas novedades de los famosos del coraz\u00f3n son su perdici\u00f3n y la actualidad de las Casas Reales, su gran pasi\u00f3n. \u00a0\u00a0<\/p>\n<p>En sus ratos libres disfruta de las pel\u00edculas y series de moda, y bucea por los cat\u00e1logos de las plataformas de podcast buscando nuevas entrevistas y charlas de famosos.<\/p>\n<p>Adem\u00e1s, no ha parado de formarse en todos los aspectos convirti\u00e9ndose en una periodista 360: locuci\u00f3n, doblaje, grabaci\u00f3n de v\u00eddeo, periodismo m\u00f3vil, producci\u00f3n de podcast y SEO. Actualmente est\u00e1 form\u00e1ndose en el M\u00e1ster universitario de Periodismo y Comunicaci\u00f3n Digital: Datos y Nuevas Narrativas de la UOC.<\/p>\n<p>Graduada en periodismo por la Universidad Rey Juan Carlos, no ha parado de trabajar desde que obtuvo su t\u00edtulo all\u00e1 por el 2013. Despu\u00e9s de un breve impass en Palma de Mallorca, volvi\u00f3 a Legan\u00e9s donde arranc\u00f3 su experiencia con Legan\u00e9s Activo. En este tiempo he pasado por las redacciones de varios medios recayendo finalmente en Hearst Espa\u00f1a (Telenovela, Qu\u00e9 me dices y Diez Minutos). Tambi\u00e9n tiene experiencia en diferentes radios. \u00a0<\/p>\n","protected":false},"excerpt":{"rendered":"Las redes han ardido por la \u00faltima portada de Bert\u00edn Osborne y el cantante se ha visto obligado&hellip;\n","protected":false},"author":2,"featured_media":65778,"comment_status":"","ping_status":"","sticky":false,"template":"","format":"standard","meta":{"footnotes":""},"categories":[174],"tags":[255,253,146,147,25,24,256,23],"class_list":{"0":"post-65777","1":"post","2":"type-post","3":"status-publish","4":"format-standard","5":"has-post-thumbnail","7":"category-famosos","8":"tag-celebrities","9":"tag-discover","10":"tag-entertainment","11":"tag-entretenimiento","12":"tag-es","13":"tag-espana","14":"tag-famosos","15":"tag-spain"},"share_on_mastodon":{"url":"","error":""},"_links":{"self":[{"href":"https:\/\/www.europesays.com\/es\/wp-json\/wp\/v2\/posts\/65777","targetHints":{"allow":["GET"]}}],"collection":[{"href":"https:\/\/www.europesays.com\/es\/wp-json\/wp\/v2\/posts"}],"about":[{"href":"https:\/\/www.europesays.com\/es\/wp-json\/wp\/v2\/types\/post"}],"author":[{"embeddable":true,"href":"https:\/\/www.europesays.com\/es\/wp-json\/wp\/v2\/users\/2"}],"replies":[{"embeddable":true,"href":"https:\/\/www.europesays.com\/es\/wp-json\/wp\/v2\/comments?post=65777"}],"version-history":[{"count":0,"href":"https:\/\/www.europesays.com\/es\/wp-json\/wp\/v2\/posts\/65777\/revisions"}],"wp:featuredmedia":[{"embeddable":true,"href":"https:\/\/www.europesays.com\/es\/wp-json\/wp\/v2\/media\/65778"}],"wp:attachment":[{"href":"https:\/\/www.europesays.com\/es\/wp-json\/wp\/v2\/media?parent=65777"}],"wp:term":[{"taxonomy":"category","embeddable":true,"href":"https:\/\/www.europesays.com\/es\/wp-json\/wp\/v2\/categories?post=65777"},{"taxonomy":"post_tag","embeddable":true,"href":"https:\/\/www.europesays.com\/es\/wp-json\/wp\/v2\/tags?post=65777"}],"curies":[{"name":"wp","href":"https:\/\/api.w.org\/{rel}","templated":true}]}}