{"id":657788,"date":"2026-07-14T13:36:20","date_gmt":"2026-07-14T13:36:20","guid":{"rendered":"https:\/\/www.europesays.com\/es\/657788\/"},"modified":"2026-07-14T13:36:20","modified_gmt":"2026-07-14T13:36:20","slug":"la-aemet-activa-aviso-rojo-por-un-dia-muy-adverso-en-valencia-calor-extremo-tormentas-secas-y-reventones-termicos","status":"publish","type":"post","link":"https:\/\/www.europesays.com\/es\/657788\/","title":{"rendered":"La Aemet activa aviso rojo por un d\u00eda \u00abmuy adverso\u00bb en Valencia: calor extremo, tormentas secas y reventones t\u00e9rmicos"},"content":{"rendered":"<p class=\"ft-text\">\u00abMa\u00f1ana (mi\u00e9rcoles) va a ser un d<strong>\u00eda muy adverso<\/strong>\u00ab. Esa es la advertencia de la Agencia Estatal de Meteorolog\u00eda (Aemet) para la jornada del mi\u00e9rcoles en la provincia de Valencia, especialmente en todo el litoral, tanto en el norte como en el sur. Las previsiones meteorol\u00f3gicas llevan a la entidad a activar un<strong> aviso rojo por calor \u00abintenso y generalizado\u00bb entre las 13 y las 21 horas. <\/strong>Ser\u00e1 el tercer aviso de \u00abpeligro extraordinario\u00bb del verano en las c<a class=\"ft-link ft-link--decoration\" href=\"https:\/\/www.levante-emv.com\/comunitat-valenciana\/2026\/07\/07\/valencia-vive-manana-segundo-dia-aviso-rojo-ola-de-calor-132222003.html\" rel=\"nofollow noopener\" target=\"_blank\">omarcas del sur<\/a> y el primero para las del norte, incluyendo Val\u00e8ncia ciudad.<\/p>\n<p class=\"ft-text\">No ser\u00e1 un d\u00eda sencillo climatol\u00f3gicamente hablando porque, adem\u00e1s de las temperaturas extremas que podr\u00edan alcanzar los 42 grados en algunos puntos, habr\u00e1 otro tipo de fen\u00f3menos, como <strong>tormentas secas, reventones t\u00e9rmicos y rachas muy fuertes de viento<\/strong> de corta duraci\u00f3n. Estas podr\u00edan superar los 50 kil\u00f3metros por hora a \u00faltima hora de la tarde, seg\u00fan la Aemet. De hecho, adem\u00e1s del aviso por calor en el litoral, en el interior de la provincia se activan avisos naranja por calor -las m\u00e1ximas ser\u00e1n de 41 o 42 grados- y de nivel amarillo por tormentas. \u00abSe esperan rachas de viento muy fuertes y no se descarta granizo superior a 2 cm\u00bb, especifican desde la agencia. La inestabilidad de la atmosfera, unido a la convergencia de la brisa con el viento de poniente pueden \u00abdisparar las tormentas\u00bb. <\/p>\n<p class=\"ft-text\">El resto del territorio de la Comunitat Valenciana no se librar\u00e1 del calor, aunque el nivel de riesgo ser\u00e1 algo menor. En la provincia de Alicante, el nivel de riesgo ser\u00e1 naranja -peligro importante- y se espera que el mercurio ascienda hasta los 39 o 40 grados. En el interior sur de Castell\u00f3n, tambi\u00e9n el nivel de riesgo ser\u00e1 naranja, mientras que en el resto de la provincia ser\u00e1 amarillo con m\u00e1ximas entre 36 y 37 grados. <\/p>\n<p class=\"ft-text\">Las previsiones reflejan un \u00abascenso notable de las temperaturas m\u00e1ximas en el prelitoral y litoral central\u00bb, as\u00ed como \u00abtemperaturas significativamente elevadas en el interior y prelitorales de Valencia y Alicante\u00bb. <\/p>\n<p class=\"ft-text\">Una de las condiciones que podr\u00eda determinar la evoluci\u00f3n de las m\u00e1ximas es el <strong>viento <\/strong>porque, en general, ser\u00e1 un d\u00eda de \u00abviento de poniente flojo\u00bb, con entradas \u00abd\u00e9biles de brisa muy tard\u00edas\u00bb que, seg\u00fan la<a class=\"ft-link ft-link--decoration\" href=\"https:\/\/www.aemet.es\/es\/eltiempo\/prediccion\/espana?k=val&amp;w=11\" rel=\"nofollow noopener\" target=\"_blank\"> Aemet<\/a>, podr\u00edan suavizar algo las temperaturas. La clave ser\u00e1 el momento en que la brisa sustituya al viento de poniente: \u00abLa hora de entrada de la brisa determinar\u00e1 la temperatura m\u00e1xima en el litoral de Valencia\u00bb, esgrimen. Solo con 60 minutos de diferencia, las m\u00e1ximas pueden cambiar significativamente. \u00abUna entrada de brisa m\u00e1s tard\u00eda de las 14 horas, significar\u00eda temperaturas m\u00e1s altas y al rev\u00e9s si la brisa entra antes\u00bb.<\/p>\n<p>Calor al alza <\/p>\n<p class=\"ft-text\">La autonom\u00eda valenciana se enfrenta estos d\u00edas al cuarto episodio de calor persistente del verano, incluyendo las olas de calor de finales de junio y de la pasada semana. Desde el lunes, la Aemet ya hablaba de<strong> \u00abuna semana muy adversa, especialmente a partir del mi\u00e9rcoles<\/strong>\u00bb y una evoluci\u00f3n ascendente de la temperatura media en la Comunitat Valenciana con un nuevo pico de calor que se situar\u00e1 por encima de los m\u00e1ximos hist\u00f3ricos registrados en la serie desde 1950. <\/p>\n<p class=\"ft-text\">Este fen\u00f3meno no har\u00e1 m\u00e1s que aumentar el n\u00famero de muertes atribuibles al calor, un fen\u00f3meno que ya se ha cobrado <a class=\"ft-link ft-link--decoration\" href=\"https:\/\/www.levante-emv.com\/comunitat-valenciana\/2026\/07\/13\/segunda-ola-calor-cobra-10-muertes-por-calor-diario-132403985.html\" rel=\"nofollow noopener\" target=\"_blank\">una media de 10 vidas diarias en la Comunitat Valenciana<\/a> y que acumula 179 decesos este verano. M\u00e1s de la mitad de ellos, 104, en la \u00faltima semana como consecuencia de la \u00faltima ola de calor del verano.<\/p>\n","protected":false},"excerpt":{"rendered":"\u00abMa\u00f1ana (mi\u00e9rcoles) va a ser un d\u00eda muy adverso\u00ab. Esa es la advertencia de la Agencia Estatal de&hellip;\n","protected":false},"author":2,"featured_media":657789,"comment_status":"","ping_status":"","sticky":false,"template":"","format":"standard","meta":{"footnotes":""},"categories":[8],"tags":[13264,2980,2977,17,18,4922,25,24,13,14,11,19,20,120306,9,10,15,16,1374,2978,23,12,21,22],"class_list":["post-657788","post","type-post","status-publish","format-standard","has-post-thumbnail","category-espana","tag-activa","tag-aemet","tag-aviso","tag-breaking-news","tag-breakingnews","tag-calor","tag-es","tag-espana","tag-featured-news","tag-featurednews","tag-headlines","tag-latest-news","tag-latestnews","tag-litoral-valencia","tag-news","tag-noticias","tag-noticias-destacadas","tag-noticiasdestacadas","tag-ola-de-calor","tag-rojo","tag-spain","tag-titulares","tag-ultimas-noticias","tag-ultimasnoticias"],"share_on_mastodon":{"url":"https:\/\/pubeurope.com\/@es\/116918602208556614","error":""},"_links":{"self":[{"href":"https:\/\/www.europesays.com\/es\/wp-json\/wp\/v2\/posts\/657788","targetHints":{"allow":["GET"]}}],"collection":[{"href":"https:\/\/www.europesays.com\/es\/wp-json\/wp\/v2\/posts"}],"about":[{"href":"https:\/\/www.europesays.com\/es\/wp-json\/wp\/v2\/types\/post"}],"author":[{"embeddable":true,"href":"https:\/\/www.europesays.com\/es\/wp-json\/wp\/v2\/users\/2"}],"replies":[{"embeddable":true,"href":"https:\/\/www.europesays.com\/es\/wp-json\/wp\/v2\/comments?post=657788"}],"version-history":[{"count":0,"href":"https:\/\/www.europesays.com\/es\/wp-json\/wp\/v2\/posts\/657788\/revisions"}],"wp:featuredmedia":[{"embeddable":true,"href":"https:\/\/www.europesays.com\/es\/wp-json\/wp\/v2\/media\/657789"}],"wp:attachment":[{"href":"https:\/\/www.europesays.com\/es\/wp-json\/wp\/v2\/media?parent=657788"}],"wp:term":[{"taxonomy":"category","embeddable":true,"href":"https:\/\/www.europesays.com\/es\/wp-json\/wp\/v2\/categories?post=657788"},{"taxonomy":"post_tag","embeddable":true,"href":"https:\/\/www.europesays.com\/es\/wp-json\/wp\/v2\/tags?post=657788"}],"curies":[{"name":"wp","href":"https:\/\/api.w.org\/{rel}","templated":true}]}}