{"id":657912,"date":"2026-07-14T15:14:17","date_gmt":"2026-07-14T15:14:17","guid":{"rendered":"https:\/\/www.europesays.com\/es\/657912\/"},"modified":"2026-07-14T15:14:17","modified_gmt":"2026-07-14T15:14:17","slug":"los-lefebvrianos-desafian-de-nuevo-al-vaticano-y-buscan-suspender-los-efectos-del-decreto-de-cisma","status":"publish","type":"post","link":"https:\/\/www.europesays.com\/es\/657912\/","title":{"rendered":"Los lefebvrianos desaf\u00edan de nuevo al Vaticano y buscan suspender los efectos del decreto de cisma"},"content":{"rendered":"<p>                                    <img decoding=\"async\" loading=\"lazy\" src=\"https:\/\/www.europesays.com\/es\/wp-content\/uploads\/2026\/07\/68cd8fba0b451.jpeg\" alt=\"Redacci\u00f3n REL\" width=\"40\" height=\"40\" data-full-src=\"https:\/\/www.europesays.com\/es\/wp-content\/uploads\/2026\/07\/68cd8fba0b451.jpeg\"\/><\/p>\n<p class=\"paragraph\">La Fraternidad Sacerdotal San P\u00edo X (FSSPX) ha presentado un recurso ante el Vaticano <b>para frenar los efectos del decreto que la declar\u00f3 en cisma<\/b> tras la consagraci\u00f3n il\u00edcita de cuatro obispos sin autorizaci\u00f3n del Papa.\u00a0<\/p>\n<p class=\"paragraph\">El recurso, registrado el 11 de julio ante el Dicasterio para la Doctrina de la Fe, <b>llega nueve d\u00edas despu\u00e9s de la declaraci\u00f3n oficial de ruptura<\/b> y abre un nuevo episodio en una tensi\u00f3n que se ha intensificado desde las ordenaciones episcopales celebradas en \u00c9c\u00f4ne (Suiza).<\/p>\n<p>Un recurso con efecto suspensivo<\/p>\n<p class=\"paragraph\">Seg\u00fan el comunicado difundido por la fraternidad, el recurso se acoge al canon 1353 del C\u00f3digo de Derecho Can\u00f3nico, que establece que toda apelaci\u00f3n contra un decreto que impone o declara una pena tiene efecto suspensivo mientras se estudia el caso. La FSSPX afirma que ejerce \u00abel derecho que la Iglesia reconoce a toda persona que se considere perjudicada por un acto administrativo\u00bb, <b>insistiendo en su \u00abrespeto hacia la autoridad eclesi\u00e1stica\u00bb y su deseo de actuar \u00abpor el bien de la Iglesia\u00bb<\/b>.<\/p>\n<p class=\"paragraph\">Este paso es, seg\u00fan la fraternidad, <b>el requisito previo antes de presentar un recurso jer\u00e1rquico de mayor alcance<\/b>. Mientras tanto, la ejecuci\u00f3n del decreto queda temporalmente suspendida.<\/p>\n<p class=\"paragraph\">El recurso sigue a la carta enviada el 3 de julio al Papa Le\u00f3n XIV, en la que la FSSPX rechaz\u00f3 las excomuniones decretadas tras las consagraciones episcopales, <b>calific\u00e1ndolas de \u00abobjetivamente injustas e inv\u00e1lidas\u00bb<\/b>.\u00a0<\/p>\n<p class=\"paragraph\">En esa misiva, el superior general, P. Davide Pagliarani, defendi\u00f3 las ordenaciones <b>como una \u00abiniciativa extrema de socorro de las almas\u00bb <\/b>ante lo que consideran una crisis doctrinal en la Iglesia.<\/p>\n<p class=\"paragraph\">La declaraci\u00f3n de cisma por parte del Vaticano lleg\u00f3 despu\u00e9s de que la fraternidad<b> ordenara a cuatro nuevos obispos sin mandato pontificio<\/b>, pese a las advertencias del Papa y de la Santa Sede.\u00a0<\/p>\n<p class=\"paragraph\">El decreto calific\u00f3 la ceremonia como un \u00abacto cism\u00e1tico\u00bb y confirm\u00f3 <b>la excomuni\u00f3n autom\u00e1tica de los seis obispos implicados<\/b>, incluidos Alfonso de Galarreta y Bernard Fellay, que actuaron como consagrantes.<\/p>\n<p class=\"paragraph\">Adem\u00e1s, el Vaticano declar\u00f3 inv\u00e1lidos los sacramentos de confesi\u00f3n y matrimonio administrados por los sacerdotes de la fraternidad, advirtiendo a los fieles de que <b>adherirse formalmente al grupo podr\u00eda implicar tambi\u00e9n la excomuni\u00f3n<\/b>.<\/p>\n<p>\u00bfQui\u00e9nes son los lefebvrianos?<\/p>\n<p class=\"paragraph\">Fundada en 1970 por el arzobispo franc\u00e9s Marcel Lefebvre, la FSSPX naci\u00f3 como reacci\u00f3n a las reformas del Concilio Vaticano II, especialmente en materia de liturgia, ecumenismo y libertad religiosa. <b>Lefebvre fue excomulgado en 1988 tras consagrar a cuatro obispos sin permiso de San Juan Pablo II<\/b>, aunque las sanciones fueron levantadas en 2009 por Benedicto XVI en un intento de reconciliaci\u00f3n.<\/p>\n<p class=\"paragraph\">Hoy, la fraternidad <b>cuenta con 733 sacerdotes y presencia en m\u00e1s de 60 pa\u00edses<\/b>, manteniendo la misa tradicional en lat\u00edn y una postura cr\u00edtica frente a la ense\u00f1anza conciliar.<\/p>\n<p class=\"paragraph\">Mientras el recurso sigue su curso, la FSSPX ha pedido a los fieles que acompa\u00f1en el proceso con oraci\u00f3n. El Vaticano, por su parte, <b>ha reiterado su \u00abprofundo dolor\u00bb por unas ordenaciones que \u00abrompen la unidad\u00bb<\/b> y ha publicado protocolos para facilitar el retorno de sacerdotes y laicos que deseen abandonar el grupo.<\/p>\n<p>            <a href=\"#\" title=\"\"><\/p>\n<p>                    <img loading=\"lazy\" decoding=\"async\" width=\"140\" height=\"140\" alt=\"Ordenaci\u00f3n il\u00edcita de Obispos\" src=\"https:\/\/imagenes.religionenlibertad.com\/files\/related_image\/uploads\/2026\/07\/02\/6a467f8b8c9ce.jpeg\" data-full-src=\"https:\/\/www.europesays.com\/es\/wp-content\/uploads\/2026\/07\/6a467f8b8c9ce.jpeg\"\/><\/p>\n<p>            <\/a><\/p>\n<p class=\"paragraph\">La crisis contin\u00faa abierta, y el recurso presentado marca un nuevo cap\u00edtulo<b> en una relaci\u00f3n marcada por d\u00e9cadas de tensiones<\/b>, intentos de di\u00e1logo y rupturas sucesivas.<\/p>\n","protected":false},"excerpt":{"rendered":"La Fraternidad Sacerdotal San P\u00edo X (FSSPX) ha presentado un recurso ante el Vaticano para frenar los efectos&hellip;\n","protected":false},"author":2,"featured_media":657913,"comment_status":"","ping_status":"","sticky":false,"template":"","format":"standard","meta":{"footnotes":""},"categories":[42],"tags":[17,18,38505,13,14,11,61,62,63,64,19,20,9,10,15,16,12,21,22,403,65,66,67],"class_list":["post-657912","post","type-post","status-publish","format-standard","has-post-thumbnail","category-internacional","tag-breaking-news","tag-breakingnews","tag-el-vaticano","tag-featured-news","tag-featurednews","tag-headlines","tag-internacional","tag-international","tag-international-news","tag-internationalnews","tag-latest-news","tag-latestnews","tag-news","tag-noticias","tag-noticias-destacadas","tag-noticiasdestacadas","tag-titulares","tag-ultimas-noticias","tag-ultimasnoticias","tag-vaticano","tag-world","tag-world-news","tag-worldnews"],"share_on_mastodon":{"url":"https:\/\/pubeurope.com\/@es\/116918988388550681","error":""},"_links":{"self":[{"href":"https:\/\/www.europesays.com\/es\/wp-json\/wp\/v2\/posts\/657912","targetHints":{"allow":["GET"]}}],"collection":[{"href":"https:\/\/www.europesays.com\/es\/wp-json\/wp\/v2\/posts"}],"about":[{"href":"https:\/\/www.europesays.com\/es\/wp-json\/wp\/v2\/types\/post"}],"author":[{"embeddable":true,"href":"https:\/\/www.europesays.com\/es\/wp-json\/wp\/v2\/users\/2"}],"replies":[{"embeddable":true,"href":"https:\/\/www.europesays.com\/es\/wp-json\/wp\/v2\/comments?post=657912"}],"version-history":[{"count":0,"href":"https:\/\/www.europesays.com\/es\/wp-json\/wp\/v2\/posts\/657912\/revisions"}],"wp:featuredmedia":[{"embeddable":true,"href":"https:\/\/www.europesays.com\/es\/wp-json\/wp\/v2\/media\/657913"}],"wp:attachment":[{"href":"https:\/\/www.europesays.com\/es\/wp-json\/wp\/v2\/media?parent=657912"}],"wp:term":[{"taxonomy":"category","embeddable":true,"href":"https:\/\/www.europesays.com\/es\/wp-json\/wp\/v2\/categories?post=657912"},{"taxonomy":"post_tag","embeddable":true,"href":"https:\/\/www.europesays.com\/es\/wp-json\/wp\/v2\/tags?post=657912"}],"curies":[{"name":"wp","href":"https:\/\/api.w.org\/{rel}","templated":true}]}}