{"id":657914,"date":"2026-07-14T15:15:14","date_gmt":"2026-07-14T15:15:14","guid":{"rendered":"https:\/\/www.europesays.com\/es\/657914\/"},"modified":"2026-07-14T15:15:14","modified_gmt":"2026-07-14T15:15:14","slug":"los-encierros-de-toros-de-la-fiesta-espanola-de-san-fermin-dejan-57-heridos-cuatro-corneados","status":"publish","type":"post","link":"https:\/\/www.europesays.com\/es\/657914\/","title":{"rendered":"Los encierros de toros de la fiesta espa\u00f1ola de San Ferm\u00edn dejan 57 heridos, cuatro corneados"},"content":{"rendered":"<p>    <img src=\"https:\/\/www.europesays.com\/es\/wp-content\/uploads\/2026\/07\/2026-07-14T123A323A04Z-91744498.jpg\" width=\"1024\" height=\"682\" alt=\"\" loading=\"eager\" decoding=\"sync\" fetchpriority=\"high\"\/><\/p>\n<p>            afp_tickers        <\/p>\n<p>        Este contenido fue publicado en    <\/p>\n<p>        14 julio 2026 &#8211; 14:32\n<\/p>\n<p>Los encierros de toros de las conocidas fiestas de San Ferm\u00edn en Pamplona, en el norte de Espa\u00f1a, dejaron 57 heridos, cuatro de ellos corneados, indic\u00f3 este martes el gobierno regional en un recuento provisional.<\/p>\n<p>Los encierros son el momento m\u00e1s esperado de las fiestas, cuando cientos de corredores, ataviados con la tradicional ropa blanca y pa\u00f1uelo rojo al cuello, acompa\u00f1an a los toros de m\u00e1s de 500 kilos que recorren r\u00e1pidamente m\u00e1s de 800 metros por las calles de Pamplona, todas las ma\u00f1anas durante ocho d\u00edas a las 08H00 (06H00 GMT).<\/p>\n<p>Suelen sufrir heridas varios de los osados corredores, principalmente traumatismos por ca\u00eddas y pisotones de los animales, pero algunos son corneados por los toros, y en el pasado ha habido fallecidos.<\/p>\n<p>En los encierros de este a\u00f1o se registraron en total 57 heridos, cuatro de ellos por asta de toro, y el resto mayoritariamente por traumatismos y contusiones, seg\u00fan las cifras provisionales del Gobierno regional de Navarra, donde se encuentra Pamplona.<\/p>\n<p>Cinco de los heridos son extranjeros: dos brit\u00e1nicos, un australiano, un estadounidense y un alem\u00e1n, este \u00faltimo por cornada en el brazo izquierdo.<\/p>\n<p>Todos los afectados han sido dados de alta, salvo cuatro, que siguen hospitalizados, sin tener en cuenta los ingresados este martes, agreg\u00f3 el Gobierno navarro.<\/p>\n<p>Cualquier persona de m\u00e1s de 18 a\u00f1os puede participar en la carrera, pero las autoridades no dejan de advertir del peligro, en una tradici\u00f3n que ha dejado al menos 16 muertos desde 1911, el \u00faltimo en 2009.<\/p>\n<p>Los Sanfermines arrancan el 6 de julio con el lanzamiento de un cohete desde el Ayuntamiento, \u00abel chupinazo\u00bb, y concluyen el 14 de julio, atrayendo a cientos de miles de personas de medio mundo a esta fiesta de baile, m\u00fasica, alcohol y toros que no cesa las 24 horas del d\u00eda.<\/p>\n<p>A su popularidad mundial contribuy\u00f3 el escritor estadounidense Ernest Hemingway, asiduo asistente, con su novela \u00abFiesta\u00bb (\u00abThe Sun Also Rises\u00bb), de 1926.<\/p>\n<p>pho-du\/mig\/hgs<\/p>\n","protected":false},"excerpt":{"rendered":"afp_tickers Este contenido fue publicado en 14 julio 2026 &#8211; 14:32 Los encierros de toros de las conocidas&hellip;\n","protected":false},"author":2,"featured_media":657915,"comment_status":"","ping_status":"","sticky":false,"template":"","format":"standard","meta":{"footnotes":""},"categories":[8],"tags":[17,18,373,5797,26628,120334,25,24,13,14,43773,11,19,20,9,10,15,16,23,3020,90,12,21,22],"class_list":["post-657914","post","type-post","status-publish","format-standard","has-post-thumbnail","category-espana","tag-breaking-news","tag-breakingnews","tag-bullfighting","tag-culture","tag-culture-general","tag-customs-and-tradition","tag-es","tag-espana","tag-featured-news","tag-featurednews","tag-festive-event-including-carnival","tag-headlines","tag-latest-news","tag-latestnews","tag-news","tag-noticias","tag-noticias-destacadas","tag-noticiasdestacadas","tag-spain","tag-sport","tag-ticker","tag-titulares","tag-ultimas-noticias","tag-ultimasnoticias"],"share_on_mastodon":{"url":"https:\/\/pubeurope.com\/@es\/116918991294406609","error":""},"_links":{"self":[{"href":"https:\/\/www.europesays.com\/es\/wp-json\/wp\/v2\/posts\/657914","targetHints":{"allow":["GET"]}}],"collection":[{"href":"https:\/\/www.europesays.com\/es\/wp-json\/wp\/v2\/posts"}],"about":[{"href":"https:\/\/www.europesays.com\/es\/wp-json\/wp\/v2\/types\/post"}],"author":[{"embeddable":true,"href":"https:\/\/www.europesays.com\/es\/wp-json\/wp\/v2\/users\/2"}],"replies":[{"embeddable":true,"href":"https:\/\/www.europesays.com\/es\/wp-json\/wp\/v2\/comments?post=657914"}],"version-history":[{"count":0,"href":"https:\/\/www.europesays.com\/es\/wp-json\/wp\/v2\/posts\/657914\/revisions"}],"wp:featuredmedia":[{"embeddable":true,"href":"https:\/\/www.europesays.com\/es\/wp-json\/wp\/v2\/media\/657915"}],"wp:attachment":[{"href":"https:\/\/www.europesays.com\/es\/wp-json\/wp\/v2\/media?parent=657914"}],"wp:term":[{"taxonomy":"category","embeddable":true,"href":"https:\/\/www.europesays.com\/es\/wp-json\/wp\/v2\/categories?post=657914"},{"taxonomy":"post_tag","embeddable":true,"href":"https:\/\/www.europesays.com\/es\/wp-json\/wp\/v2\/tags?post=657914"}],"curies":[{"name":"wp","href":"https:\/\/api.w.org\/{rel}","templated":true}]}}