{"id":657933,"date":"2026-07-14T15:32:16","date_gmt":"2026-07-14T15:32:16","guid":{"rendered":"https:\/\/www.europesays.com\/es\/657933\/"},"modified":"2026-07-14T15:32:16","modified_gmt":"2026-07-14T15:32:16","slug":"de-jong-podria-sufrir-una-lesion-de-rodilla","status":"publish","type":"post","link":"https:\/\/www.europesays.com\/es\/657933\/","title":{"rendered":"\u00a1De Jong podr\u00eda sufrir una lesi\u00f3n de rodilla!"},"content":{"rendered":"<p class=\"ft-text\">Saltan las alarmas en la Ciutat Esportiva Joan Gamper.  <strong>Frenkie de Jong podr\u00eda sufrir una lesi\u00f3n importante de rodilla<\/strong> tras su participaci\u00f3n en el Mundial de Estados Unidos, M\u00e9xico y Canad\u00e1 con la selecci\u00f3n neerlandesa y podr\u00eda estar varios meses de baja. El centrocampista <strong>regres\u00f3 con molestias de tierras americanas<\/strong> y, a falta de la confirmaci\u00f3n por parte del club, todo apunta a que se perder\u00e1 los primeros partidos de la temporada 2026\/27 e, incluso, podr\u00eda estar de tres a cuatro meses de baja, seg\u00fan avanz\u00f3 &#8216;Marca&#8217; y &#8216;Sport&#8217; pudo confirmar.<\/p>\n<p class=\"ft-text\">Aunque ten\u00edan unos d\u00edas m\u00e1s de vacaciones, <strong>Ronald Araujo<\/strong> y <strong>Frenkie de Jong<\/strong> <a class=\"ft-link ft-link--decoration\" href=\"https:\/\/www.sport.es\/es\/noticias\/barca\/sido-primer-dia-pretemporada-barca-132403844\" rel=\"nofollow noopener\" target=\"_blank\">acudieron este lunes a las instalaciones blaugranas<\/a> para someterse a pruebas m\u00e9dicas, el primero por la lesi\u00f3n que le impidi\u00f3 jugar con Uruguay a pesar de estar convocado para el Mundial y el segundo porque regres\u00f3 del mismo sin estar al 100%. Los ex\u00e1menes fueron tranquilizadores con el central, que se reincorporar\u00e1 al grupo el pr\u00f3ximo 20 de julio, pero no con el holand\u00e9s.<\/p>\n<p class=\"ft-text\">En las pr\u00f3ximas horas, De Jong se someter\u00e1 a m\u00e1s pruebas para determinar el alcance de una lesi\u00f3n que <strong>le podr\u00eda apartar varios meses de los terrenos de juego<\/strong>. Siempre pendientes de que los an\u00e1lisis de los servicios m\u00e9dicos del Bar\u00e7a elaboren un diagn\u00f3stico definitivo, el neerland\u00e9s podr\u00eda estar en el dique seco hasta despu\u00e9s del primer par\u00f3n de selecciones, fijado entre el lunes 21 de septiembre y el 6 de octubre. Las perspectivas no son nada halag\u00fce\u00f1as tras las primeras exploraciones.<\/p>\n<p>Preocupaci\u00f3n m\u00e1xima<\/p>\n<p class=\"ft-text\">Desde la entidad cul\u00e9 <strong>se admite la preocupaci\u00f3n con el estado f\u00edsico del &#8217;21&#8217; tras la revisi\u00f3n de este lunes, pero no habr\u00e1 comunicaci\u00f3n oficial hasta que las pruebas determinen qu\u00e9 sufre exactamente<\/strong>. Cabe recordar que en SPORT ya recogimos las informaciones de algunos medios de comunicaci\u00f3n de Pa\u00edses Bajos que aseguraron que el ex del Ajax <a class=\"ft-link ft-link--decoration\" href=\"https:\/\/www.sport.es\/es\/noticias\/barca\/frenkie-jong-acabo-mundial-tocado-132117190\" rel=\"nofollow noopener\" target=\"_blank\">jug\u00f3 los dos \u00faltimos partidos de la Copa del Mundo con dolor en la rodilla derecha, por lo que tuvo que infiltrarse<\/a>. Se forz\u00f3 al jugador para que pudiera participar con Holanda en el Mundial y ha acabado rompi\u00e9ndose. En el Bar\u00e7a hay mucho malestar por la gesti\u00f3n que se ha hecho de esta lesi\u00f3n en la rodilla por parte de su selecci\u00f3n nacional.<\/p>\n<p class=\"ft-text\">Si se confirma este contratiempo, Frenkie se a\u00f1adir\u00e1 a una enfermer\u00eda en la que se encuentra otro centrocampista fundamental en el esquema de Hansi Flick: <strong>Ferm\u00edn L\u00f3pez<\/strong>. El futbolista de El Campillo <a class=\"ft-link ft-link--decoration\" href=\"https:\/\/www.sport.es\/es\/noticias\/barca\/regreso-esperado-fermin-lopez-entrena-132228534\" rel=\"nofollow noopener\" target=\"_blank\">sufri\u00f3 una fractura en el quinto metatarsiano del pie derecho a finales del curso pasado<\/a> y no est\u00e1 jugando el Mundial con Espa\u00f1a, pero est\u00e1 en la <strong>recta final de su recuperaci\u00f3n<\/strong> y la idea es que a finales de julio pueda ejercitarse al mismo ritmo que sus compa\u00f1eros para llegar en forma al inicio de la campa\u00f1a.<\/p>\n<p class=\"ft-text\">De Jong sigue en Barcelona a la espera de los resultados finales, pero ya se temen una baja de larga duraci\u00f3n. Lo que parece claro es que se perder\u00e1 la pretemporada y podr\u00eda no volver a competir hasta octubre, ya que deber\u00e1 recuperarse y, luego, coger ritmo de comeptici\u00f3n. Un problema para Hansi Flick en el arranque de la temporada.<\/p>\n","protected":false},"excerpt":{"rendered":"Saltan las alarmas en la Ciutat Esportiva Joan Gamper. Frenkie de Jong podr\u00eda sufrir una lesi\u00f3n importante de&hellip;\n","protected":false},"author":2,"featured_media":657934,"comment_status":"","ping_status":"","sticky":false,"template":"","format":"standard","meta":{"footnotes":""},"categories":[93],"tags":[168,25,24,881,34349,12050,13619,8252,10785,23,167,18389],"class_list":["post-657933","post","type-post","status-publish","format-standard","has-post-thumbnail","category-deportes","tag-deportes","tag-es","tag-espana","tag-fc-barcelona","tag-frenkie-de-jong","tag-grave","tag-jong","tag-lesion","tag-rodilla","tag-spain","tag-sports","tag-sufrir"],"share_on_mastodon":{"url":"https:\/\/pubeurope.com\/@es\/116919058112610463","error":""},"_links":{"self":[{"href":"https:\/\/www.europesays.com\/es\/wp-json\/wp\/v2\/posts\/657933","targetHints":{"allow":["GET"]}}],"collection":[{"href":"https:\/\/www.europesays.com\/es\/wp-json\/wp\/v2\/posts"}],"about":[{"href":"https:\/\/www.europesays.com\/es\/wp-json\/wp\/v2\/types\/post"}],"author":[{"embeddable":true,"href":"https:\/\/www.europesays.com\/es\/wp-json\/wp\/v2\/users\/2"}],"replies":[{"embeddable":true,"href":"https:\/\/www.europesays.com\/es\/wp-json\/wp\/v2\/comments?post=657933"}],"version-history":[{"count":0,"href":"https:\/\/www.europesays.com\/es\/wp-json\/wp\/v2\/posts\/657933\/revisions"}],"wp:featuredmedia":[{"embeddable":true,"href":"https:\/\/www.europesays.com\/es\/wp-json\/wp\/v2\/media\/657934"}],"wp:attachment":[{"href":"https:\/\/www.europesays.com\/es\/wp-json\/wp\/v2\/media?parent=657933"}],"wp:term":[{"taxonomy":"category","embeddable":true,"href":"https:\/\/www.europesays.com\/es\/wp-json\/wp\/v2\/categories?post=657933"},{"taxonomy":"post_tag","embeddable":true,"href":"https:\/\/www.europesays.com\/es\/wp-json\/wp\/v2\/tags?post=657933"}],"curies":[{"name":"wp","href":"https:\/\/api.w.org\/{rel}","templated":true}]}}