{"id":658003,"date":"2026-07-14T16:26:15","date_gmt":"2026-07-14T16:26:15","guid":{"rendered":"https:\/\/www.europesays.com\/es\/658003\/"},"modified":"2026-07-14T16:26:15","modified_gmt":"2026-07-14T16:26:15","slug":"los-lefebvrianos-recurren-su-excomunion-sin-mostrar-arrepentimiento","status":"publish","type":"post","link":"https:\/\/www.europesays.com\/es\/658003\/","title":{"rendered":"Los lefebvrianos recurren su excomuni\u00f3n sin mostrar arrepentimiento"},"content":{"rendered":"<p style=\"\">La Fraternidad Sacerdotal San P\u00edo X ha presentado este lunes un recurso administrativo contra el <a href=\"https:\/\/www.abc.es\/podcast\/hombre-enfrento-papa-20260714020532-aud.html\" target=\"_self\" data-voc-vtm-id=\"in-text-traffic\" data-mrf-link=\"www.abc.es\" rel=\"nofollow noopener\">decreto de excomuni\u00f3n<\/a> dictado por el Vaticano tras las ordenaciones episcopales il\u00edcitas del pasado 1 de julio en \u00c9c\u00f4ne. Los lefebvrianos, sin mostrar el m\u00e1s m\u00ednimo arrepentimiento por haber  &#8230; actuado <strong>contra la voluntad<\/strong> expresa del Papa Le\u00f3n XIV, interpretan que la presentaci\u00f3n del recurso supone la suspensi\u00f3n de la ejecuci\u00f3n del decreto.<\/p>\n<p class=\"v-d-p\" style=\"\"><a href=\"https:\/\/www.abc.es\/sociedad\/espanol-desafia-papa-ordena-cuatro-obispos-lefebvrianos-20260701112101-nt.html\" target=\"_blank\" data-voc-vtm-id=\"in-text-traffic\" data-mrf-link=\"www.abc.es\" rel=\"nofollow noopener\">La ordenaci\u00f3n de cuatro obispos sin mandato papal<\/a> ha aportado una inusitada notoriedad a este grupo tradicionalista rebelde. Su estrategia comunicativa es responsabilizar a Roma de la excomuni\u00f3n, aunque lo cierto es que \u00e9sta es efecto directo (&#8216;latae sententiae&#8217;) de la ordenaci\u00f3n episcopal. <\/p>\n<p class=\"v-d-p\" style=\"\">Expertos en Derecho Can\u00f3nico citados por la agencia iMedia precisan que la suspensi\u00f3n del decreto no significa necesariamente la suspensi\u00f3n de la pena, que fue \u00abautom\u00e1tica\u00bb, \u00abdebido a la certeza de los hechos imputados\u00bb.<\/p>\n<ul class=\"v-cmp-rld__u\">\n<li class=\"v-cmp-rld__l\">\n<p><a class=\"v-a-lnk\" href=\"http:\/\/www.abc.es\/sociedad\/vaticano-confirma-oficialmente-cisma-lefebvriano-20260702102645-nt.html#vtm_modulosEngag=noticiasrelacionadas-cmp-uno:sociedad:noticia:1\" data-voc-vtm-id=\"in-text-traffic\" rel=\"nofollow noopener\" target=\"_blank\"><br \/>\n<img decoding=\"async\" loading=\"lazy\" src=\"https:\/\/www.europesays.com\/es\/wp-content\/uploads\/2026\/07\/1514116064-U20609936686JWE-U75046752407YQp-366x256@diario_abc.jpg\" class=\"v-a-img\" width=\"258\" height=\"180\" alt=\"El Vaticano confirma oficialmente el cisma lefebvriano\"\/><br \/>\n<\/a><\/p>\n<\/li>\n<\/ul>\n<p class=\"v-d-p\" style=\"\">La <strong>excomuni\u00f3n<\/strong> no fue una medida para castigar sus ideas, como sus duras condenas al Concilio Vaticano II o su rechazo del ritual de la misa promulgado por Pablo VI que actualmente se sigue en la mayor\u00eda de las parroquias cat\u00f3licas. <a href=\"https:\/\/www.abc.es\/sociedad\/papa-escribe-lefebvrianos-pide-detengan-cisma-20260630114026-nt.html\" target=\"_blank\" data-voc-vtm-id=\"in-text-traffic\" data-mrf-link=\"www.abc.es\" rel=\"nofollow noopener\">El decreto de cisma era una constataci\u00f3n de que hab\u00edan cometido un \u00abdelito cism\u00e1tico\u00bb<\/a> y una puntualizaci\u00f3n sobre su alcance, pues se precisaba que adem\u00e1s de a los obispos implicados, tambi\u00e9n los sacerdotes y laicos que se adher\u00edan a este gesto cism\u00e1tico \u00abincurrir\u00edan &#8216;ipso facto&#8217; en la pena de excomuni\u00f3n latae sententiae\u00bb.<\/p>\n<p>\nSin arrepentimiento\n<\/p>\n<p class=\"v-d-p\" style=\"\">La Fraternidad Sacerdotal San P\u00edo X, nombre oficial de los lefebvrianos, anunci\u00f3 este lunes que <a href=\"https:\/\/www.abc.es\/sociedad\/vaticano-confirma-excomunion-consagrantes-nuevos-obispos-lefebvrianos-20260702123634-nt.html\" target=\"_blank\" data-voc-vtm-id=\"in-text-traffic\" data-mrf-link=\"www.abc.es\" rel=\"nofollow noopener\">hab\u00eda presentado un \u00abrecurso preliminar\u00bb<\/a> ante el Dicasterio para la Doctrina de la Fe, y cit\u00f3 los c\u00e1nones 1734 y siguientes del C\u00f3digo de Derecho Can\u00f3nico. Curiosamente, ese c\u00f3digo es de 1983 y fue actualizado para que asumiera los principios del Concilio Vaticano II que ellos rechazan. <\/p>\n<p class=\"v-d-p\" style=\"\">El art\u00edculo que citan se engloba dentro del \u00abrecurso contra decretos administrativos\u00bb y establece que \u00abantes de interponer recurso, el interesado debe solicitar a su autor por escrito la revocaci\u00f3n o enmienda del decreto; hecha esta petici\u00f3n, se considera solicitada autom\u00e1ticamente tambi\u00e9n la suspensi\u00f3n de la ejecuci\u00f3n del decreto\u00bb. Lo han presentado en el \u00faltimo d\u00eda v\u00e1lido, pues ten\u00edan diez d\u00edas para hacerlo. <\/p>\n<p class=\"v-d-p\" style=\"\">El Dicasterio para la Doctrina de la Fe tiene hasta 30 d\u00edas para responder, pero puede optar por no hacerlo. En ese caso, a partir del 11 de agosto tendr\u00e1n otros diez d\u00edas para presentar el recurso directamente al Papa. Ellos mismos avisan que si no se revoca la excomuni\u00f3n y <a href=\"https:\/\/www.abc.es\/sociedad\/vaticano-confirma-oficialmente-cisma-lefebvriano-20260702102645-nt.html\" target=\"_blank\" data-voc-vtm-id=\"in-text-traffic\" data-mrf-link=\"www.abc.es\" rel=\"nofollow noopener\">el decreto que declara el cisma<\/a>, interpondr\u00e1n un \u00abrecurso jer\u00e1rquico\u00bb. Se trata de recurrir al superior jer\u00e1rquico del Dicasterio de la Doctrina de la Fe, en este caso el Papa Le\u00f3n XIV al que desobedecieron. <\/p>\n<p>\nApelar\u00e1n al Papa si Roma no cede\n<\/p>\n<p class=\"v-d-p\" style=\"\">\u00abQuien se considera perjudicado por un decreto, puede recurrir por cualquier motivo justo al Superior jer\u00e1rquico de quien emiti\u00f3 el decreto; el recurso puede interponerse ante el mismo autor del decreto quien inmediatamente debe transmitirlo al competente Superior jer\u00e1rquico\u00bb, establece el Derecho Can\u00f3nico. Tambi\u00e9n recuerdan en un comunicado que la presentaci\u00f3n del recurso \u00abtiene por efecto suspender la ejecuci\u00f3n del decreto\u00bb.<\/p>\n<p class=\"v-d-p\" style=\"\">Como en todas sus intervenciones previas, no faltan las buenas palabras. \u00abMediante este recurso, la Fraternidad desea ejercer el derecho que la Iglesia reconoce a toda persona que se considere perjudicada por un acto administrativo de solicitar su rectificaci\u00f3n, con esp\u00edritu de respeto hacia la autoridad eclesi\u00e1stica y de fiel adhesi\u00f3n a la justicia, a la verdad y al<strong> bien de la Iglesia<\/strong>\u00bb, declaran. \u00abLa Fraternidad Sacerdotal San P\u00edo X pone esta solicitud en manos de las autoridades competentes y encomienda este procedimiento a las oraciones de todos los fieles\u00bb, concluyen.<\/p>\n<p class=\"v-d-p\" style=\"\">El comunicado no lleva firma personal: se atribuye a la \u00abCasa Generalicia\u00bb de la Fraternidad Sacerdotal San P\u00edo X, con sede en la ciudad suiza de Menzingen, sede que la Fraternidad emplea ahora para despersonalizar sus comunicaciones con la Santa Sede. All\u00ed llegar\u00e1 muy pronto la respuesta de Roma. Aunque lo cierto es que no hay se\u00f1ales de que los lefebvrianos hayan comprendido la gravedad de lo ocurrido. <\/p>\n","protected":false},"excerpt":{"rendered":"La Fraternidad Sacerdotal San P\u00edo X ha presentado este lunes un recurso administrativo contra el decreto de excomuni\u00f3n&hellip;\n","protected":false},"author":2,"featured_media":658004,"comment_status":"","ping_status":"","sticky":false,"template":"","format":"standard","meta":{"footnotes":""},"categories":[42],"tags":[76055,17,18,61903,13,14,11,61,62,63,64,19,20,82741,25803,9,10,15,16,85446,12,21,22,65,66,67],"class_list":["post-658003","post","type-post","status-publish","format-standard","has-post-thumbnail","category-internacional","tag-arrepentimiento","tag-breaking-news","tag-breakingnews","tag-excomunion","tag-featured-news","tag-featurednews","tag-headlines","tag-internacional","tag-international","tag-international-news","tag-internationalnews","tag-latest-news","tag-latestnews","tag-lefebvrianos","tag-mostrar","tag-news","tag-noticias","tag-noticias-destacadas","tag-noticiasdestacadas","tag-recurren","tag-titulares","tag-ultimas-noticias","tag-ultimasnoticias","tag-world","tag-world-news","tag-worldnews"],"share_on_mastodon":{"url":"https:\/\/pubeurope.com\/@es\/116919271311374835","error":""},"_links":{"self":[{"href":"https:\/\/www.europesays.com\/es\/wp-json\/wp\/v2\/posts\/658003","targetHints":{"allow":["GET"]}}],"collection":[{"href":"https:\/\/www.europesays.com\/es\/wp-json\/wp\/v2\/posts"}],"about":[{"href":"https:\/\/www.europesays.com\/es\/wp-json\/wp\/v2\/types\/post"}],"author":[{"embeddable":true,"href":"https:\/\/www.europesays.com\/es\/wp-json\/wp\/v2\/users\/2"}],"replies":[{"embeddable":true,"href":"https:\/\/www.europesays.com\/es\/wp-json\/wp\/v2\/comments?post=658003"}],"version-history":[{"count":0,"href":"https:\/\/www.europesays.com\/es\/wp-json\/wp\/v2\/posts\/658003\/revisions"}],"wp:featuredmedia":[{"embeddable":true,"href":"https:\/\/www.europesays.com\/es\/wp-json\/wp\/v2\/media\/658004"}],"wp:attachment":[{"href":"https:\/\/www.europesays.com\/es\/wp-json\/wp\/v2\/media?parent=658003"}],"wp:term":[{"taxonomy":"category","embeddable":true,"href":"https:\/\/www.europesays.com\/es\/wp-json\/wp\/v2\/categories?post=658003"},{"taxonomy":"post_tag","embeddable":true,"href":"https:\/\/www.europesays.com\/es\/wp-json\/wp\/v2\/tags?post=658003"}],"curies":[{"name":"wp","href":"https:\/\/api.w.org\/{rel}","templated":true}]}}