{"id":658020,"date":"2026-07-14T16:44:13","date_gmt":"2026-07-14T16:44:13","guid":{"rendered":"https:\/\/www.europesays.com\/es\/658020\/"},"modified":"2026-07-14T16:44:13","modified_gmt":"2026-07-14T16:44:13","slug":"anya-taylor-joy-se-convierte-en-una-estafadora-perseguida-por-el-fbi-en-lucky-la-nueva-serie-de-apple-tv","status":"publish","type":"post","link":"https:\/\/www.europesays.com\/es\/658020\/","title":{"rendered":"Anya Taylor-Joy se convierte en una estafadora perseguida por el FBI en &#8216;Lucky&#8217;, la nueva serie de Apple TV"},"content":{"rendered":"<p class=\"article-text\">\n        <a href=\"https:\/\/www.eldiario.es\/vertele\/temas\/apple-tv\/\" data-mrf-recirculation=\"links-noticia\" class=\"link\" rel=\"nofollow noopener\" target=\"_blank\"><strong>Apple TV<\/strong><\/a><strong> estrena este 15 de julio <\/strong><strong>Lucky<\/strong>, una nueva miniserie <strong>protagonizada y producida por Anya Taylor-Joy que adapta la novela hom\u00f3nima de Marissa Stapley<\/strong>, convertida en un \u00e9xito de ventas del New York Times y seleccionada por el club de lectura de <a href=\"https:\/\/www.eldiario.es\/vertele\/temas\/reese-witherspoon\/\" data-mrf-recirculation=\"links-noticia\" class=\"link\" rel=\"nofollow noopener\" target=\"_blank\"><strong>Reese Witherspoon<\/strong><\/a>, tambi\u00e9n productora de esta ficci\u00f3n. La plataforma lanza este mi\u00e9rcoles los dos primeros episodios de la ficci\u00f3n, mientras que el resto de la temporada llegar\u00e1 de forma semanal hasta el 19 de agosto.\n    <\/p>\n<p>    <a href=\"https:\/\/www.eldiario.es\/vertele\/series\/netflix-trailer-elisabet-benavent-toda-la-verdad-de-mis-mentiras-nueva-miniserie-vt_1_13378309.html\" data-mrf-recirculation=\"saber-mas\" data-dl-event=\"saber-mas\" rel=\"nofollow noopener\" target=\"_blank\"><\/p>\n<p class=\"know-more__title\">Netflix lanza el tr\u00e1iler de &#8216;Toda la verdad de mis mentiras&#8217;, su nueva miniserie del universo de El\u00edsabet Benavent<\/p>\n<p>            <img decoding=\"async\" class=\"lazy\" loading=\"lazy\" data-src=\"https:\/\/static.eldiario.es\/clip\/60b5f04f-e828-41ee-81fa-f9a5ada40823_16-9-aspect-ratio_default_0.jpg\" src=\"data:image\/svg+xml,%3Csvg xmlns=\" http:=\"\" viewbox=\"0 0 880 495\" alt=\"Netflix lanza el tr\u00e1iler de 'Toda la verdad de mis mentiras', su nueva miniserie del universo de El\u00edsabet Benavent\"\/><\/p>\n<p>                        <\/a><\/p>\n<p class=\"article-text\">\n        La historia sigue a Lucky, una <strong>estafadora cuya vida cambia por completo cuando un atraco multimillonario sale mal<\/strong>. A partir de ese momento se ve obligada a huir mientras intenta <strong>mantenerse un paso por delante tanto del FBI <\/strong>como del l\u00edder de una organizaci\u00f3n criminal decidido a encontrarla. La serie construye as\u00ed una persecuci\u00f3n constante en la que la protagonista deber\u00e1 encontrar la forma de sobrevivir mientras busca una salida a una situaci\u00f3n que amenaza con cerrarse desde todos los frentes.\n    <\/p>\n<p>    Un reparto encabezado por Anya Taylor-Joy<\/p>\n<p class=\"article-text\">\n        La ganadora del <a href=\"https:\/\/www.eldiario.es\/vertele\/temas\/globos-de-oro\/\" data-mrf-recirculation=\"links-noticia\" class=\"link\" rel=\"nofollow noopener\" target=\"_blank\">Globo de Oro<\/a> en 2021 por <a href=\"https:\/\/www.eldiario.es\/vertele\/temas\/gambito-de-dama\/\" data-mrf-recirculation=\"links-noticia\" class=\"link\" rel=\"nofollow noopener\" target=\"_blank\">Gambito de Dama<\/a>, y del premio del Sindicato de Actores (SAG), adem\u00e1s de nominada al <a href=\"https:\/\/www.eldiario.es\/vertele\/temas\/emmy\/\" data-mrf-recirculation=\"links-noticia\" class=\"link\" rel=\"nofollow noopener\" target=\"_blank\">Emmy<\/a>, lidera un reparto en el que tambi\u00e9n figuran <strong>Annette Bening <\/strong>(American Beauty, El presidente y Miss Wade)<strong>, Timothy Olyphant <\/strong>(<a href=\"https:\/\/www.eldiario.es\/vertele\/temas\/santa-clarita-diet\/\" data-mrf-recirculation=\"links-noticia\" class=\"link\" rel=\"nofollow noopener\" target=\"_blank\">Santa Clarita Diet<\/a>, <a href=\"https:\/\/www.eldiario.es\/vertele\/temas\/the-mandalorian\/\" data-mrf-recirculation=\"links-noticia\" class=\"link\" rel=\"nofollow noopener\" target=\"_blank\">The Mandalorian<\/a>),<strong> Aunjanue Ellis-Taylor <\/strong>(<a href=\"https:\/\/www.eldiario.es\/vertele\/temas\/ncis\/\" data-mrf-recirculation=\"links-noticia\" class=\"link\" rel=\"nofollow noopener\" target=\"_blank\">NCIS<\/a>, El m\u00e9todo Williams),<strong> Drew Starkey <\/strong>(La otra Zoey),<strong> Clifton Collins Jr. <\/strong>(Agente X: \u00daltima misi\u00f3n, La ley de la calle)<strong> <\/strong>y<strong> William Fichtner <\/strong>(Armageddon, Mom). Adem\u00e1s de asumir el papel principal, Taylor-Joy participa como productora ejecutiva de la miniserie a trav\u00e9s de su compa\u00f1\u00eda LadyKiller.\n    <\/p>\n<p>    Una nueva colaboraci\u00f3n entre Apple Studios y Hello Sunshine<\/p>\n<p class=\"article-text\">\n        La miniserie, nuestra s\u00e9ptima recomendaci\u00f3n del nuevo formato de <strong>verTele <\/strong><a href=\"https:\/\/www.eldiario.es\/vertele\/temas\/una-serie-al-dia\/\" target=\"_blank\" data-mrf-recirculation=\"links-noticia\" class=\"link\" rel=\"nofollow noopener\">&#8216;Una serie al d\u00eda&#8217;<\/a>, supone un nuevo proyecto conjunto entre Apple Studios y <strong>Hello Sunshine, la productora fundada por Reese Witherspoon. <\/strong>Jonathan Tropper ejerce como creador, guionista, coproductor y productor ejecutivo del proyecto a trav\u00e9s de Tropper Ink, mientras que Cassie Pappas comparte las labores de coproducci\u00f3n. Witherspoon y Lauren Neustadter firman tambi\u00e9n la producci\u00f3n ejecutiva por parte de Hello Sunshine, y Jonathan van Tulleken, responsable del episodio piloto, completa el equipo como director y productor ejecutivo.\n    <\/p>\n<p>    <a href=\"https:\/\/www.eldiario.es\/vertele\/series\/murder-101-nueva-docuserie-prime-video-estudiantes-reabrieron-serie-asesinatos-resolver-vt_1_13375632.html\" data-mrf-recirculation=\"saber-mas-abajo\" data-dl-event=\"saber-mas-abajo\" rel=\"nofollow noopener\" target=\"_blank\"><\/p>\n<p class=\"know-more__title\">As\u00ed es &#8216;Murder 101&#8217;, la nueva docuserie de Prime Video sobre unos estudiantes que reabrieron asesinatos sin resolver\n<\/p>\n<p>            <img decoding=\"async\" class=\"lazy\" loading=\"lazy\" data-src=\"https:\/\/static.eldiario.es\/clip\/7963f40f-480d-4f7c-a6e9-2c723a5515bd_16-9-aspect-ratio_default_0.jpg\" src=\"data:image\/svg+xml,%3Csvg xmlns=\" http:=\"\" viewbox=\"0 0 880 495\" alt=\"As\u00ed es 'Murder 101', la nueva docuserie de Prime Video sobre unos estudiantes que reabrieron asesinatos sin resolver\"\/><\/p>\n<p>                        <\/a><\/p>\n<p class=\"article-text\">\n        Esta no es la primera ocasi\u00f3n en la que Apple Studios y Hello Sunshine trabajan conjuntamente. De esa colaboraci\u00f3n surgieron anteriormente series como <a href=\"https:\/\/www.eldiario.es\/vertele\/temas\/the-morning-show\/\" data-mrf-recirculation=\"links-noticia\" class=\"link\" rel=\"nofollow noopener\" target=\"_blank\">The Morning Show<\/a>, The Last Thing He Told Me, Truth Be Told y Surface, una relaci\u00f3n que ahora contin\u00faa con la adaptaci\u00f3n de la novela de Marissa Stapley para la plataforma.\n    <\/p>\n","protected":false},"excerpt":{"rendered":"Apple TV estrena este 15 de julio Lucky, una nueva miniserie protagonizada y producida por Anya Taylor-Joy que&hellip;\n","protected":false},"author":2,"featured_media":658021,"comment_status":"","ping_status":"","sticky":false,"template":"","format":"standard","meta":{"footnotes":""},"categories":[171],"tags":[100444,2823,1438,146,147,25,24,120354,17920,3495,120080,795,94419,156,23,9274,214,118621],"class_list":["post-658020","post","type-post","status-publish","format-standard","has-post-thumbnail","category-tv","tag-anya","tag-apple","tag-convierte","tag-entertainment","tag-entretenimiento","tag-es","tag-espana","tag-estafadora","tag-fbi","tag-joy","tag-lucky","tag-nueva","tag-perseguida","tag-serie","tag-spain","tag-taylor","tag-tv","tag-vt"],"share_on_mastodon":{"url":"https:\/\/pubeurope.com\/@es\/116919341316557974","error":""},"_links":{"self":[{"href":"https:\/\/www.europesays.com\/es\/wp-json\/wp\/v2\/posts\/658020","targetHints":{"allow":["GET"]}}],"collection":[{"href":"https:\/\/www.europesays.com\/es\/wp-json\/wp\/v2\/posts"}],"about":[{"href":"https:\/\/www.europesays.com\/es\/wp-json\/wp\/v2\/types\/post"}],"author":[{"embeddable":true,"href":"https:\/\/www.europesays.com\/es\/wp-json\/wp\/v2\/users\/2"}],"replies":[{"embeddable":true,"href":"https:\/\/www.europesays.com\/es\/wp-json\/wp\/v2\/comments?post=658020"}],"version-history":[{"count":0,"href":"https:\/\/www.europesays.com\/es\/wp-json\/wp\/v2\/posts\/658020\/revisions"}],"wp:featuredmedia":[{"embeddable":true,"href":"https:\/\/www.europesays.com\/es\/wp-json\/wp\/v2\/media\/658021"}],"wp:attachment":[{"href":"https:\/\/www.europesays.com\/es\/wp-json\/wp\/v2\/media?parent=658020"}],"wp:term":[{"taxonomy":"category","embeddable":true,"href":"https:\/\/www.europesays.com\/es\/wp-json\/wp\/v2\/categories?post=658020"},{"taxonomy":"post_tag","embeddable":true,"href":"https:\/\/www.europesays.com\/es\/wp-json\/wp\/v2\/tags?post=658020"}],"curies":[{"name":"wp","href":"https:\/\/api.w.org\/{rel}","templated":true}]}}