{"id":658115,"date":"2026-07-14T17:51:26","date_gmt":"2026-07-14T17:51:26","guid":{"rendered":"https:\/\/www.europesays.com\/es\/658115\/"},"modified":"2026-07-14T17:51:26","modified_gmt":"2026-07-14T17:51:26","slug":"las-naturalezas-del-blanqueno-luis-fernandez-arraigan-en-la-ciudad-eterna","status":"publish","type":"post","link":"https:\/\/www.europesays.com\/es\/658115\/","title":{"rendered":"Las naturalezas del blanque\u00f1o Luis Fern\u00e1ndez arraigan en la Ciudad Eterna"},"content":{"rendered":"<p style=\"\">Tras su paso por la capital italiana del pasado mes de abril donde present\u00f3 la serie &#8216;Ver Nigrum&#8217;, un conjunto de pinturas nacido de una  &#8230; reflexi\u00f3n sobre la exuberancia ornamental de la Semana Santa blanque\u00f1a, y tras la reciente exposici\u00f3n en la galer\u00eda Montcada de Barcelona, integr\u00e1ndose en una muestra comisariada por Vi\u00e7ens S\u00e1nchez Pl\u00e1 que propiciaba un di\u00e1logo excepcional con Picasso, Dal\u00ed y Mir\u00f3, el artista internacional Luis Fern\u00e1ndez regresa a Roma, la Ciudad Eterna, para participar en la exposici\u00f3n colectiva estival organizada por la Von Buren Contemporary Art Gallery, una cita que re\u00fane a una cuidada selecci\u00f3n de creadores que han formado parte de la programaci\u00f3n de la prestigiosa galer\u00eda romana.<\/p>\n<p class=\"v-d-p\" style=\"\"> Su regreso a Roma no representa \u00fanicamente una nueva participaci\u00f3n expositiva. Supone la continuidad de un di\u00e1logo con una ciudad donde la tradici\u00f3n art\u00edstica convive con las propuestas m\u00e1s actuales y donde la pintura del blanque\u00f1o Luis Fern\u00e1ndez ha encontrado un espacio especialmente receptivo.<\/p>\n<p><img decoding=\"async\" loading=\"lazy\" src=\"https:\/\/www.europesays.com\/es\/wp-content\/uploads\/2026\/07\/IMG_20251223_133952-U26838752510Jft-680x476@La Verdad.jpg\" class=\"v-a-img\" width=\"680\" height=\"478\" alt=\"Detalle de una obra-mural expuesta por Fern\u00e1ndez en la galer\u00eda romana Von Buren.\" data-voc-vtm-id=\"in-text-traffic\"\/><\/p>\n<p>Detalle de una obra-mural expuesta por Fern\u00e1ndez en la galer\u00eda romana Von Buren.<\/p>\n<p>(Cedida)<\/p>\n<p class=\"v-d-p\" style=\"\"> En este contexto, la presencia de Luis Fern\u00e1ndez adquiere un significado especialmente elocuente. Su pintura no busca establecer comparaciones, sino evidenciar la vigencia de una mirada que contin\u00faa interrogando la naturaleza de la imagen desde presupuestos radicalmente contempor\u00e1neos.<\/p>\n<p>\nSin la urgencia del mercado\n<\/p>\n<p class=\"v-d-p\" style=\"\"> Considerado como una de las voces m\u00e1s s\u00f3lidas y personales de la creaci\u00f3n regional actual, Fern\u00e1ndez ha construido una trayectoria ajena a las urgencias del mercado, al ritmo vertiginoso de las ferias y a la necesidad constante de ofrecer resultados inmediatos.<\/p>\n<p class=\"v-d-p\" style=\"\"> Autodidacta por convicci\u00f3n y por vocaci\u00f3n, ha desarrollado un lenguaje propio desde una actitud de trabajo casi meditativa, \u00abentendiendo la pintura como un proceso de conocimiento antes que como un producto destinado a ser concluido\u00bb, argumenta. Cada lienzo permanece abierto a la duda, a la correcci\u00f3n y al hallazgo inesperado.<\/p>\n","protected":false},"excerpt":{"rendered":"Tras su paso por la capital italiana del pasado mes de abril donde present\u00f3 la serie &#8216;Ver Nigrum&#8217;,&hellip;\n","protected":false},"author":2,"featured_media":658116,"comment_status":"","ping_status":"","sticky":false,"template":"","format":"standard","meta":{"footnotes":""},"categories":[173],"tags":[229,233,231,230,29312,777,232,234,146,147,25,24,5010,120361,10994,7820,120360,23],"class_list":["post-658115","post","type-post","status-publish","format-standard","has-post-thumbnail","category-arte-y-diseno","tag-arte","tag-arte-y-diseno","tag-arts","tag-arts-and-design","tag-blanqueno","tag-ciudad","tag-design","tag-diseno","tag-entertainment","tag-entretenimiento","tag-es","tag-espana","tag-eterna","tag-expanden","tag-fernandez","tag-luis","tag-naturalezas","tag-spain"],"share_on_mastodon":{"url":"https:\/\/pubeurope.com\/@es\/116919605647873746","error":""},"_links":{"self":[{"href":"https:\/\/www.europesays.com\/es\/wp-json\/wp\/v2\/posts\/658115","targetHints":{"allow":["GET"]}}],"collection":[{"href":"https:\/\/www.europesays.com\/es\/wp-json\/wp\/v2\/posts"}],"about":[{"href":"https:\/\/www.europesays.com\/es\/wp-json\/wp\/v2\/types\/post"}],"author":[{"embeddable":true,"href":"https:\/\/www.europesays.com\/es\/wp-json\/wp\/v2\/users\/2"}],"replies":[{"embeddable":true,"href":"https:\/\/www.europesays.com\/es\/wp-json\/wp\/v2\/comments?post=658115"}],"version-history":[{"count":0,"href":"https:\/\/www.europesays.com\/es\/wp-json\/wp\/v2\/posts\/658115\/revisions"}],"wp:featuredmedia":[{"embeddable":true,"href":"https:\/\/www.europesays.com\/es\/wp-json\/wp\/v2\/media\/658116"}],"wp:attachment":[{"href":"https:\/\/www.europesays.com\/es\/wp-json\/wp\/v2\/media?parent=658115"}],"wp:term":[{"taxonomy":"category","embeddable":true,"href":"https:\/\/www.europesays.com\/es\/wp-json\/wp\/v2\/categories?post=658115"},{"taxonomy":"post_tag","embeddable":true,"href":"https:\/\/www.europesays.com\/es\/wp-json\/wp\/v2\/tags?post=658115"}],"curies":[{"name":"wp","href":"https:\/\/api.w.org\/{rel}","templated":true}]}}