{"id":658171,"date":"2026-07-14T18:31:30","date_gmt":"2026-07-14T18:31:30","guid":{"rendered":"https:\/\/www.europesays.com\/es\/658171\/"},"modified":"2026-07-14T18:31:30","modified_gmt":"2026-07-14T18:31:30","slug":"safin-leyenda-del-tenis-sobre-alcaraz-y-sinner-no-creo-que-hubieran-sido-numero-uno-ni-dos-en-la-epoca-de-nadal-y-djokovic","status":"publish","type":"post","link":"https:\/\/www.europesays.com\/es\/658171\/","title":{"rendered":"Safin, leyenda del tenis, sobre Alcaraz y Sinner: \u00abNo creo que hubieran sido n\u00famero uno ni dos en la \u00e9poca de Nadal y Djokovic\u00bb"},"content":{"rendered":"<p class=\"ft-text\"><a class=\"ft-link ft-link--decoration\" href=\"https:\/\/www.sport.es\/es\/noticias\/tenis\/boris-becker-leyenda-tenis-habla-132380410\" rel=\"nofollow noopener\" target=\"_blank\">El exn\u00famero uno del mundo y ganador de dos t\u00edtulos de Grand Slam, Marat Safin, ha sido muy contundente al analizar a los mejores jugadores del ranking actual.<\/a> El ruso<strong> ha puesto en duda que tanto Carlos Alcaraz como Jannik Sinner hubieran sido capaces de dominar el circuito <\/strong>en la era del &#8216;Big Three&#8217;.<\/p>\n<p class=\"ft-text\"><strong>\u00abSi Sinner y Alcaraz hubieran jugado en la \u00e9poca de Nadal y Djokovic, <\/strong>o incluso a comienzos de los a\u00f1os 2000, n<strong>o habr\u00edan sido ni el n\u00famero uno ni el n\u00famero dos del mundo. <\/strong>No creo que hubieran llegado hasta ah\u00ed\u00bb, asegur\u00f3 Safin durante una conversaci\u00f3n con su hermana, Dinara Safina, publicada en YouTube.<\/p>\n<p class=\"ft-text\">Los <strong>12 t\u00edtulos de Grand Slam que suman entre el italiano y el espa\u00f1ol no terminan de convencer al extenista, <\/strong>que reconoce que probablemente habr\u00eda perdido contra ellos, aunque considera que no intimidan como s\u00ed lo hac\u00edan otras grandes leyendas del circuito.<strong> \u00abCreo que probablemente habr\u00eda perdido contra ellos, pero no los veo como jugadores que den miedo\u00bb, <\/strong>afirm\u00f3.<\/p>\n<p>Muy lejos del nivel de Federer<\/p>\n<p class=\"ft-text\">Safin fue <strong>a\u00fan m\u00e1s tajante cuando le preguntaron si consideraba que Sinner y Alcaraz<\/strong> estuvieran a<strong>l nivel de Roger Federer.<\/strong> \u00abNo, <strong>para nada son Federer. Es otro nivel completamente diferente. <\/strong>Para llegar al nivel de Federer todav\u00eda hay que crecer much\u00edsimo\u00bb, sentenci\u00f3.<\/p>\n<p class=\"ft-text\">Pese a la dureza de sus declaraciones, el ruso quiso dejar claro que no pretend\u00eda menospreciar a ninguno de los dos. <strong>\u00abNo quiero menospreciar a nadie. Es simplemente mi manera de verlo\u00bb,<\/strong> explic\u00f3.<\/p>\n<p class=\"ft-text\">Safin <strong>tambi\u00e9n reconoci\u00f3 que el tenis ha evolucionado desde la \u00e9poca del &#8216;Big Three&#8217;,<\/strong> aunque precisamente esa evoluci\u00f3n <strong>le hace dudar de que las grandes figuras actuales hubieran podido conquistar tantos Grand Slams <\/strong>en una generaci\u00f3n liderada por Federer, Nadal y Djokovic.<\/p>\n<p>\u00abNo habr\u00edan ganado tanto en aquella \u00e9poca\u00bb<\/p>\n<p class=\"ft-text\"><strong>\u00abSon jugadores excelentes, son tenistas extraordinarios y han ganado much\u00edsimos t\u00edtulos\u00bb<\/strong>, se\u00f1al\u00f3, antes de matizar: <strong>\u00abNo s\u00e9 si habr\u00edan ganado tantos Grand Slam jugando en aquella \u00e9poca. No estoy seguro\u00bb<\/strong>.<\/p>\n<p class=\"ft-text\">Otro factor al que apunta es la cantidad de jugadores capaces de hacer frente a Alcaraz o Sinner: \u00ab<strong>Antes hab\u00eda treinta o cincuenta jugadores capaces de jugar un tenis extraordinario. Ahora, como mucho, hay diez<\/strong>. Llegan a semifinales o finales sin perder un solo set y <strong>eso me parece hasta gracioso<\/strong>\u00ab.\u00a0<\/p>\n<p><img decoding=\"async\" src=\"https:\/\/www.europesays.com\/es\/wp-content\/uploads\/2026\/07\/f13721c3-a822-4b6c-8ad5-61fa7bbe8695_alta-libre-aspect-ratio_default_0_x600y225.jpg\" width=\"1200\" height=\"675\" alt=\"Zverev y el so\u00f1ado Big Three con Alcaraz y Sinner\" class=\"ft-helper-img-rd\" loading=\"lazy\" fetchpriority=\"auto\"\/><\/p>\n<p class=\"ft-helper-fontColor-quaternary ft-helper-fontSize-body-S ft-helper-spacer-t-xxs\">Zverev y el so\u00f1ado Big Three con Alcaraz y Sinner  \/ SPORT \/ Agencias<\/p>\n<p class=\"ft-text\">Y apunta a que la<strong> calidad del tenis ha disminuido<\/strong> en comparaci\u00f3n a cuando jugaban Djokovic, Nadal o Federer.<strong> \u00abEl nivel del tenis ha bajado. No s\u00e9 por qu\u00e9 ha ocurrido, pero el nivel ya no es el mismo\u00bb.<\/strong><\/p>\n<p>Nadie puede hacerles frente<\/p>\n<p class=\"ft-text\">El ruso explica que anteriormente exsitian tenistias especializados en segun que superficie cosa que ahora no. <strong>\u00abAntes hab\u00eda especialistas en hierba, especialistas en tierra batida y especialistas en pista dura. Hab\u00eda much\u00edsimos jugadores capaces de competir al m\u00e1ximo nivel dependiendo de la superficie\u00bb<\/strong>, record\u00f3.<\/p>\n<p class=\"ft-text\"><strong>\u00abSi miras finales de los noventa o principios de los 2000, hab\u00eda una cantidad incre\u00edble de jugadores muy potentes\u00bb,<\/strong> continu\u00f3. <\/p>\n<p class=\"ft-text\">Es cierto que<strong> hay pocos tenistas capaz de hacer frente a Sinner o Alcaraz <\/strong>y que ambos dominan el circuito, <strong>no obstante eso no significa que en ningun momento haya alguien que rompa con ese duopolio <\/strong>y consiga hacer sufrir a los dos. <strong>Mientras tanto menos mal que queda &#8216;Carlitos&#8217; y Sinner para todo.<\/strong><\/p>\n","protected":false},"excerpt":{"rendered":"El exn\u00famero uno del mundo y ganador de dos t\u00edtulos de Grand Slam, Marat Safin, ha sido muy&hellip;\n","protected":false},"author":2,"featured_media":658172,"comment_status":"","ping_status":"","sticky":false,"template":"","format":"standard","meta":{"footnotes":""},"categories":[274],"tags":[4736,545,168,25,24,368,120374,4466,23,167,327,326],"class_list":["post-658171","post","type-post","status-publish","format-standard","has-post-thumbnail","category-tenis","tag-alcaraz","tag-carlos-alcaraz","tag-deportes","tag-es","tag-espana","tag-leyenda","tag-safin","tag-sinner","tag-spain","tag-sports","tag-tenis","tag-tennis"],"share_on_mastodon":{"url":"https:\/\/pubeurope.com\/@es\/116919763039919344","error":""},"_links":{"self":[{"href":"https:\/\/www.europesays.com\/es\/wp-json\/wp\/v2\/posts\/658171","targetHints":{"allow":["GET"]}}],"collection":[{"href":"https:\/\/www.europesays.com\/es\/wp-json\/wp\/v2\/posts"}],"about":[{"href":"https:\/\/www.europesays.com\/es\/wp-json\/wp\/v2\/types\/post"}],"author":[{"embeddable":true,"href":"https:\/\/www.europesays.com\/es\/wp-json\/wp\/v2\/users\/2"}],"replies":[{"embeddable":true,"href":"https:\/\/www.europesays.com\/es\/wp-json\/wp\/v2\/comments?post=658171"}],"version-history":[{"count":0,"href":"https:\/\/www.europesays.com\/es\/wp-json\/wp\/v2\/posts\/658171\/revisions"}],"wp:featuredmedia":[{"embeddable":true,"href":"https:\/\/www.europesays.com\/es\/wp-json\/wp\/v2\/media\/658172"}],"wp:attachment":[{"href":"https:\/\/www.europesays.com\/es\/wp-json\/wp\/v2\/media?parent=658171"}],"wp:term":[{"taxonomy":"category","embeddable":true,"href":"https:\/\/www.europesays.com\/es\/wp-json\/wp\/v2\/categories?post=658171"},{"taxonomy":"post_tag","embeddable":true,"href":"https:\/\/www.europesays.com\/es\/wp-json\/wp\/v2\/tags?post=658171"}],"curies":[{"name":"wp","href":"https:\/\/api.w.org\/{rel}","templated":true}]}}