{"id":658478,"date":"2026-07-14T22:28:17","date_gmt":"2026-07-14T22:28:17","guid":{"rendered":"https:\/\/www.europesays.com\/es\/658478\/"},"modified":"2026-07-14T22:28:17","modified_gmt":"2026-07-14T22:28:17","slug":"la-casa-del-pop-se-hace-con-iron-maiden-y-adquiere-el-50-de-los-derechos-del-nombre-la-imagen-la-editorial-y-los-masters-de-los-discos-de-la-banda","status":"publish","type":"post","link":"https:\/\/www.europesays.com\/es\/658478\/","title":{"rendered":"\u201cLa Casa del Pop\u201d se hace con Iron Maiden y adquiere el 50% de los derechos del nombre, la imagen, la editorial y los masters de los discos de la banda"},"content":{"rendered":"<p><strong>Iron Maiden<\/strong> da un paso de gigante m\u00e1s en su carrera y, antes de concluir la gran gira que ha celebrado su 50\u00ba aniversario y afrontar <a href=\"https:\/\/mariskalrock.com\/actualidad\/iron-maiden-confirma-los-dos-ultimos-conciertos-de-la-gira-run-for-your-lives-tras-los-que-se-tomara-un-merecido-descanso\/\" target=\"_blank\" rel=\"noopener nofollow\"><strong>el anunciado descanso<\/strong><\/a>, ha formalizado la venta del cincuenta por ciento de los derechos del nombre, la imagen, la editorial y los masters de los discos de la banda a \u201cLa Casa del Pop\u201d, o lo que es lo mismo <strong><a href=\"https:\/\/pophouse.se\/\" target=\"_blank\" rel=\"noopener nofollow\">Pophouse<\/a><\/strong>, la compa\u00f1\u00eda de entretenimiento que ya contaba en su cat\u00e1logo con nombres como <strong><a href=\"https:\/\/mariskalrock.com\/actualidad\/kiss-vende-toda-su-musica-su-marca-y-los-derechos-de-su-estetica-a-la-empresa-que-aposto-por-los-conciertos-de-abba-con-hologramas\/\" target=\"_blank\" rel=\"noopener nofollow\">Kiss, con los que trabajan en sus hologramas<\/a><\/strong>, <strong>Tina Turner<\/strong> o <strong>Cyndi Lauper<\/strong>.<\/p>\n<p>El inicio de esta colaboraci\u00f3n ya se ha dejado ver durante el desarrollo del pasado <strong>Eddfest<\/strong>, en el que Pophouse y Iron Maiden colaboraron en la creaci\u00f3n del <strong>\u201cThe Infinite Dreams Museum Experience\u201d,<\/strong> con <strong>Eddie<\/strong> como gran protagonista de la experiencia vivida en Knebworth presentando la historia de la banda a trav\u00e9s del museo y de la experiencia inmersiva que transform\u00f3 el recinto en una ciudad Maiden para los fans. Tras esta primera aventura, ya se encuentra en los planes seguir extendiendo el mundo interactivo y digital alrededor de Eddie, adem\u00e1s del gran <strong>proyecto cinematogr\u00e1fico<\/strong> que se iba a centrar en el concierto de Par\u00eds y que, <strong>tras el apag\u00f3n que se vivi\u00f3<\/strong>, tuvo que completarse tambi\u00e9n en el citado festival.<\/p>\n<p>Tal como ha informado <strong><a href=\"https:\/\/www.billboard.com\/pro\/iron-maiden-sells-half-their-catalog-pophouse-entertainment\/\" target=\"_blank\" rel=\"noopener nofollow\">Billboard<\/a><\/strong>, Pophouse se ha hecho con una participaci\u00f3n del cincuenta por ciento en los derechos del nombre, la imagen, la editorial y los masters de los discos de la banda, lo que se anuncia desde el seno de la banda que, lejos de vaticinar un no deseado final, permitir\u00e1 dar un salto exponencial en el futuro de la actividad de Iron Maiden.<\/p>\n<p><strong>Rod Smallwood<\/strong>, conocido manager de la banda, deja este mensaje sobre la relaci\u00f3n que se establece entre Iron Maiden y Pophouse: \u201cEstoy muy ilusionado con nuestra relaci\u00f3n con Pophouse y con la capacidad que ahora tenemos para llevar a cabo, facilitar y financiar nuestros numerosos planes y sue\u00f1os m\u00e1s r\u00e1pido de lo que jam\u00e1s hab\u00edamos esperado. El inter\u00e9s por la banda nunca ha sido tan grande, y esta alianza estrat\u00e9gica, en la que llevamos trabajando discretamente juntos desde hace m\u00e1s de un a\u00f1o, ya ha dado sus frutos con los avances en el museo \u201cThe Infinite Dreams\u201d y el rodaje del espect\u00e1culo actual. Los fans pueden estar seguros de que Maiden tiene mucho m\u00e1s por ofrecer, \u00a1y Eddie reinar\u00e1, \u00bfOk?!\u201d<\/p>\n<p>Por su parte, <strong>Dave Shack<\/strong>, director de <strong>Phantom Music<\/strong> y corepresentante de Iron Maiden, a\u00f1ade: \u201cRod y Andy (Taylor, otro de los managers) siempre nos han animado e inspirado a arriesgarnos a la hora de desarrollar a Eddie y los mundos en los que se mueve, como el terror, los videojuegos o los c\u00f3mics. La banda constituye la piedra angular de lo que es Maiden: m\u00fasica superlativa y conciertos incre\u00edbles, y el equipo de Phantom se ha centrado en desarrollar aspectos de la mitolog\u00eda de Maiden que creemos que nuestros fans acoger\u00e1n con entusiasmo y disfrutar\u00e1n. Entre estas iniciativas relacionadas con Maiden se incluyen un galardonado juego para m\u00f3viles, una oferta global para el club de fans, un din\u00e1mico negocio de bebidas, libros y c\u00f3mics y, por supuesto, merchandising en todas sus formas. Es, sin duda, uno de los mejores terrenos de juego para cualquier creativo, y Pophouse ya ha demostrado que est\u00e1 a la altura. Cuando un corte de electricidad inesperado amenaz\u00f3 con arruinar la grabaci\u00f3n de nuestro concierto en Par\u00eds para un importante proyecto cinematogr\u00e1fico, actuaron con rapidez junto a nosotros para movilizar a todo un equipo en el Eddfest y mantener el proyecto en marcha\u201d.<\/p>\n<p style=\"text-align: center;\">\n<p>Desde la compa\u00f1\u00eda Pophouse, llega el punto de vista de la directora general, <strong>Jessica Koravos<\/strong>, sobre esta nueva etapa para ambas partes: \u201cIron Maiden es un grupo cuya extraordinaria trayectoria y rico repertorio abren innumerables posibilidades creativas. Gracias a la colaboraci\u00f3n con Pophouse, el grupo cuenta ahora con la inversi\u00f3n y el potencial creativo necesarios para seguir evolucionando durante las pr\u00f3ximas d\u00e9cadas. Es un privilegio apoyar a Iron Maiden en esta nueva etapa y contribuir a perpetuar su extraordinario legado para los fans que han construido esta comunidad global a lo largo de los \u00faltimos 50 a\u00f1os\u201d.<\/p>\n<p><strong>Johan Lagerl\u00f6f<\/strong>, responsable de inversiones de Pophouse, suma estas palabras: \u201cIron Maiden no es solo un grupo legendario, sino una de las franquicias m\u00e1s potentes de la historia de la m\u00fasica. Sus canciones, su imaginer\u00eda \u00fanica y sus conciertos en directo han inspirado a generaciones de fans incondicionales en todos los continentes y siguen atrayendo a nuevos p\u00fablicos, d\u00e9cada tras d\u00e9cada. En un mundo de r\u00e1pidos avances tecnol\u00f3gicos, creemos que Iron Maiden, junto con nosotros, se encuentra en una posici\u00f3n ideal para aprovechar las oportunidades que ofrece esta nueva era. Nos sentimos honrados y tremendamente ilusionados por poder contribuir a forjar el legado de este fen\u00f3meno cultural \u00fanico\u201d.<\/p>\n<p>Cabe destacar que la principal diferencia entre Pophouse y otros inversores en el cat\u00e1logo y derechos de las bandas es que \u201cla Casa del Pop\u201d se interesa en crear valor desarrollando nuevos proyectos para los artistas, como hemos visto con el espect\u00e1culo de hologramas de <strong>\u201cABBA Voyage\u201d <\/strong>o el<strong> \u201cABBA The Museum\u201d,<\/strong> o como esperamos ver pronto en el caso de Kiss con su espect\u00e1culo en Las Vegas.<\/p>\n<p>Iron Maiden en 2026<\/p>\n<p>Iron Maiden ha sido una de las grandes bandas protagonistas de los festivales en nuestro pa\u00eds, con sendas actuaciones en <strong><a href=\"https:\/\/mariskalrock.com\/actualidad\/cronica-de-resurrection-fest-2026-jueves-con-iron-maiden-anthrax-angelus-apatrida-o-ciclonautas-una-travesia-por-la-historia-del-metal\/\" target=\"_blank\" rel=\"noopener nofollow\">Resurrection Fest<\/a><\/strong> y <strong><a href=\"https:\/\/mariskalrock.com\/actualidad\/cronica-del-rock-imperium-festival-sabado-con-iron-maiden-anthrax-h-e-a-t-o-blues-pills-scream-for-me-cartagena\/\" target=\"_blank\" rel=\"noopener nofollow\">Rock Imperium Festival<\/a><\/strong> dentro del \u00faltimo tramo de la gira \u201cRun For Your Lives\u201d. La banda afronta ya <strong><a href=\"https:\/\/mariskalrock.com\/actualidad\/iron-maiden-confirma-los-dos-ultimos-conciertos-de-la-gira-run-for-your-lives-tras-los-que-se-tomara-un-merecido-descanso\/\" target=\"_blank\" rel=\"noopener nofollow\">los \u00faltimos conciertos<\/a><\/strong> de la gira, la <strong><a href=\"https:\/\/mariskalrock.com\/actualidad\/iron-maiden-entrara-rock-and-roll-hall-of-fame-en-2026-junto-a-billy-idol-oasis-joy-division-o-phil-collins\/\" target=\"_blank\" rel=\"noopener nofollow\">entrada en el Rock and Roll Hall of Fame<\/a><\/strong> en la que parece que <strong><a href=\"https:\/\/mariskalrock.com\/actualidad\/iron-maiden-se-hubieran-saltado-la-ceremonia-del-rock-and-roll-hall-of-fame-incluso-si-no-estuvieran-de-gira-no-hacemos-esto-por-los-premios\/\" target=\"_blank\" rel=\"noopener nofollow\">no har\u00e1n acto de presencia<\/a><\/strong>, y un <strong><a href=\"https:\/\/mariskalrock.com\/actualidad\/iron-maiden-confirma-los-dos-ultimos-conciertos-de-la-gira-run-for-your-lives-tras-los-que-se-tomara-un-merecido-descanso\/\" target=\"_blank\" rel=\"noopener nofollow\">merecido descanso<\/a> <\/strong>antes de decidir si tendremos en el horizonte <strong><a href=\"https:\/\/mariskalrock.com\/actualidad\/bruce-dickinson-quiere-hacer-un-nuevo-disco-de-iron-maiden-antes-de-volver-a-dar-conciertos-steve-harris-estaria-de-gira-hasta-que-probablemente-muera-en-el-escenario\/\" target=\"_blank\" rel=\"noopener nofollow\">nuevo disco o una nueva gira<\/a><\/strong>.<\/p>\n<p>                         <a target=\"_blank\" href=\"http:\/\/www.mariskalrock.com\" class=\"url\" title=\"Jorge Bobadilla\" rel=\"nofollow noopener\"> <img decoding=\"async\" src=\"https:\/\/www.europesays.com\/es\/wp-content\/uploads\/2026\/07\/1784068097_775_jorge-bobadilla-2025-web-300x300-1.jpg\" class=\"photo\" width=\"250\" alt=\"Jorge Bobadilla\"\/><\/a> <\/p>\n<p>Llev\u00e1is ya m\u00e1s de veinte a\u00f1os ley\u00e9ndome por aqu\u00ed y por all\u00ed, as\u00ed que, vayamos al grano. En 2005 MariskalRock abri\u00f3 sus puertas a este humilde \u201cjuntaletras\u201d, y desde entonces el rock ha sido la punta del comp\u00e1s de mi vida. Aficionado tambi\u00e9n a atrapar im\u00e1genes (sean fijas o en movimiento), en estas dos d\u00e9cadas ser\u00eda raro que no nos hubi\u00e9ramos visto entre salas y festivales. Brindemos en la pr\u00f3xima.<\/p>\n<p> <a href=\"http:\/\/www.mariskalrock.com\" class=\"url\" target=\"_blank\" title=\"Jorge Bobadilla\" rel=\"nofollow noopener\"><img decoding=\"async\" src=\"https:\/\/www.europesays.com\/es\/wp-content\/uploads\/2026\/07\/1784068097_775_jorge-bobadilla-2025-web-300x300-1.jpg\" class=\"photo\" width=\"250\" alt=\"Jorge Bobadilla\"\/><\/a>\u00daltimas entradas de Jorge Bobadilla (<a target=\"_blank\" href=\"https:\/\/mariskalrock.com\/author\/jorge-bobadilla\/\" rel=\"nofollow noopener\">ver todo<\/a>)  <\/p>\n","protected":false},"excerpt":{"rendered":"Iron Maiden da un paso de gigante m\u00e1s en su carrera y, antes de concluir la gran gira&hellip;\n","protected":false},"author":2,"featured_media":658479,"comment_status":"","ping_status":"","sticky":false,"template":"","format":"standard","meta":{"footnotes":""},"categories":[174],"tags":[255,86699,97514,146,147,25,24,256,105678,477,4272,4622,120413,23,5380],"class_list":["post-658478","post","type-post","status-publish","format-standard","has-post-thumbnail","category-famosos","tag-celebrities","tag-cyndi-lauper","tag-eddfest","tag-entertainment","tag-entretenimiento","tag-es","tag-espana","tag-famosos","tag-infinite-dreams","tag-iron-maiden","tag-kiss","tag-mr2022","tag-pophouse","tag-spain","tag-tina-turner"],"share_on_mastodon":{"url":"https:\/\/pubeurope.com\/@es\/116920694027786344","error":""},"_links":{"self":[{"href":"https:\/\/www.europesays.com\/es\/wp-json\/wp\/v2\/posts\/658478","targetHints":{"allow":["GET"]}}],"collection":[{"href":"https:\/\/www.europesays.com\/es\/wp-json\/wp\/v2\/posts"}],"about":[{"href":"https:\/\/www.europesays.com\/es\/wp-json\/wp\/v2\/types\/post"}],"author":[{"embeddable":true,"href":"https:\/\/www.europesays.com\/es\/wp-json\/wp\/v2\/users\/2"}],"replies":[{"embeddable":true,"href":"https:\/\/www.europesays.com\/es\/wp-json\/wp\/v2\/comments?post=658478"}],"version-history":[{"count":0,"href":"https:\/\/www.europesays.com\/es\/wp-json\/wp\/v2\/posts\/658478\/revisions"}],"wp:featuredmedia":[{"embeddable":true,"href":"https:\/\/www.europesays.com\/es\/wp-json\/wp\/v2\/media\/658479"}],"wp:attachment":[{"href":"https:\/\/www.europesays.com\/es\/wp-json\/wp\/v2\/media?parent=658478"}],"wp:term":[{"taxonomy":"category","embeddable":true,"href":"https:\/\/www.europesays.com\/es\/wp-json\/wp\/v2\/categories?post=658478"},{"taxonomy":"post_tag","embeddable":true,"href":"https:\/\/www.europesays.com\/es\/wp-json\/wp\/v2\/tags?post=658478"}],"curies":[{"name":"wp","href":"https:\/\/api.w.org\/{rel}","templated":true}]}}