{"id":6585,"date":"2025-07-27T08:32:09","date_gmt":"2025-07-27T08:32:09","guid":{"rendered":"https:\/\/www.europesays.com\/es\/6585\/"},"modified":"2025-07-27T08:32:09","modified_gmt":"2025-07-27T08:32:09","slug":"si-te-gusto-se-lo-que-hicisteis-el-ultimo-verano-tienes-que-ver-esta-comedia-negra-disponible-en-netflix","status":"publish","type":"post","link":"https:\/\/www.europesays.com\/es\/6585\/","title":{"rendered":"Si te gust\u00f3 &#8216;S\u00e9 lo que hicisteis el \u00faltimo verano&#8217;, tienes que ver esta comedia negra disponible en Netflix"},"content":{"rendered":"<p class=\"paragraph\"><b>El viernes 18 de julio <\/b>llega a los cines de Espa\u00f1a <b><a href=\"https:\/\/www.20minutos.es\/cinemania\/noticias\/se-hicisteis-ultimo-verano-2025-trailer-reparto-fecha-estreno-5661276\/\" rel=\"nofollow noopener\" target=\"_blank\">S\u00e9 lo que hicisteis el \u00faltimo verano<\/a><\/b> (2025), el reboot de una de las <b>sagas m\u00e1s ic\u00f3nicas del cine de terror<\/b> de la d\u00e9cada de los 90 y que traer\u00e1 de vuelta a <b>Jennifer Love Hewitt y a Freddie Prize Jr.<\/b> a\u00f1os despu\u00e9s. La franquicia de slasher tiene fans alrededor del mundo que est\u00e1n ansiosos por ver la cuarta entrega de esta franquicia, que contar\u00e1 con rostros nuevos como <b>Madelyne Cline.<\/b><\/p>\n<p class=\"paragraph\">Los que ya hayan visto las tres pel\u00edculas de S\u00e9 lo que hicisteis el \u00faltimo verano y hayan disfrutado de otras sagas como Scream, tienen <b>disponible en Netflix<\/b> una pel\u00edcula ideal para amenizar la espera,\u00a0<b>Revancha ya <\/b>(2022). Esta divertida cinta de<b> comedia negra no dura ni dos horas<\/b> y cuenta con un reparto de lujo conformado por <b>Sophie Turner<\/b> (Juego de tronos), <b>Maya Hawke<\/b><a href=\"https:\/\/www.20minutos.es\/cinemania\/series\/temporada-final-stranger-things-tres-entregas-ambicioso-plan-netflix-navidades-5717732\/\" rel=\"nofollow noopener\" target=\"_blank\"> (Stranger Things)<\/a> y <b>Camila Mendes<\/b> (Riverdale).<\/p>\n<p>            <a href=\"https:\/\/www.20minutos.es\/cinemania\/noticias\/apocalipsis-z-parte-dos-rodaje-zombis-espanoles-5727781\/\" rel=\"nofollow noopener\" target=\"_blank\"><\/p>\n<p>                <img decoding=\"async\" loading=\"lazy\" width=\"320\" height=\"180\" alt=\"Una imagen de 'Apocalipsis Z: El principio del fin'\" src=\"https:\/\/imagenes.20minutos.es\/files\/image_320_180\/uploads\/imagenes\/2025\/07\/02\/apocalipsis-z-el-principio-del-fin.jpeg\" data-full-src=\"https:\/\/www.europesays.com\/es\/wp-content\/uploads\/2025\/07\/apocalipsis-z-el-principio-del-fin.jpeg\"\/><br \/>\n            <\/a><\/p>\n<p>&#8216;Revancha ya&#8217;, en Netflix: sinopsis, tr\u00e1iler y reparto<\/p>\n<p>        <img decoding=\"async\" loading=\"lazy\" width=\"640\" alt=\"Sophie Turner- Erica en 'Revancha ya' ('Do Revenge')\" height=\"336\" src=\"https:\/\/imagenes.20minutos.es\/files\/image_640_auto\/uploads\/imagenes\/2022\/09\/23\/sophie-turner-erica-en-revancha-ya-do-revenge.jpeg\" data-full-src=\"https:\/\/www.europesays.com\/es\/wp-content\/uploads\/2025\/07\/sophie-turner-erica-en-revancha-ya-do-revenge.jpeg\"\/><\/p>\n<p>    Sophie Turner- Erica en &#8216;Revancha ya&#8217; (&#8216;Do Revenge&#8217;)Netflix<\/p>\n<p class=\"paragraph\">Drea <a href=\"https:\/\/www.20minutos.es\/cinemania\/noticias\/camila-mendes-abandona-reboot-se-que-hicisteis-ultimo-verano-5630819\/\" rel=\"nofollow noopener\" target=\"_blank\">(Camila Mendes)<\/a> es una de las <b>chicas m\u00e1s populares del instituto, <\/b>pero su fama se viene abajo cuando su novio Max (Austin Abrams) <b>filtra al resto de alumnos un v\u00eddeo sexual<\/b> de la hasta ahora chica que todos admiraban. A ese centro llega tambi\u00e9n Eleanor (Maya Hawke), <b>una chica marginada muy cabreada<\/b> porque va a estudiar en el mismo lugar que Carissa (Ava Capri), una chica que <b>desat\u00f3 un rumor<\/b> sobre ella.<\/p>\n<p class=\"paragraph\">Las dos repudiadas estudiantes se conocen de forma fortuita, y ambas <b>deciden forjar una alianza<\/b> para vengarse de los que han hecho la vida imposible a la otra. Revancha ya es una <b>comedia de humor negro<\/b> con muchos toques de venganza que es perfecta para ver pasar la tarde\u00a0y est\u00e1 <b>disponible en el<a href=\"https:\/\/www.20minutos.es\/cinemania\/series\/juego-calamar-rompe-netflix-nuevo-record-tercera-temporada-5727475\/\" rel=\"nofollow noopener\" target=\"_blank\"> cat\u00e1logo de Netflix.<\/a><\/b><\/p>\n<p class=\"paragraph\">Adem\u00e1s de contar con tres actrices de la talla de <a href=\"https:\/\/www.20minutos.es\/cinemania\/series\/sophie-turner-brutal-cambio-transformacion-fisica-especulaciones-lara-croft-5715098\/\" rel=\"nofollow noopener\" target=\"_blank\">Sophie Turner,<\/a> Camila Mendes y Maya Hawke, en Revancha ya tambi\u00e9n se pueden ver otras caras conocidas, como <b>Sarah Michelle-Geller, <\/b>uno de los grandes iconos del terror gracias precisamente a S\u00e9 lo que hicisteis el \u00faltimo verano (1997), Scream 2 (1997) o Buffy, cazavampiros, <b>Rachel Matthews <\/b>(Feliz d\u00eda de tu muerte),\u00a0<b>Rish Shah, Talia Ryder<\/b> (West Side Story) y <b>Jonathan Daviss <\/b>(Outer Banks), entre otros.<\/p>\n<p>            <a href=\"https:\/\/www.20minutos.es\/cinemania\/noticias\/jurassic-world-renacer-final-explicado-escena-postcreditos-5726655\/\" rel=\"nofollow noopener\" target=\"_blank\"><\/p>\n<p>                <img decoding=\"async\" loading=\"lazy\" width=\"320\" height=\"180\" alt=\"Jonathan Bailey y Scarlett Johansson en 'Jurassic World: El renacer'\" src=\"https:\/\/imagenes.20minutos.es\/files\/image_320_180\/uploads\/imagenes\/2025\/06\/27\/jonathan-bailey-y-scarlett-johansson-en-jurassic-world-el-renacer.jpeg\" data-full-src=\"https:\/\/www.europesays.com\/es\/wp-content\/uploads\/2025\/07\/jonathan-bailey-y-scarlett-johansson-en-jurassic-world-el-renacer.jpeg\"\/><br \/>\n            <\/a><\/p>\n<p class=\"paragraph\">Con una duraci\u00f3n de <b>menos de dos horas,<\/b> Revancha ya es\u00a0<b>una historia de venganza <\/b>muy divertida que adem\u00e1s tambi\u00e9n se enmarca dentro del <a href=\"https:\/\/www.20minutos.es\/cinemania\/noticias\/cuatro-peliculas-espanolas-para-vivir-orgullo-flixole-5726097\/\" rel=\"nofollow noopener\" target=\"_blank\">g\u00e9nero de cine LGTB. <\/a>Es una <b>producci\u00f3n original de Netflix<\/b> y solo se puede ver en Espa\u00f1a a trav\u00e9s de la propia plataforma de streaming.<\/p>\n","protected":false},"excerpt":{"rendered":"El viernes 18 de julio llega a los cines de Espa\u00f1a S\u00e9 lo que hicisteis el \u00faltimo verano&hellip;\n","protected":false},"author":2,"featured_media":6586,"comment_status":"","ping_status":"","sticky":false,"template":"","format":"standard","meta":{"footnotes":""},"categories":[169],"tags":[177,3951,179,178,146,147,25,24,176,175,152,267,5337,5414,23],"class_list":{"0":"post-6585","1":"post","2":"type-post","3":"status-publish","4":"format-standard","5":"has-post-thumbnail","7":"category-cine","8":"tag-cine","9":"tag-cine-de-terror","10":"tag-cinemania-noticias","11":"tag-cinemania-streaming","12":"tag-entertainment","13":"tag-entretenimiento","14":"tag-es","15":"tag-espana","16":"tag-film","17":"tag-movies","18":"tag-netflix","19":"tag-planseo","20":"tag-se-lo-que-hicisteis-el-ultimo-verano","21":"tag-sophie-turner","22":"tag-spain"},"share_on_mastodon":{"url":"","error":""},"_links":{"self":[{"href":"https:\/\/www.europesays.com\/es\/wp-json\/wp\/v2\/posts\/6585","targetHints":{"allow":["GET"]}}],"collection":[{"href":"https:\/\/www.europesays.com\/es\/wp-json\/wp\/v2\/posts"}],"about":[{"href":"https:\/\/www.europesays.com\/es\/wp-json\/wp\/v2\/types\/post"}],"author":[{"embeddable":true,"href":"https:\/\/www.europesays.com\/es\/wp-json\/wp\/v2\/users\/2"}],"replies":[{"embeddable":true,"href":"https:\/\/www.europesays.com\/es\/wp-json\/wp\/v2\/comments?post=6585"}],"version-history":[{"count":0,"href":"https:\/\/www.europesays.com\/es\/wp-json\/wp\/v2\/posts\/6585\/revisions"}],"wp:featuredmedia":[{"embeddable":true,"href":"https:\/\/www.europesays.com\/es\/wp-json\/wp\/v2\/media\/6586"}],"wp:attachment":[{"href":"https:\/\/www.europesays.com\/es\/wp-json\/wp\/v2\/media?parent=6585"}],"wp:term":[{"taxonomy":"category","embeddable":true,"href":"https:\/\/www.europesays.com\/es\/wp-json\/wp\/v2\/categories?post=6585"},{"taxonomy":"post_tag","embeddable":true,"href":"https:\/\/www.europesays.com\/es\/wp-json\/wp\/v2\/tags?post=6585"}],"curies":[{"name":"wp","href":"https:\/\/api.w.org\/{rel}","templated":true}]}}