{"id":658552,"date":"2026-07-14T23:37:13","date_gmt":"2026-07-14T23:37:13","guid":{"rendered":"https:\/\/www.europesays.com\/es\/658552\/"},"modified":"2026-07-14T23:37:13","modified_gmt":"2026-07-14T23:37:13","slug":"otro-doctorado-internacional-de-cubarsi-seco-a-los-gallos-franceses","status":"publish","type":"post","link":"https:\/\/www.europesays.com\/es\/658552\/","title":{"rendered":"Otro doctorado internacional de Cubars\u00ed: sec\u00f3 a los gallos franceses"},"content":{"rendered":"<p class=\"ft-text\"><strong>El Mundial de Espa\u00f1a no se explicar\u00eda, en parte, sin el rendimiento de Pau Cubars\u00ed<\/strong>. El central azulgrana est\u00e1 a otro nivel. Su rendimiento en el FC Barcelona ha sido incuestionable, pero en esta Copa del Mundo ha dado <strong>un salto muy importante<\/strong>. Junto a <strong>Aymeric Laporte<\/strong>, ha formado una <strong>pareja infranqueable<\/strong> que <a class=\"ft-link ft-link--decoration\" href=\"https:\/\/www.sport.es\/es\/noticias\/seleccion\/espana-baila-francia-luchara-segunda-132455191\" rel=\"nofollow noopener\" target=\"_blank\">se ha impuesto a los mejores ataques del mundo, siendo Francia la \u00faltima v\u00edctima<\/a>. A sus 19 a\u00f1os, contin\u00faa elevando su techo.<\/p>\n<p class=\"ft-text\">El debate en torno al central del Estanyol pr\u00e1cticamente no ha existido desde <strong>su debut con el primer equipo del Bar\u00e7a, el 18 de enero de 2024<\/strong> de la mano de <strong>Xavi Hern\u00e1ndez<\/strong>, quien presenci\u00f3 la en\u00e9sima masterclass defensiva de su pupilo desde la zona noble del Dallas Stadium. Y cuando ha habido dudas, r\u00e1pidamente las ha despejado con sus actuaciones donde mejor sabe hablar: en el terreno de juego.<\/p>\n<p class=\"ft-text\">Cuando se ha querido generar debate, principalmente desde la capital espa\u00f1ola, nunca ha llegado a buen puerto. Le han querido comparar con <strong>Huijsen<\/strong>, ponerlo a su altura, e incluso menostenerle, pero los hechos siempre <strong>han ca\u00eddo por su propio peso<\/strong>. Cubars\u00ed est\u00e1 luci\u00e9ndose en el Mundial -partido tras partido-, mientras que el central del Real Madrid lo ha visto desde el sof\u00e1 de su casa.<\/p>\n<p>Dominio de la escena<\/p>\n<p class=\"ft-text\">Este Campeonato del Mundo ha puesto a Cubars\u00ed en el gran escaparate internacional. En el mundo del f\u00fatbol no hay escenario m\u00e1s importante que el Mundial. <a class=\"ft-link ft-link--decoration\" href=\"https:\/\/www.sport.es\/es\/noticias\/mundial-futbol\/pau-cubarsi-muro-espana-pasar-132017677\" rel=\"nofollow noopener\" target=\"_blank\">Y Cubars\u00ed est\u00e1 superando el examen con nota<\/a>. Se ha enfrentado a huesos duros de roer, ha tenido retos que a muchos se les habr\u00edan atragantado. Una leyenda del f\u00fatbol como <strong>Cristiano Ronaldo<\/strong>, a quien ver\u00eda desde su casa hace 10 a\u00f1os, se la puso en el bolsillo.<\/p>\n<p><img decoding=\"async\" src=\"https:\/\/www.europesays.com\/es\/wp-content\/uploads\/2026\/07\/0d8738d9-43b3-4045-8b35-1895cbd24bb3_alta-libre-aspect-ratio_default_0_x1000y444.jpg\" width=\"1200\" height=\"800\" alt=\"DALLAS (United States), 14\/07\/2026.- Kylian Mbappe of France (L) and Pau Cubarsi of Spain in action during the FIFA World Cup 2026 semifinals match France against Spain, in Dallas, USA, 14 July 2026. (Francia, Espa\u00f1a) EFE\/EPA\/SHAWN THEW\" class=\"ft-helper-img-rd\" loading=\"lazy\" fetchpriority=\"auto\"\/><\/p>\n<p class=\"ft-helper-fontColor-quaternary ft-helper-fontSize-body-S ft-helper-spacer-t-xxs\">Pau Cubars\u00ed le gan\u00f3 la partida a Mbapp\u00e9  \/ SHAWN THEW \/ EFE<\/p>\n<p class=\"ft-text\">Las expectativas acerca del <strong>gran duelo ante Francia<\/strong> eran enormes. El poder\u00edo ofensivo franc\u00e9s causaba temor entre toda la afici\u00f3n, pero <strong>para Cubars\u00ed y Laporta pareci\u00f3 ser pura diversi\u00f3n<\/strong>. <a class=\"ft-link ft-link--decoration\" href=\"https:\/\/www.sport.es\/es\/noticias\/seleccion\/enesimo-recital-kaiser-pau-cubarsi-132067161\" rel=\"nofollow noopener\" target=\"_blank\">Bajo la atenta mirada de su \u00eddolo, Carles Puyol<\/a>, el defensor culer fue <strong>la mayor pesadilla de un Mbapp\u00e9<\/strong> que lo intent\u00f3 en cada acci\u00f3n que dispuso, pero una tras otra, choc\u00f3 contra un muro infranqueable llamado <strong>Pau Cubars\u00ed Paredes<\/strong>. El barcelonista cuaj\u00f3 un partido muy muy serio, gobernando la l\u00ednea defensiva de <strong>Luis de la Fuente<\/strong>.<\/p>\n<p>Una trayectoria inmaculada<\/p>\n<p class=\"ft-text\">Todav\u00eda es jovenc\u00edsimo y no llega a la veintena. Pero su curr\u00edculum con la selecci\u00f3n es inmaculado hasta la fecha. Debut\u00f3 con la absoluta siendo menor de edad, a los <strong>17 a\u00f1os<\/strong>, y no tardaron en llegar los \u00e9xitos. El verano de ese mismo a\u00f1o tuvo doble alegr\u00eda: <strong>Eurocopa y medalla de oro en los Juegos Ol\u00edmpicos<\/strong>. Solo le falta la <strong>Nations League<\/strong>, que perdi\u00f3 en junio de 2025 ante Portugal, <a class=\"ft-link ft-link--decoration\" href=\"https:\/\/www.sport.es\/es\/noticias\/seleccion\/espana-final-mundial-2026-fecha-horario-rival-132458562\" rel=\"nofollow noopener\" target=\"_blank\"><strong>y el Mundial<\/strong><\/a><strong>&#8230; pero este domingo puede llegar<\/strong>.<\/p>\n","protected":false},"excerpt":{"rendered":"El Mundial de Espa\u00f1a no se explicar\u00eda, en parte, sin el rendimiento de Pau Cubars\u00ed. El central azulgrana&hellip;\n","protected":false},"author":2,"featured_media":658553,"comment_status":"","ping_status":"","sticky":false,"template":"","format":"standard","meta":{"footnotes":""},"categories":[268],"tags":[8432,48108,168,25,24,280,317,282,24904,1070,60113,281,23,167,6278],"class_list":["post-658552","post","type-post","status-publish","format-standard","has-post-thumbnail","category-futbol","tag-cristiano-ronaldo","tag-cubarsi","tag-deportes","tag-es","tag-espana","tag-football","tag-francia","tag-futbol","tag-mbappe","tag-mundial","tag-puyol","tag-soccer","tag-spain","tag-sports","tag-xavi"],"share_on_mastodon":{"url":"https:\/\/pubeurope.com\/@es\/116920966301662526","error":""},"_links":{"self":[{"href":"https:\/\/www.europesays.com\/es\/wp-json\/wp\/v2\/posts\/658552","targetHints":{"allow":["GET"]}}],"collection":[{"href":"https:\/\/www.europesays.com\/es\/wp-json\/wp\/v2\/posts"}],"about":[{"href":"https:\/\/www.europesays.com\/es\/wp-json\/wp\/v2\/types\/post"}],"author":[{"embeddable":true,"href":"https:\/\/www.europesays.com\/es\/wp-json\/wp\/v2\/users\/2"}],"replies":[{"embeddable":true,"href":"https:\/\/www.europesays.com\/es\/wp-json\/wp\/v2\/comments?post=658552"}],"version-history":[{"count":0,"href":"https:\/\/www.europesays.com\/es\/wp-json\/wp\/v2\/posts\/658552\/revisions"}],"wp:featuredmedia":[{"embeddable":true,"href":"https:\/\/www.europesays.com\/es\/wp-json\/wp\/v2\/media\/658553"}],"wp:attachment":[{"href":"https:\/\/www.europesays.com\/es\/wp-json\/wp\/v2\/media?parent=658552"}],"wp:term":[{"taxonomy":"category","embeddable":true,"href":"https:\/\/www.europesays.com\/es\/wp-json\/wp\/v2\/categories?post=658552"},{"taxonomy":"post_tag","embeddable":true,"href":"https:\/\/www.europesays.com\/es\/wp-json\/wp\/v2\/tags?post=658552"}],"curies":[{"name":"wp","href":"https:\/\/api.w.org\/{rel}","templated":true}]}}