{"id":658909,"date":"2026-07-15T05:32:37","date_gmt":"2026-07-15T05:32:37","guid":{"rendered":"https:\/\/www.europesays.com\/es\/658909\/"},"modified":"2026-07-15T05:32:37","modified_gmt":"2026-07-15T05:32:37","slug":"de-lunes-a-viernes-rinde-homenaje-a-carlos-zapata-companero-de-telecinco-fallecido-siempre-sonreia","status":"publish","type":"post","link":"https:\/\/www.europesays.com\/es\/658909\/","title":{"rendered":"&#8216;De lunes a viernes&#8217; rinde homenaje a Carlos Zapata, compa\u00f1ero de Telecinco fallecido: \u00abSiempre sonre\u00eda\u00bb"},"content":{"rendered":"<p class=\"article-text\">\n        <strong>De lunes a viernes <\/strong>despidi\u00f3 su entrega de ayer, 13 de julio, con unas emotivas palabras a un miembro del equipo: \u201c<strong>Queremos homenajear a un compa\u00f1ero, Carlos Zapata, que ha fallecido\u201d <\/strong>dec\u00eda <strong>Santi Acosta <\/strong>desde el sof\u00e1 del programa en el que estaban todos los tertulianos junto a \u00e9l.\n    <\/p>\n<p>    <a href=\"https:\/\/www.eldiario.es\/vertele\/entrevistas\/santi-acosta-encara-comparaciones-salvame-de-lunes-a-viernes-bebemos-fuentes-anteriores_1_13354599.html\" data-mrf-recirculation=\"saber-mas\" data-dl-event=\"saber-mas\" rel=\"nofollow noopener\" target=\"_blank\"><\/p>\n<p class=\"know-more__title\">Santi Acosta encara las comparaciones entre &#8216;De lunes a viernes&#8217; y &#8216;S\u00e1lvame&#8217;: \u00abTodos bebemos de fuentes anteriores\u00bb<\/p>\n<p>            <img decoding=\"async\" class=\"lazy\" loading=\"lazy\" data-src=\"https:\/\/static.eldiario.es\/clip\/700899e8-2ac2-4b1c-bca4-f7214325d55a_16-9-aspect-ratio_default_0.jpg\" src=\"data:image\/svg+xml,%3Csvg xmlns=\" http:=\"\" viewbox=\"0 0 880 495\" alt=\"Santi Acosta encara las comparaciones entre 'De lunes a viernes' y 'S\u00e1lvame': &quot;Todos bebemos de fuentes anteriores&quot;\"\/><\/p>\n<p>                        <\/a><\/p>\n<p class=\"article-text\">\n        El resto de colaboradores se sumaban al p\u00e9same y <strong>Beatriz Archidona <\/strong>continuaba con el mensaje: \u201cLe mandamos un abrazo enorme y todo nuestro cari\u00f1o a su familia, <strong>gran compa\u00f1ero de esta casa\u201d<\/strong>.\n    <\/p>\n<p class=\"article-text\">\n        Mientras los espectadores escuchaban las palabras de los presentadores y ve\u00edan en pantalla la imagen de Zapata, la que se marchaba del programa era<strong> Terelu Campos<\/strong> en lo que se entendi\u00f3 como un gesto de dolor ante la noticia: \u201c<strong>No puedo, perdonadme pero no puedo, no puedo\u201d. <\/strong>\n    <\/p>\n<blockquote class=\"twitter-tweet\" data-lang=\"es\"><p><a href=\"https:\/\/twitter.com\/X\/status\/2076727852708327703?ref_src=twsrc%5Etfw\" rel=\"nofollow noopener\" target=\"_blank\"><\/p><\/blockquote>\n<p class=\"article-text\">\n        En los \u00faltimos segundos de la emisi\u00f3n, Acosta recordaba que Zapata era \u201c<strong>un compa\u00f1ero que siempre sonre\u00eda<\/strong>\u201d. Una caracter\u00edstica que el resto apoy\u00f3. Mientras, el programa se quedaba en silencio y con la imagen de Zapata alej\u00e1ndose, con los colaboradores apesadumbrados y sin Terelu.\n    <\/p>\n<p>    <a href=\"https:\/\/www.eldiario.es\/vertele\/videos\/actualidad\/telecinco-lanza-primera-promo-nuevo-rosco-ritmo-aleluya-medio-guerra-pasapalabra_8_13376983.html\" data-mrf-recirculation=\"saber-mas-abajo\" data-dl-event=\"saber-mas-abajo\" rel=\"nofollow noopener\" target=\"_blank\"><\/p>\n<p class=\"know-more__title\">Telecinco lanza la primera promo de su nuevo &#8216;Rosco&#8217; a ritmo del &#8216;Aleluya&#8217;, en medio de la guerra por &#8216;Pasapalabra&#8217;<\/p>\n<p>            <img decoding=\"async\" class=\"lazy\" loading=\"lazy\" data-src=\"https:\/\/static.eldiario.es\/clip\/f683be01-3155-43a6-906b-f3b475d05b57_16-9-aspect-ratio_default_0.jpg\" src=\"data:image\/svg+xml,%3Csvg xmlns=\" http:=\"\" viewbox=\"0 0 880 495\" alt=\"Telecinco lanza la primera promo de su nuevo 'Rosco' a ritmo del 'Aleluya', en medio de la guerra por 'Pasapalabra'\"\/><\/p>\n<p>                        <\/a><\/p>\n<p class=\"article-text\">\n        De esta manera, el espacio se despidi\u00f3 p\u00fablicamente de un compa\u00f1ero con el que la mayor\u00eda del equipo hab\u00eda trabajado durante a\u00f1os, hasta este repentino fallecimiento.\n    <\/p>\n<p>                                    <script async src=\"https:\/\/platform.twitter.com\/widgets.js\" charset=\"utf-8\"><\/script><\/p>\n","protected":false},"excerpt":{"rendered":"De lunes a viernes despidi\u00f3 su entrega de ayer, 13 de julio, con unas emotivas palabras a un&hellip;\n","protected":false},"author":2,"featured_media":658910,"comment_status":"","ping_status":"","sticky":false,"template":"","format":"standard","meta":{"footnotes":""},"categories":[91],"tags":[415,11582,146,147,25,24,2051,6552,1051,3656,92620,23,692,381,15634],"class_list":["post-658909","post","type-post","status-publish","format-standard","has-post-thumbnail","category-entretenimiento","tag-carlos","tag-companero","tag-entertainment","tag-entretenimiento","tag-es","tag-espana","tag-fallecido","tag-homenaje","tag-lunes","tag-rinde","tag-sonreia","tag-spain","tag-telecinco","tag-viernes","tag-zapata"],"share_on_mastodon":{"url":"https:\/\/pubeurope.com\/@es\/116922361221620421","error":""},"_links":{"self":[{"href":"https:\/\/www.europesays.com\/es\/wp-json\/wp\/v2\/posts\/658909","targetHints":{"allow":["GET"]}}],"collection":[{"href":"https:\/\/www.europesays.com\/es\/wp-json\/wp\/v2\/posts"}],"about":[{"href":"https:\/\/www.europesays.com\/es\/wp-json\/wp\/v2\/types\/post"}],"author":[{"embeddable":true,"href":"https:\/\/www.europesays.com\/es\/wp-json\/wp\/v2\/users\/2"}],"replies":[{"embeddable":true,"href":"https:\/\/www.europesays.com\/es\/wp-json\/wp\/v2\/comments?post=658909"}],"version-history":[{"count":0,"href":"https:\/\/www.europesays.com\/es\/wp-json\/wp\/v2\/posts\/658909\/revisions"}],"wp:featuredmedia":[{"embeddable":true,"href":"https:\/\/www.europesays.com\/es\/wp-json\/wp\/v2\/media\/658910"}],"wp:attachment":[{"href":"https:\/\/www.europesays.com\/es\/wp-json\/wp\/v2\/media?parent=658909"}],"wp:term":[{"taxonomy":"category","embeddable":true,"href":"https:\/\/www.europesays.com\/es\/wp-json\/wp\/v2\/categories?post=658909"},{"taxonomy":"post_tag","embeddable":true,"href":"https:\/\/www.europesays.com\/es\/wp-json\/wp\/v2\/tags?post=658909"}],"curies":[{"name":"wp","href":"https:\/\/api.w.org\/{rel}","templated":true}]}}