{"id":659001,"date":"2026-07-15T07:05:25","date_gmt":"2026-07-15T07:05:25","guid":{"rendered":"https:\/\/www.europesays.com\/es\/659001\/"},"modified":"2026-07-15T07:05:25","modified_gmt":"2026-07-15T07:05:25","slug":"los-arquitectos-de-cordoba-avisan-la-ciudad-no-esta-preparada-para-el-calor-extremo-aunque-camina-hacia-ello","status":"publish","type":"post","link":"https:\/\/www.europesays.com\/es\/659001\/","title":{"rendered":"Los arquitectos de C\u00f3rdoba avisan: \u00abLa ciudad no est\u00e1 preparada para el calor extremo, aunque camina hacia ello\u00bb"},"content":{"rendered":"<p class=\"ft-text ft-helper-closenews\">Llega el verano y <strong>salir a la calle en C\u00f3rdoba a determinadas horas del d\u00eda puede parecer un infierno<\/strong>. En casa, muchas veces, el panorama no es mucho mejor, el aire acondicionado no da abasto y las noches tropicales empiezan a dejar de ser una excepci\u00f3n. En ese contexto, quiz\u00e1 se pasa demasiado por encima el <a class=\"ft-link ft-link--decoration\" href=\"https:\/\/www.diariocordoba.com\/cordoba-ciudad\/2025\/08\/16\/cordoba-reto-diseno-urbano-adaptado-120654938.html\" target=\"_blank\" rel=\"nofollow noopener\"><strong>papel que pueden jugar la arquitectura y el urbanismo<\/strong><\/a><strong> a la hora de combatir las altas temperaturas<\/strong>, especialmente cuando el cambio clim\u00e1tico convierte los 40 grados y las m\u00ednimas por encima de 25 en una normalidad cada vez m\u00e1s frecuente.<\/p>\n<p class=\"ft-text\">Los arquitectos consultados coinciden en un diagn\u00f3stico, <strong>C\u00f3rdoba todav\u00eda no est\u00e1 plenamente preparada para combatir el calor<\/strong>, aunque tambi\u00e9n lanzan un <strong>mensaje de esperanza<\/strong>. La ciudad, dicen, <strong>camina hacia ello,<\/strong> sobre todo en la nueva construcci\u00f3n. El gran problema est\u00e1 en el parque de viviendas antiguas y en un dise\u00f1o urbano que a\u00fan tiene muchas asignaturas pendientes en materia de sombra, vegetaci\u00f3n, materiales y refugios clim\u00e1ticos.<\/p>\n<p>El gran debe: los edificios antiguos<\/p>\n<p class=\"ft-text\">Para <strong>Ignacio Cabezas<\/strong>, responsable del estudio Cabezas Arquitectos, cree que <strong>en los edificios nuevos \u00abs\u00ed se est\u00e1 haciendo un muy buen trabajo<\/strong>\u00bb. El problema principal, apunta, est\u00e1 en \u00ablos <strong>edificios antiguos<\/strong>\u00bb.Cabezas sit\u00faa el punto de inflexi\u00f3n en la entrada en vigor del C\u00f3digo T\u00e9cnico de la Edificaci\u00f3n, en 2006. A su juicio, esta normativa supuso un avance muy importante, ya que los edificios construidos a partir de entonces incorporan \u00abuna exigencia t\u00e9cnica muy potente\u00bb, especialmente en materia de aislamiento, eficiencia energ\u00e9tica y confort interior.<\/p>\n<p><img decoding=\"async\" src=\"https:\/\/www.europesays.com\/es\/wp-content\/uploads\/2026\/07\/9fcf6cfd-7605-485c-816b-9698ec584f60_alta-libre-aspect-ratio_default_0.jpg\" width=\"1200\" height=\"900\" alt=\"V\u00edctor Castro C\u00f3rdoba Barrio Fuente de la Salud\" class=\"ft-helper-img-rd\" loading=\"lazy\" fetchpriority=\"auto\"\/><\/p>\n<p class=\"ft-helper-fontColor-quaternary ft-helper-fontSize-body-S ft-helper-spacer-t-xxs\">Las nuevas viviendas combaten mucho mejor el calor.  \/ V\u00cdCTOR CASTRO<\/p>\n<p class=\"ft-text\">Uno de los aspectos clave son los <strong>puentes t\u00e9rmicos<\/strong>, es decir, los puntos de uni\u00f3n entre materiales por los que puede producirse una transmisi\u00f3n de temperatura m\u00e1s inadecuada con el exterior. \u00abHoy est\u00e1n mucho mejor trabajados\u00bb, explica Cabezas, que tambi\u00e9n destaca la mejora en los aislamientos y en las carpinter\u00edas exteriores.<\/p>\n<p class=\"ft-text\">Eso no significa, matiza, que los edificios anteriores sean \u00abun desastre\u00bb, sino que <strong>responden a otros tiempos y a otras necesidades<\/strong>. Muchos inmuebles del siglo significa, matiza, que los edificios anteriores sean \u00abun desastre\u00bb, pasado no fueron pensados para el escenario clim\u00e1tico actual. \u00ab<strong>Las exigencias y las normas tecnol\u00f3gicas han avanzado much\u00edsimo<\/strong>\u00bb, se\u00f1ala.<\/p>\n<p>La importancia de soluciones pasivas<\/p>\n<p class=\"ft-text\">Para el arquitecto, la clave est\u00e1 en las llamadas <strong>soluciones pasivas<\/strong>, aquellas que permiten mejorar el comportamiento t\u00e9rmico de un edificio sin depender exclusivamente de sistemas mec\u00e1nicos como el <strong>aire acondicionado<\/strong>. Algunas son tradicionales y llevan siglos presentes en C\u00f3rdoba: <strong>muros gruesos, patios interiores, sombra, ventilaci\u00f3n cruzada y control de la entrada directa del sol<\/strong>. La diferencia, apunta, es que ahora se cuidan m\u00e1s los detalles t\u00e9cnicos y se combinan con mejores materiales.<\/p>\n<p class=\"ft-text\">Cabezas destaca, por ejemplo, que la <strong>mejora de las carpinter\u00edas y los aislamientos<\/strong> ha facilitado mucho la climatizaci\u00f3n de las viviendas y permite reducir el consumo energ\u00e9tico. \u00abEs posible, con mejor construcci\u00f3n, menor demanda energ\u00e9tica y menos necesidad de climatizaci\u00f3n, tener m\u00e1s confort\u00bb, resume. Aun as\u00ed, admite que el aire acondicionado sigue siendo la respuesta m\u00e1s extendida en C\u00f3rdoba y que \u00abpr\u00e1cticamente cualquier familia tiene acceso\u00bb a \u00e9l. El reto, insiste, es trabajar para mejorar la situaci\u00f3n de las viviendas antiguas y reducir esa dependencia.<\/p>\n<p><img decoding=\"async\" src=\"https:\/\/www.europesays.com\/es\/wp-content\/uploads\/2026\/07\/bb97e7ab-0b39-4967-97b4-4f3eadb4e310_alta-libre-aspect-ratio_default_0_x1000y444.jpg\" width=\"1200\" height=\"800\" alt=\"AJGONZALEZ CORDOBA Cristina Casanueva vista las obras de rehabilitacion de las viviendas sociales de Moreras en patio Periodista Grondona Instalacion de paneles solares energia solar construccion trabajo\" class=\"ft-helper-img-rd\" loading=\"lazy\" fetchpriority=\"auto\"\/><\/p>\n<p class=\"ft-helper-fontColor-quaternary ft-helper-fontSize-body-S ft-helper-spacer-t-xxs\">Trabajos de rehabilitaci\u00f3n el muro de una vivienda de C\u00f3rdoba.  \/ A. J. Gonz\u00e1lez<\/p>\n<p class=\"ft-text\">Tambi\u00e9n <strong>Victoria Ca\u00f1ada<\/strong>, responsable de la direcci\u00f3n operativa y estrat\u00e9gica del estudio La Casa 12, cree que C\u00f3rdoba <strong>\u00abpodr\u00eda mejorar bastante<\/strong>\u00bb, especialmente teniendo en cuenta \u00ablos cambios climatol\u00f3gicos que hemos sufrido en los \u00faltimos 20 a\u00f1os\u00bb. A su juicio, las soluciones constructivas y las medidas de sombra est\u00e1n cambiando, pero todav\u00eda queda mucho por hacer. Ca\u00f1ada se\u00f1ala tres aspectos fundamentales en la escala urbana: \u00ab<strong>vegetaci\u00f3n, sombreado y asfaltado<\/strong>\u00bb. Tambi\u00e9n reclama que se normalicen los refugios clim\u00e1ticos, espacios pensados para ofrecer resguardo a la poblaci\u00f3n durante los episodios de calor extremo.<\/p>\n<p class=\"ft-text\">La arquitecta mira tambi\u00e9n al <strong>pasado cordob\u00e9s<\/strong> para explicar que muchas soluciones tradicionales siguen teniendo sentido. El patio, recuerda, naci\u00f3 como una respuesta inteligente frente al calor, buscaba sombra, paredes gruesas, agua y estructuras capaces de suavizar la temperatura. \u00ab<strong>Era una idea bien tirada<\/strong>\u00bb, se\u00f1ala. Para Ca\u00f1ada, ese conocimiento no ha perdido vigencia, sino que debe reinterpretarse con las necesidades actuales.<\/p>\n<p>La dificultad de rehabilitar viviendas<\/p>\n<p class=\"ft-text\"><strong>Jes\u00fas Mohedano<\/strong>, de Mohedano Arquitectura, coincide con sus compa\u00f1eros en se\u00f1alar el C\u00f3digo T\u00e9cnico de la Edificaci\u00f3n de 2006 como un antes y un despu\u00e9s para afrontar el calor desde la arquitectura. \u00abSobre todo en carpinter\u00edas, aislamientos pasivos, cerramientos y cubiertas\u00bb, precisa. Aun as\u00ed, advierte de que<strong> las soluciones arquitect\u00f3nicas \u00abvan m\u00e1s lentas que el avance del cambio clim\u00e1tico\u00bb<\/strong>. <\/p>\n<p><img decoding=\"async\" src=\"https:\/\/www.europesays.com\/es\/wp-content\/uploads\/2026\/07\/26c51c69-c2cb-4a4d-8941-e2d9ba20e5a6_alta-libre-aspect-ratio_default_0.jpg\" width=\"1200\" height=\"799\" alt=\"Parque del Flamenco, uno de los que constituyen el anillo verde que rodear\u00e1 a la ciudad.\" class=\"ft-helper-img-rd\" loading=\"lazy\" fetchpriority=\"auto\"\/><\/p>\n<p class=\"ft-helper-fontColor-quaternary ft-helper-fontSize-body-S ft-helper-spacer-t-xxs\">Parque del Flamenco, uno de los que constituyen el anillo verde que rodear\u00e1 a la ciudad.  \/ A. J. Gonz\u00e1lez<\/p>\n<p class=\"ft-text\">Para Mohedano, el gran debe de C\u00f3rdoba est\u00e1 en su parque de vivienda antigua, donde las soluciones son complejas. Aunque existan ayudas para rehabilitaci\u00f3n energ\u00e9tica, el aislamiento pasivo exige intervenir en los cerramientos, algo que suele implicar ganar grosor hacia el interior o hacia el exterior. Y ah\u00ed aparece el problema. Si se act\u00faa hacia dentro, se pierden metros \u00fatiles de vivienda, algo que \u00abnadie quiere\u00bb. Si se act\u00faa hacia fuera, la normativa suele impedirlo, aunque Mohedano cree que \u00abdeber\u00eda excepcionarse\u00bb en determinados casos. Adem\u00e1s, considera que la burocracia es excesiva y que, en ocasiones, provoca que \u00abel propietario se detenga a mitad del proceso\u00bb.<\/p>\n<p class=\"ft-text\">A <strong>nivel urban\u00edstico<\/strong>, Mohedano cree que tambi\u00e9n <strong>quedan asignaturas pendientes<\/strong>. Aunque considera que a veces se sobrevalora el efecto de los \u00e1rboles como \u00fanica soluci\u00f3n para bajar la temperatura, valora positivamente iniciativas como el Cintur\u00f3n Verde. Tambi\u00e9n echa en falta un \u00ab<strong>gran complejo de piscinas<\/strong>\u00bb que ayude a combatir el calor en verano. \u00abCon las temperaturas que tenemos, C\u00f3rdoba deber\u00eda ser referente mundial en esto\u00bb, se\u00f1ala.<\/p>\n<p class=\"ft-text\">En conjunto, los arquitectos coinciden en que C\u00f3rdoba est\u00e1 avanzando, pero a\u00fan tiene mucho camino por recorrer. Las nuevas construcciones responden mejor al calor, pero la ciudad heredada sigue pesando, viviendas antiguas, calles duras, falta de sombra, demasiado asfalto y una <strong>dependencia muy alta del aire acondicionado.<\/strong><\/p>\n<p data-close=\"closedContent\" class=\"subscribeHideForDisplay\">Suscr\u00edbete para seguir leyendo<\/p>\n","protected":false},"excerpt":{"rendered":"Llega el verano y salir a la calle en C\u00f3rdoba a determinadas horas del d\u00eda puede parecer un&hellip;\n","protected":false},"author":2,"featured_media":659002,"comment_status":"","ping_status":"","sticky":false,"template":"","format":"standard","meta":{"footnotes":""},"categories":[173],"tags":[3739,229,233,231,230,62050,4922,777,2760,232,234,146,147,25,24,29414,20740,23],"class_list":["post-659001","post","type-post","status-publish","format-standard","has-post-thumbnail","category-arte-y-diseno","tag-arquitectos","tag-arte","tag-arte-y-diseno","tag-arts","tag-arts-and-design","tag-avisan","tag-calor","tag-ciudad","tag-cordoba","tag-design","tag-diseno","tag-entertainment","tag-entretenimiento","tag-es","tag-espana","tag-preparada","tag-soluciones","tag-spain"],"share_on_mastodon":{"url":"https:\/\/pubeurope.com\/@es\/116922727747087777","error":""},"_links":{"self":[{"href":"https:\/\/www.europesays.com\/es\/wp-json\/wp\/v2\/posts\/659001","targetHints":{"allow":["GET"]}}],"collection":[{"href":"https:\/\/www.europesays.com\/es\/wp-json\/wp\/v2\/posts"}],"about":[{"href":"https:\/\/www.europesays.com\/es\/wp-json\/wp\/v2\/types\/post"}],"author":[{"embeddable":true,"href":"https:\/\/www.europesays.com\/es\/wp-json\/wp\/v2\/users\/2"}],"replies":[{"embeddable":true,"href":"https:\/\/www.europesays.com\/es\/wp-json\/wp\/v2\/comments?post=659001"}],"version-history":[{"count":0,"href":"https:\/\/www.europesays.com\/es\/wp-json\/wp\/v2\/posts\/659001\/revisions"}],"wp:featuredmedia":[{"embeddable":true,"href":"https:\/\/www.europesays.com\/es\/wp-json\/wp\/v2\/media\/659002"}],"wp:attachment":[{"href":"https:\/\/www.europesays.com\/es\/wp-json\/wp\/v2\/media?parent=659001"}],"wp:term":[{"taxonomy":"category","embeddable":true,"href":"https:\/\/www.europesays.com\/es\/wp-json\/wp\/v2\/categories?post=659001"},{"taxonomy":"post_tag","embeddable":true,"href":"https:\/\/www.europesays.com\/es\/wp-json\/wp\/v2\/tags?post=659001"}],"curies":[{"name":"wp","href":"https:\/\/api.w.org\/{rel}","templated":true}]}}