{"id":659056,"date":"2026-07-15T07:48:17","date_gmt":"2026-07-15T07:48:17","guid":{"rendered":"https:\/\/www.europesays.com\/es\/659056\/"},"modified":"2026-07-15T07:48:17","modified_gmt":"2026-07-15T07:48:17","slug":"roberto-anidos-se-une-al-proyecto-del-obradoiro","status":"publish","type":"post","link":"https:\/\/www.europesays.com\/es\/659056\/","title":{"rendered":"Roberto Anidos se une al proyecto del Obradoiro"},"content":{"rendered":"<p class=\"ft-text\">El <a class=\"ft-link ft-link--decoration\" href=\"https:\/\/www.elcorreogallego.es\/tags\/obradoiro-cab\/\" target=\"_blank\" rel=\"nofollow noopener\"><strong>Monbus Obradoiro<\/strong><\/a> sigue perfilando su proyecto de regreso a la <strong>ACB<\/strong>. En el d\u00eda de ayer, el club confirm\u00f3 la incorporaci\u00f3n de <strong>Roberto Anidos<\/strong> a su direcci\u00f3n deportiva, un movimiento que refuerza su estructura.<\/p>\n<p class=\"ft-text\">El especialista coru\u00f1\u00e9s en scouting y an\u00e1lisis de jugadores <a class=\"ft-link ft-link--decoration\" href=\"https:\/\/www.elcorreogallego.es\/deportes\/2026\/04\/06\/baloncesto-universitario-nba-knicks-agencia-scouting-next-radar-basketball-128803860.html\" target=\"_blank\" rel=\"nofollow noopener\"><strong>ya ven\u00eda colaborando con la entidad picheleira a trav\u00e9s de Next Radar Basketball<\/strong><\/a>, empresa con la que el Obradoiro alcanz\u00f3 recientemente un acuerdo estrat\u00e9gico, aunque finalmente ambas partes han decidido dar un paso m\u00e1s e integrar al CEOde Piratas del Basket directamente en el organigrama deportivo del club.<\/p>\n<p class=\"ft-text\">La colaboraci\u00f3n entre ambas iniciativas persegu\u00eda, en su momento, fortalecer el departamento deportivo del club <strong>con nuevas herramientas y metodolog\u00edas orientadas al seguimiento de jugadores, la evaluaci\u00f3n de talento y la planificaci\u00f3n competitiva<\/strong>. La entidad santiaguesa buscaba as\u00ed fortalecer una de las \u00e1reas clave en su vuelta a la m\u00e1xima categor\u00eda del baloncesto espa\u00f1ol.<\/p>\n<p class=\"ft-text\">Ahora, la incorporaci\u00f3n de Anidos supone trasladar esa colaboraci\u00f3n al d\u00eda a d\u00eda de la direcci\u00f3n deportiva, <strong>donde trabajar\u00e1 de forma directa en la planificaci\u00f3n de la plantilla<\/strong> y en las labores de scouting.<\/p>\n<p class=\"ft-text\">En este contexto, el nuevo miembro de la direcci\u00f3n deportiva del Obradoiro aportar\u00e1 su experiencia para reforzar las labores de b\u00fasqueda de perfiles que contribuyan a la confecci\u00f3n de una plantilla competitiva para <a class=\"ft-link ft-link--decoration\" href=\"https:\/\/www.elcorreogallego.es\/deportes\/2026\/07\/11\/obradoiro-oficial-fichaje-leo-meindl-132355966.html\" target=\"_blank\" rel=\"nofollow noopener\"><strong>el regreso a la Liga ACB<\/strong><\/a>.<\/p>\n<p class=\"ft-text\">Anidos cuenta con experiencia en el an\u00e1lisis y la detecci\u00f3n de talento, tanto en el baloncesto nacional como internacional, un perfil que el <a class=\"ft-link ft-link--decoration\" href=\"https:\/\/www.elcorreogallego.es\/tags\/obradoiro-cab\/\" target=\"_blank\" rel=\"nofollow noopener\">Obradoiro<\/a> considera clave para fortalecer su proyecto deportivo.<\/p>\n<p class=\"ft-text\">Adem\u00e1s, la empresa que uni\u00f3 al Obra y Anidos, <a class=\"ft-link ft-link--decoration\" href=\"https:\/\/www.elcorreogallego.es\/deportes\/2026\/04\/06\/baloncesto-universitario-nba-knicks-agencia-scouting-next-radar-basketball-128803860.html\" target=\"_blank\" rel=\"nofollow noopener\"><strong>Next Radar Basketball<\/strong><\/a>, sigue difundi\u00e9ndose internacionalmente, ya que el v\u00ednculo con el conjunto gallego se une a otras colaboraciones que conectan a la agencia de <strong>scouting<\/strong><strong> <\/strong>con entidades de mucho nivel del baloncesto mundial como los New York Knicks.<\/p>\n","protected":false},"excerpt":{"rendered":"El Monbus Obradoiro sigue perfilando su proyecto de regreso a la ACB. En el d\u00eda de ayer, el&hellip;\n","protected":false},"author":2,"featured_media":659057,"comment_status":"","ping_status":"","sticky":false,"template":"","format":"standard","meta":{"footnotes":""},"categories":[269],"tags":[302,120491,299,298,168,25,24,557,665,10281,10285,5568,15613,23,167,14874],"class_list":["post-659056","post","type-post","status-publish","format-standard","has-post-thumbnail","category-baloncesto","tag-acb","tag-anidos","tag-baloncesto","tag-basketball","tag-deportes","tag-es","tag-espana","tag-fichaje","tag-liga-endesa","tag-obradoiro","tag-obradoiro-cab","tag-proyecto","tag-roberto","tag-spain","tag-sports","tag-une"],"share_on_mastodon":{"url":"https:\/\/pubeurope.com\/@es\/116922896277485262","error":""},"_links":{"self":[{"href":"https:\/\/www.europesays.com\/es\/wp-json\/wp\/v2\/posts\/659056","targetHints":{"allow":["GET"]}}],"collection":[{"href":"https:\/\/www.europesays.com\/es\/wp-json\/wp\/v2\/posts"}],"about":[{"href":"https:\/\/www.europesays.com\/es\/wp-json\/wp\/v2\/types\/post"}],"author":[{"embeddable":true,"href":"https:\/\/www.europesays.com\/es\/wp-json\/wp\/v2\/users\/2"}],"replies":[{"embeddable":true,"href":"https:\/\/www.europesays.com\/es\/wp-json\/wp\/v2\/comments?post=659056"}],"version-history":[{"count":0,"href":"https:\/\/www.europesays.com\/es\/wp-json\/wp\/v2\/posts\/659056\/revisions"}],"wp:featuredmedia":[{"embeddable":true,"href":"https:\/\/www.europesays.com\/es\/wp-json\/wp\/v2\/media\/659057"}],"wp:attachment":[{"href":"https:\/\/www.europesays.com\/es\/wp-json\/wp\/v2\/media?parent=659056"}],"wp:term":[{"taxonomy":"category","embeddable":true,"href":"https:\/\/www.europesays.com\/es\/wp-json\/wp\/v2\/categories?post=659056"},{"taxonomy":"post_tag","embeddable":true,"href":"https:\/\/www.europesays.com\/es\/wp-json\/wp\/v2\/tags?post=659056"}],"curies":[{"name":"wp","href":"https:\/\/api.w.org\/{rel}","templated":true}]}}