{"id":659107,"date":"2026-07-15T08:34:16","date_gmt":"2026-07-15T08:34:16","guid":{"rendered":"https:\/\/www.europesays.com\/es\/659107\/"},"modified":"2026-07-15T08:34:16","modified_gmt":"2026-07-15T08:34:16","slug":"la-vuelta-a-castilla-y-leon-elite-y-sub-23-presenta-un-recorrido-de-5-etapas-y-761-kilometros-esciclismo","status":"publish","type":"post","link":"https:\/\/www.europesays.com\/es\/659107\/","title":{"rendered":"La Vuelta a Castilla y Le\u00f3n \u00e9lite y sub-23 presenta un recorrido de 5 etapas y 761 kil\u00f3metros &#8211; Esciclismo"},"content":{"rendered":"<ol>\n<li><a href=\"https:\/\/news.google.com\/rss\/articles\/CBMiakFVX3lxTE9jMEliVmNWV3JaeXA5MFdYb3BPbzR6NGdSOVZGTEZTSk44QmR1X0gtV2E5ZVVRRnM4RHR3R01XLTlUY2hLTjFrLXZjejU0SEpaQjllcENkeWhLSE1PZDJmUkhXUmJEQ2g4Unc?oc=5\" target=\"_blank\" rel=\"nofollow noopener\">La Vuelta a Castilla y Le\u00f3n \u00e9lite y sub-23 presenta un recorrido de 5 etapas y 761 kil\u00f3metros<\/a>&nbsp;&nbsp;Esciclismo<\/li>\n<li><a href=\"https:\/\/news.google.com\/rss\/articles\/CBMi3AFBVV95cUxOMFY0T05HZnJTaHVOVDZSUlVBZ2REREVzaUZzOGtXenlnVXA0Ri15OVpmMTFxaVpaZVVWNjRXMGRlR2Y2LTFxWWNUT0Z1dHg0NGgzbXp6V0tOWC03bG1vYmhvLWkzVkgtbGdpbHdXS01acTdsT0RGOUw2TzVCZEZvUEJFZVRGZDFBVVNnU21yVVdjRzh2bl9HQ000Q3dMcElKU1BfaWc3ajFHY0JKZngzVDZHX25IUTZtME9TTjVVQmU5VHo0WlZ3bFhFUjZadE1GcVo0YWNGWXpfemdQ?oc=5\" target=\"_blank\" rel=\"nofollow noopener\">La III Vuelta a Castilla y Le\u00f3n \u00e9lite y sub-23 recorrer\u00e1 siete provincias del 21 al 25 de julio<\/a>&nbsp;&nbsp;Tribuna de Salamanca.<\/li>\n<li><a href=\"https:\/\/news.google.com\/rss\/articles\/CBMi3gFBVV95cUxOdmF3UDVVTDFuVENKZkhHZmxPeDlVaHNMUFpudVVHYWE1RktqZDRLdUVOS3R2WEtJRkNFbUVzaVF6TWg2N29FNjhpWTBYMWNyRlQ5R3JYaHNtSnBfN2JMM3pvOXJvVTRnQUFhb0Y2SWhZMjdHdHJkRDF5ei1RdWdyVlhXcWtIajBhblhRZWxUV3h3YTJzTzA1SEsweHM5LWtxdVVHQm9yTkRUOHNrUmhxakdLdFVsMWtoRjg5UlZ6TmZ6andMdEdFZVdjdGNyaTZDUTJTb1dUdUYtcnhGcWc?oc=5\" target=\"_blank\" rel=\"nofollow noopener\">Presentada la Vuelta Ciclista a Castilla y Le\u00f3n \u00e9lite y sub-23<\/a>&nbsp;&nbsp;Diario Palentino<\/li>\n<li><a href=\"https:\/\/news.google.com\/rss\/articles\/CBMitgFBVV95cUxOby1DVENUeXJ6WFFyQ21veEVESEhGdlNhdWZtUnRhM1QyR1hKWlJNZWhhNVc3emFkVXVmeXlPUVY1dGxRZ19PVWhsSE9kY1lUbVBYczNzcTBsbWo3OUZPa3o5Q09nM19KcHUwdVNNU3VfeVhsUmRqN0MwSHdSbkp2OEItcTFPU0ltRGEtSll4cW51UWpVdEh5VWpsR0x1OVBrS2xqS2FUbUpwU2dwYVFmY0cwVmpEZw?oc=5\" target=\"_blank\" rel=\"nofollow noopener\">La Vuelta Ciclista a Castilla y Le\u00f3n \u00c9lite y sub-23 se decidir\u00e1 en territorio salmantino<\/a>&nbsp;&nbsp;Salamanca24horas<\/li>\n<li><a href=\"https:\/\/news.google.com\/rss\/articles\/CBMi8wFBVV95cUxNN2pSdWRYN2x6eEFRZ0RrWEMwaVBaOFRUUmpGV1BUekI3X1VMNWQ5Mkoyc19udE56R2NMcmVTd0c4cm9GV18tdmM0dGZEeWxGYk5RUEdIVklWRGNvQkkxT2x3bmQ2aDRtSGJjdnVxRUxtejJTT2locFlvU25VVGRITUNZMnMxRThfcmxhX2JCS3JkeDFiNFY1WFR2bHZBQ2tFRU1GT0pHQWJLYklhWXpsU2dENGloYjVFeUF2MW5nb1B0WTl4d2xCWTZKc3NjMDZrNmFXbmlEdnhESDhxUEM2RXhpdUFjLVpsQmhYQUJnUkEzTVU?oc=5\" target=\"_blank\" rel=\"nofollow noopener\">Pe\u00f1aranda, en primera fila y calentando motores en la presentaci\u00f3n de III Vuelta Ciclista a Castilla y Le\u00f3n<\/a>&nbsp;&nbsp;SALAMANCArtv AL D\u00cdA<\/li>\n<\/ol>\n","protected":false},"excerpt":{"rendered":"La Vuelta a Castilla y Le\u00f3n \u00e9lite y sub-23 presenta un recorrido de 5 etapas y 761 kil\u00f3metros&nbsp;&nbsp;Esciclismo&hellip;\n","protected":false},"author":2,"featured_media":659108,"comment_status":"","ping_status":"","sticky":false,"template":"","format":"standard","meta":{"footnotes":""},"categories":[273],"tags":[40983,51086,24118,61148,4860,4107,313,1757,5810,312,120494,168,11956,7222,2197,1755,120496,25,24,7167,888,5215,1783,4108,7797,4098,33344,120495,37920,29542,13400,83583,1786,5294,23,167,4039,2393,1607,1357],"class_list":["post-659107","post","type-post","status-publish","format-standard","has-post-thumbnail","category-ciclismo","tag-ad","tag-aguilar","tag-auditorio","tag-campoo","tag-carrera","tag-castilla","tag-ciclismo","tag-ciclista","tag-cinco","tag-cycling","tag-delibes","tag-deportes","tag-desde","tag-disputara","tag-edicion","tag-elite","tag-entresierras","tag-es","tag-espana","tag-etapas","tag-julio","tag-kilometros","tag-la","tag-leon","tag-martes","tag-miguel","tag-organizada","tag-pedraja","tag-portillo","tag-presentada","tag-provincias","tag-pru","tag-recorrido","tag-siete","tag-spain","tag-sports","tag-sub","tag-tercera","tag-valladolid","tag-vuelta"],"share_on_mastodon":{"url":"https:\/\/pubeurope.com\/@es\/116923076714714577","error":""},"_links":{"self":[{"href":"https:\/\/www.europesays.com\/es\/wp-json\/wp\/v2\/posts\/659107","targetHints":{"allow":["GET"]}}],"collection":[{"href":"https:\/\/www.europesays.com\/es\/wp-json\/wp\/v2\/posts"}],"about":[{"href":"https:\/\/www.europesays.com\/es\/wp-json\/wp\/v2\/types\/post"}],"author":[{"embeddable":true,"href":"https:\/\/www.europesays.com\/es\/wp-json\/wp\/v2\/users\/2"}],"replies":[{"embeddable":true,"href":"https:\/\/www.europesays.com\/es\/wp-json\/wp\/v2\/comments?post=659107"}],"version-history":[{"count":0,"href":"https:\/\/www.europesays.com\/es\/wp-json\/wp\/v2\/posts\/659107\/revisions"}],"wp:featuredmedia":[{"embeddable":true,"href":"https:\/\/www.europesays.com\/es\/wp-json\/wp\/v2\/media\/659108"}],"wp:attachment":[{"href":"https:\/\/www.europesays.com\/es\/wp-json\/wp\/v2\/media?parent=659107"}],"wp:term":[{"taxonomy":"category","embeddable":true,"href":"https:\/\/www.europesays.com\/es\/wp-json\/wp\/v2\/categories?post=659107"},{"taxonomy":"post_tag","embeddable":true,"href":"https:\/\/www.europesays.com\/es\/wp-json\/wp\/v2\/tags?post=659107"}],"curies":[{"name":"wp","href":"https:\/\/api.w.org\/{rel}","templated":true}]}}