{"id":659132,"date":"2026-07-15T08:53:15","date_gmt":"2026-07-15T08:53:15","guid":{"rendered":"https:\/\/www.europesays.com\/es\/659132\/"},"modified":"2026-07-15T08:53:15","modified_gmt":"2026-07-15T08:53:15","slug":"euforia-en-la-casa-real-con-espana-la-celebracion-de-felipe-vi-los-abrazos-de-letizia-los-nervios-de-leonor-y-sofia","status":"publish","type":"post","link":"https:\/\/www.europesays.com\/es\/659132\/","title":{"rendered":"Euforia en la Casa Real con Espa\u00f1a: la celebraci\u00f3n de Felipe VI, los abrazos de Letizia, los nervios de Leonor y Sof\u00eda&#8230;"},"content":{"rendered":"<p class=\"c-paragraph\">En Dallas, en Madrid y tambi\u00e9n en la Casa Real. La <b>euforia se desat\u00f3<\/b> en todos los rincones del planeta por la <b>clasificaci\u00f3n de Espa\u00f1a a la final del <a href=\"https:\/\/www.20minutos.es\/tags\/deportes\/mundial-de-futbol.html\" title=\"Mundial de f\u00fatbol\" rel=\"nofollow noopener\" target=\"_blank\">Mundial 2026<\/a><\/b>, con una contundente victoria ante Francia (0-2) que la Familia Real no quiso perderse.<\/p>\n<p class=\"c-paragraph\">Los reyes Felipe VI y Letizia, as\u00ed como sus hijas, la princesa Leonor y la infanta Sof\u00eda, disfrutaron de las semifinales por televisi\u00f3n y vibraron con la Roja:<b> el monarca festej\u00f3 los tantos de Mikel Oyarzabal y Pedro Porro con los brazos en alto<\/b>, antes de fundirse en un abrazo con Leonor; lo mismo hizo <b>do\u00f1a Letizia, que estrech\u00f3 a la infanta Sof\u00eda<\/b>.<\/p>\n<p class=\"c-paragraph\">A las dos integrantes m\u00e1s j\u00f3venes de la Familia Real, adem\u00e1s, <b>se las vio nerviosas durante el partido<\/b>, con la heredera al trono agarrando la mano de su padre y de su hermana, que miraba la pantalla con gesto de m\u00e1xima concentraci\u00f3n.<\/p>\n<p class=\"c-paragraph\">\u00ab\u00a1Espa\u00f1a est\u00e1 en la final! <b>Hab\u00e9is vuelto a demostrar por qu\u00e9 sois una de las grandes selecciones del mundo<\/b>. Ahora, con todo un pa\u00eds a vuestro lado, llega el momento de luchar por el t\u00edtulo. Gracias por hacernos disfrutar de este camino. \u00a1A por ello!\u00bb, celebr\u00f3 la Casa Real un mensaje publicado en sus redes sociales, junto a un v\u00eddeo de los reyes y sus hijas.<\/p>\n<p class=\"c-paragraph\">Con una magn\u00edfica actuaci\u00f3n colectiva y los goles de Mikel Oyarz\u00e1bal, de penalti en el primer tiempo, y Pedro Porro tras el descanso, la selecci\u00f3n espa\u00f1ola de Luis de la Fuente <b>le amarg\u00f3 la fiesta nacional a Francia y se clasific\u00f3 a la final del Mundial<\/b>.<\/p>\n<p class=\"c-paragraph\">La Roja <b>buscar\u00e1 su segunda estrella el pr\u00f3ximo domingo, 19 de julio<\/b>, en el estadio MetLife Stadium de Nueva Jersey, ante el vencedor de la segunda semifinal, Inglaterra o Argentina.<\/p>\n","protected":false},"excerpt":{"rendered":"En Dallas, en Madrid y tambi\u00e9n en la Casa Real. La euforia se desat\u00f3 en todos los rincones&hellip;\n","protected":false},"author":2,"featured_media":659133,"comment_status":"","ping_status":"","sticky":false,"template":"","format":"standard","meta":{"footnotes":""},"categories":[5],"tags":[17,18,6042,25,24,13,14,11439,282,11,1026,19,20,11644,32463,9,10,15,16,811,3714,23,12,21,22],"class_list":["post-659132","post","type-post","status-publish","format-standard","has-post-thumbnail","category-titulares","tag-breaking-news","tag-breakingnews","tag-casa-real","tag-es","tag-espana","tag-featured-news","tag-featurednews","tag-felipe-vi","tag-futbol","tag-headlines","tag-infanta-sofia","tag-latest-news","tag-latestnews","tag-letizia","tag-mundial-2026","tag-news","tag-noticias","tag-noticias-destacadas","tag-noticiasdestacadas","tag-princesa-leonor","tag-seleccion-espanola","tag-spain","tag-titulares","tag-ultimas-noticias","tag-ultimasnoticias"],"share_on_mastodon":{"url":"https:\/\/pubeurope.com\/@es\/116923151668692992","error":""},"_links":{"self":[{"href":"https:\/\/www.europesays.com\/es\/wp-json\/wp\/v2\/posts\/659132","targetHints":{"allow":["GET"]}}],"collection":[{"href":"https:\/\/www.europesays.com\/es\/wp-json\/wp\/v2\/posts"}],"about":[{"href":"https:\/\/www.europesays.com\/es\/wp-json\/wp\/v2\/types\/post"}],"author":[{"embeddable":true,"href":"https:\/\/www.europesays.com\/es\/wp-json\/wp\/v2\/users\/2"}],"replies":[{"embeddable":true,"href":"https:\/\/www.europesays.com\/es\/wp-json\/wp\/v2\/comments?post=659132"}],"version-history":[{"count":0,"href":"https:\/\/www.europesays.com\/es\/wp-json\/wp\/v2\/posts\/659132\/revisions"}],"wp:featuredmedia":[{"embeddable":true,"href":"https:\/\/www.europesays.com\/es\/wp-json\/wp\/v2\/media\/659133"}],"wp:attachment":[{"href":"https:\/\/www.europesays.com\/es\/wp-json\/wp\/v2\/media?parent=659132"}],"wp:term":[{"taxonomy":"category","embeddable":true,"href":"https:\/\/www.europesays.com\/es\/wp-json\/wp\/v2\/categories?post=659132"},{"taxonomy":"post_tag","embeddable":true,"href":"https:\/\/www.europesays.com\/es\/wp-json\/wp\/v2\/tags?post=659132"}],"curies":[{"name":"wp","href":"https:\/\/api.w.org\/{rel}","templated":true}]}}