{"id":659160,"date":"2026-07-15T09:14:15","date_gmt":"2026-07-15T09:14:15","guid":{"rendered":"https:\/\/www.europesays.com\/es\/659160\/"},"modified":"2026-07-15T09:14:15","modified_gmt":"2026-07-15T09:14:15","slug":"cuatro-paises-avanzan-en-las-negociaciones-para-integrarse-a-la-union-europea","status":"publish","type":"post","link":"https:\/\/www.europesays.com\/es\/659160\/","title":{"rendered":"Cuatro pa\u00edses avanzan en las negociaciones para integrarse a la Uni\u00f3n Europea"},"content":{"rendered":"<p class=\"com-paragraph --capital --s\">BRUSELAS.\u2013 <strong>Cuatro pa\u00edses <\/strong>que esperan incorporarse a la <a href=\"https:\/\/www.lanacion.com.ar\/el-mundo\/la-union-europea-y-reino-unido-pusieron-fin-a-los-controles-fronterizos-entre-gibraltar-y-espana-nid14072026\/\" target=\"_self\" title=\"https:\/\/www.lanacion.com.ar\/el-mundo\/la-union-europea-y-reino-unido-pusieron-fin-a-los-controles-fronterizos-entre-gibraltar-y-espana-nid14072026\/\" class=\"com-link break-word\" data-mrf-recirculation=\"n_link_parrafo\" rel=\"nofollow noopener\">Uni\u00f3n Europea<\/a> dieron<strong> pasos importantes el martes <\/strong>en sus <strong>aspiraciones de adhesi\u00f3n<\/strong>, en una de las mayores iniciativas de ampliaci\u00f3n del bloque en m\u00e1s de 20 a\u00f1os.<\/p>\n<p class=\"com-paragraph --s\">Se celebraron conferencias intergubernamentales en <a href=\"https:\/\/www.lanacion.com.ar\/el-mundo\/puede-europa-sobrevivir-sin-estados-unidos-el-escenario-que-ya-no-parece-imposible-nid11072026\/\" target=\"_self\" title=\"https:\/\/www.lanacion.com.ar\/el-mundo\/puede-europa-sobrevivir-sin-estados-unidos-el-escenario-que-ya-no-parece-imposible-nid11072026\/\" class=\"com-link break-word\" data-mrf-recirculation=\"n_link_parrafo\" rel=\"nofollow noopener\">Bruselas <\/a>para abrir o cerrar de manera ceremonial v\u00edas de negociaci\u00f3n de los cuatro principales candidatos a incorporarse a la<strong> UE de 27 pa\u00edses: Albania, Montenegro, Moldavia y Ucrania<\/strong>. Pero a\u00fan podr\u00edan pasar a\u00f1os antes de que cualquiera de ellos se incorpore.<\/p>\n<p>La sede de la Uni\u00f3n Europea en BruselasVirginia Mayo &#8211; AP<\/p>\n<p class=\"com-paragraph --s\"><strong>\u201cNo hemos visto esto en m\u00e1s de dos d\u00e9cadas. La \u00faltima vez fue en 2002. Este es un S\u00faper Martes para la ampliaci\u00f3n de la UE y Ucrania forma parte de ello\u201d<\/strong>, manifest\u00f3 ante los periodistas la comisaria de Ampliaci\u00f3n, Marta Kos.<\/p>\n<p class=\"com-paragraph --s\">Aunque celebrar cuatro reuniones en un solo d\u00eda es algo poco habitual, 10 pa\u00edses (la mayor\u00eda de Europa central) se incorporaron a la UE en 2004. Croacia, el \u00faltimo pa\u00eds en ser admitido en el mayor bloque comercial del mundo, se incorpor\u00f3 en 2013.<\/p>\n<p class=\"com-paragraph --s\">La medida del martes es una se\u00f1al de los importantes cambios pol\u00edticos y geoestrat\u00e9gicos que se est\u00e1n produciendo en Europa. En 2019, el presidente franc\u00e9s <strong>Emmanuel Macron<\/strong> insisti\u00f3 en que bloquear\u00eda cualquier intento de ampliaci\u00f3n hasta que la propia UE hubiera llevado a cabo <strong>profundas reformas.<\/strong><\/p>\n<p class=\"com-paragraph --s\">Pero la<strong> invasi\u00f3n rusa de Ucrania <\/strong>y sus consecuencias alteraron ese c\u00e1lculo. La UE busc\u00f3 incentivar reformas en los pa\u00edses candidatos, ante el temor de la creciente influencia de <strong>Rusia y China.<\/strong><\/p>\n<p class=\"com-paragraph --s\">El avance de Ucrania fue impresionante. Solo solicit\u00f3 la adhesi\u00f3n en 2022, cuatro d\u00edas despu\u00e9s de que Rusia lanzara su invasi\u00f3n. Moldavia tambi\u00e9n ha estado sometida a una fuerte presi\u00f3n rusa.<\/p>\n<p> La bandera de la Uni\u00f3n Europea, a 3 de diciembre de 2024, en Madrid (Espa\u00f1aEDUARDO PARRA \/ EUROPA PRESS &#8211; EDUARDO PARRA \/ EUROPA PRESS<\/p>\n<p class=\"com-paragraph --s\">Ucrania considera la pertenencia a la UE como una<strong> \u201cgarant\u00eda de seguridad<\/strong>\u201d para un futuro estable una vez que termine la guerra. <\/p>\n<p class=\"com-paragraph --s\">Su mejor garant\u00eda ser\u00eda la membres\u00eda en la OTAN, pero el gobierno de Trump insiste en que eso no puede ocurrir, y otros miembros de la OTAN recelan de que se incorpore mientras contin\u00faen los combates.<\/p>\n<p class=\"com-paragraph --s\">Los pa\u00edses europeos ven la guerra como una amenaza existencial y temen que el presidente ruso <strong>Vladimir Putin<\/strong> pueda ponerlos en la mira en los pr\u00f3ximos a\u00f1os, especialmente si gana en Ucrania.<\/p>\n<p class=\"com-paragraph --s\"><strong>\u201cEl argumento a favor de la adhesi\u00f3n de Ucrania a la UE es muy s\u00f3lido\u201d<\/strong>, afirm\u00f3 Kos.<\/p>\n<p class=\"com-paragraph --s\">\u201cLa futura arquitectura de seguridad de nuestro continente es inimaginable sin Ucrania\u201d, sostuvo. \u201cLos ucranianos conviertieron su pa\u00eds en una <strong>potencia militar<\/strong> con capacidades que pocas otras naciones pueden igualar, especialmente con sus tecnolog\u00edas de drones, que evolucionan r\u00e1pidamente\u201d.<\/p>\n<p class=\"com-paragraph --s\">La perspectiva de incorporarse a la UE es un poderoso motor de reformas prodemocr\u00e1ticas, y la adhesi\u00f3n impulsaron el comercio y crea empleos, especialmente en la vol\u00e1til regi\u00f3n de los Balcanes, donde una serie de guerras en la d\u00e9cada de 1990 desmembr\u00f3 la antigua<strong> Yugoslavia<\/strong>. La mayor\u00eda de los candidatos a integrarse en la UE son Estados balc\u00e1nicos.<\/p>\n<p class=\"com-paragraph --s\">Los pa\u00edses que esperan incorporarse a la UE deben completar negociaciones en <strong>35 \u00e1reas de pol\u00edtica,<\/strong> conocidas como cap\u00edtulos, desde agricultura hasta fiscalidad y desde energ\u00eda hasta comercio. Ese proceso puede llevar a\u00f1os.<\/p>\n<p class=\"com-paragraph --s\">El mes pasado, Ucrania y Moldavia abrieron negociaciones sobre un grupo de cinco cap\u00edtulos vinculados a los valores y principios sobre los que se fund\u00f3 la UE, como el <strong>Estado de derecho, el respeto de los derechos fundamentales y el funcionamiento de las instituciones democr\u00e1ticas.<\/strong><\/p>\n<p>ARCHIVO &#8211; La bandera de la Uni\u00f3n Europea se ve en el atrio del edificio del Consejo Europeo en BruselasOmar Havana &#8211; AP<\/p>\n<p class=\"com-paragraph --s\">Cada uno abri\u00f3 el martes un segundo grupo centrado en las relaciones exteriores y en las pol\u00edticas de seguridad y defensa, as\u00ed como en la pol\u00edtica comercial, la cooperaci\u00f3n al desarrollo y la ayuda humanitaria.<\/p>\n<p class=\"com-paragraph --s\">La reuni\u00f3n de Albania servir\u00e1 para cerrar provisionalmente v\u00edas de negociaci\u00f3n sobre ciencia e investigaci\u00f3n, educaci\u00f3n y cultura, y relaciones exteriores. Montenegro (que espera incorporarse en 202) est\u00e1 haciendo lo mismo con la pol\u00edtica de competencia y las normas aduaneras.<\/p>\n<p class=\"com-paragraph --s\">Un factor importante que llev\u00f3 a la nueva rapidez de la UE es un cambio de gobierno en Hungr\u00eda.<\/p>\n<p class=\"com-paragraph --s\">El proceso de adhesi\u00f3n de Ucrania estuvo durante mucho tiempo bloqueado por el ex primer ministro h\u00fangaro, el f\u00e9rreamente nacionalista <strong>Viktor Orban<\/strong>, a quien se consideraba el aliado m\u00e1s fuerte de Rusia en Europa y una posible amenaza para el proyecto de la UE. Las candidaturas de Ucrania y Moldavia estaban vinculadas y ninguna pod\u00eda avanzar.<\/p>\n<p class=\"com-paragraph --s\">Pero Orban fue expulsado por los votantes en abril de manera espectacular tras 16 a\u00f1os en el poder.<\/p>\n<p class=\"com-paragraph --s\">Orban explot\u00f3 insistentemente las reglas de votaci\u00f3n que exigen que los 27 pa\u00edses miembros se pongan de acuerdo sobre determinadas normas, sanciones e incluso declaraciones pol\u00edticas.<strong> Se requiere unanimidad para que se abra cada cap\u00edtulo de negociaci\u00f3n y, luego, nuevamente para que se cierre.<\/strong><\/p>\n<p>Bandera de la UE frente a la sede de la Comisi\u00f3n EuropeaCOMISI\u00d3N EUROPEA &#8211; COMISI\u00d3N EUROPEA<\/p>\n<p class=\"com-paragraph --s\">Nueve pa\u00edses son oficialmente candidatos a incorporarse a la UE: <strong>Albania, Bosnia, Montenegro, Macedonia del Norte, Serbia, Georgia, Moldavia, Ucrania y Turqu\u00eda.<\/strong> Las conversaciones de adhesi\u00f3n de Georgia y Turqu\u00eda est\u00e1n en pausa debido a preocupaciones sobre los est\u00e1ndares democr\u00e1ticos.<\/p>\n<p class=\"com-paragraph --s\">Kosovo tambi\u00e9n solicit\u00f3 incorporarse, pero no se le concedi\u00f3 el estatus de candidato.<\/p>\n<p class=\"com-paragraph --s\"><strong>Agencia AP<\/strong><\/p>\n","protected":false},"excerpt":{"rendered":"BRUSELAS.\u2013 Cuatro pa\u00edses que esperan incorporarse a la Uni\u00f3n Europea dieron pasos importantes el martes en sus aspiraciones&hellip;\n","protected":false},"author":2,"featured_media":659161,"comment_status":"","ping_status":"","sticky":false,"template":"","format":"standard","meta":{"footnotes":""},"categories":[42],"tags":[17,18,13,14,11,54003,61,62,63,64,19,20,120498,9,10,15,16,12,21,22,65,66,67],"class_list":["post-659160","post","type-post","status-publish","format-standard","has-post-thumbnail","category-internacional","tag-breaking-news","tag-breakingnews","tag-featured-news","tag-featurednews","tag-headlines","tag-image","tag-internacional","tag-international","tag-international-news","tag-internationalnews","tag-latest-news","tag-latestnews","tag-maxar","tag-news","tag-noticias","tag-noticias-destacadas","tag-noticiasdestacadas","tag-titulares","tag-ultimas-noticias","tag-ultimasnoticias","tag-world","tag-world-news","tag-worldnews"],"share_on_mastodon":{"url":"https:\/\/pubeurope.com\/@es\/116923234100322640","error":""},"_links":{"self":[{"href":"https:\/\/www.europesays.com\/es\/wp-json\/wp\/v2\/posts\/659160","targetHints":{"allow":["GET"]}}],"collection":[{"href":"https:\/\/www.europesays.com\/es\/wp-json\/wp\/v2\/posts"}],"about":[{"href":"https:\/\/www.europesays.com\/es\/wp-json\/wp\/v2\/types\/post"}],"author":[{"embeddable":true,"href":"https:\/\/www.europesays.com\/es\/wp-json\/wp\/v2\/users\/2"}],"replies":[{"embeddable":true,"href":"https:\/\/www.europesays.com\/es\/wp-json\/wp\/v2\/comments?post=659160"}],"version-history":[{"count":0,"href":"https:\/\/www.europesays.com\/es\/wp-json\/wp\/v2\/posts\/659160\/revisions"}],"wp:featuredmedia":[{"embeddable":true,"href":"https:\/\/www.europesays.com\/es\/wp-json\/wp\/v2\/media\/659161"}],"wp:attachment":[{"href":"https:\/\/www.europesays.com\/es\/wp-json\/wp\/v2\/media?parent=659160"}],"wp:term":[{"taxonomy":"category","embeddable":true,"href":"https:\/\/www.europesays.com\/es\/wp-json\/wp\/v2\/categories?post=659160"},{"taxonomy":"post_tag","embeddable":true,"href":"https:\/\/www.europesays.com\/es\/wp-json\/wp\/v2\/tags?post=659160"}],"curies":[{"name":"wp","href":"https:\/\/api.w.org\/{rel}","templated":true}]}}