{"id":659267,"date":"2026-07-15T10:32:26","date_gmt":"2026-07-15T10:32:26","guid":{"rendered":"https:\/\/www.europesays.com\/es\/659267\/"},"modified":"2026-07-15T10:32:26","modified_gmt":"2026-07-15T10:32:26","slug":"jonas-vingegaard-se-planteo-la-retirada-el-ano-pasado-y-forzo-al-equipo-a-cambiar-el-calendario-esciclismo","status":"publish","type":"post","link":"https:\/\/www.europesays.com\/es\/659267\/","title":{"rendered":"Jonas Vingegaard se plante\u00f3 la retirada el a\u00f1o pasado y forz\u00f3 al equipo a cambiar el calendario &#8211; Esciclismo"},"content":{"rendered":"<ol>\n<li><a href=\"https:\/\/news.google.com\/rss\/articles\/CBMiakFVX3lxTE1LSG1xb01mS3lTczBKZmVmc2loOVhJLUFLTkUzbFZiWnN5YUh0Qk8wdDE2VVRaS2x5SEVTS0JkbllldEs5dTFXWXVrRExIU0x2MzNHZnB1aVM1aTQ3dDFUZU15ZGxOSWVyWUE?oc=5\" target=\"_blank\" rel=\"nofollow noopener\">Jonas Vingegaard se plante\u00f3 la retirada el a\u00f1o pasado y forz\u00f3 al equipo a cambiar el calendario<\/a>&nbsp;&nbsp;Esciclismo<\/li>\n<li><a href=\"https:\/\/news.google.com\/rss\/articles\/CBMi6gFBVV95cUxNakt4blVqMUpLcVdvM1VMSVJWclVQMEJkSVVFd0NIVWJWV09ycnBnM20tcnlLblo5WF9wbXRqQkU2bUlXUlcxZ1lkWm1fMnFOdVlIckMtRXFuWWNJUkJsZEFhWFRRMV9raXdrRklGRGY5N3ZLa1gzX1JiUTB6VVQ1aE11azktZmVpZk9kR0VWSkhsR1dGdHg5aUdFZGxWRjlRMU1BeHI3blFDWGNidzRsT3hjdDFxcTRlUS00bDB3TzVFQlFWZ3l0enlwdWpyaU9QcmxwbmI2TDlQX0tZanFOWVFpMm4yRjBfcFE?oc=5\" target=\"_blank\" rel=\"nofollow noopener\">Vingegaard se plante\u00f3 la retirada el a\u00f1o pasado y forz\u00f3 al equipo a cambiar el calendario<\/a>&nbsp;&nbsp;Diario de Navarra<\/li>\n<li><a href=\"https:\/\/news.google.com\/rss\/articles\/CBMitgFBVV95cUxQd1Y1UGNNT3p2cGpXSFdJa1BuV29pTEpBVnhzZ1BaZEtLT0UxTzNhMkUwellBazNYVWJ1ZkxPYWdzcEpPWjJQaXZlREc5UzJ5bUtZaFozRV9lSG95b25JYURLUkRGRVlSeTAzMGY0bU1wQk4tNmlQaTgyR2pzU0tyUXRuV0RieFNzVTRTaXFLM0xqVnBidkphRW9QUmVYOWNRT0cwUnI1STcxNzAxcTl2OEdoekhLUdIBuwFBVV95cUxOekt6cWh0UGhzRXdPZ1NqeW9HZHl6NWRHbnNwb0p4MTMwQlY1NmJpczlIekU2NUxUZ21XTXNGM3cwdTIwekQ2eVpvRXdXUURtVWhJMC1HTkZlcWRwSUJ2V1FReFRORUpTM2hEbS15aEhnNlFjSkt4YWN3YVVxcV9WQXVKUXJYdVpnNWFIbzYtblZKRlM5SERIMDdtLThuaG5TN0tNWG4zeFJaeVhHbVRuTjJyZFl2QUlqenZN?oc=5\" target=\"_blank\" rel=\"nofollow noopener\">Vingegaard desvela que amenaz\u00f3 a su equipo con retirarse el a\u00f1o pasado<\/a>&nbsp;&nbsp;La Vanguardia<\/li>\n<li><a href=\"https:\/\/news.google.com\/rss\/articles\/CBMi1gFBVV95cUxPRjJVOTFzX2xOSExzQmVNQ0liSDdoUEQ5N2V1TmZDNTFhN29mZ01wZ0syRS1rVG9acTJjNkJfdmtzLUlVWXFIT0sxdHhVclhYcnU2Slp3MWR3T0RINmNTWDEtTUViZC1LTURPQUpDdW1lam5seDBKWHlyYWNodHV1S1FlR0U0d01QY09TY3lhTnl3RmpCUjlzazUxaFVkTjl3TFZUdTJmdFZkcUg4Qm43LXk5QVlqWFZBc2dpek9nd0lyMHZsZXZ3dUxsZzhOZ2Q4YnhyRjBB?oc=5\" target=\"_blank\" rel=\"nofollow noopener\">Vingegaard revela c\u00f3mo estuvo cerca de retirarse: \u00abSi las cosas segu\u00edan as\u00ed, no pod\u00eda seguir\u00bb<\/a>&nbsp;&nbsp;Eurosport<\/li>\n<li><a href=\"https:\/\/news.google.com\/rss\/articles\/CBMiigFBVV95cUxNR2tSaFhEODhWSHJWdGM2VVBoUGJrSGZqQUJrU2JxZU96WTBubERucE0tMlIzNTV4MFpIbWt5OVJ4T2U1ZVZwVU51SEVGY2tfbDVXbTBYa1NrSld5WllYR0J3SVl4eVF1dzRtckhtbHpwcmhUdkpqV1ZvRnNsM3oyV2QwUktuQ3Z4VXc?oc=5\" target=\"_blank\" rel=\"nofollow noopener\">Jonas Vingegaard en el Tour de France 2026: Ultim\u00e1tum al Visma<\/a>&nbsp;&nbsp;Ciclismo Internacional<\/li>\n<\/ol>\n","protected":false},"excerpt":{"rendered":"Jonas Vingegaard se plante\u00f3 la retirada el a\u00f1o pasado y forz\u00f3 al equipo a cambiar el calendario&nbsp;&nbsp;Esciclismo Vingegaard&hellip;\n","protected":false},"author":2,"featured_media":659268,"comment_status":"","ping_status":"","sticky":false,"template":"","format":"standard","meta":{"footnotes":""},"categories":[273],"tags":[1611,988,48965,323,3054,313,1757,120507,18755,19922,2196,312,7423,168,120505,158,622,981,25,24,88562,317,21051,17127,324,322,1684,4214,120506,5101,44288,16933,1367,859,23,167,807,10301,316,120504,321],"class_list":["post-659267","post","type-post","status-publish","format-standard","has-post-thumbnail","category-ciclismo","tag-ano","tag-anos","tag-aseguro","tag-bike","tag-cambiar","tag-ciclismo","tag-ciclista","tag-colocaba","tag-corredor","tag-cosas","tag-cuenta","tag-cycling","tag-danes","tag-deportes","tag-dimos","tag-el","tag-equipo","tag-era","tag-es","tag-espana","tag-forzo","tag-francia","tag-hacer","tag-ideal","tag-jonas","tag-lease","tag-mejor","tag-mental","tag-mismas","tag-pasado","tag-planteo","tag-preparacion","tag-retirada","tag-situacion","tag-spain","tag-sports","tag-television","tag-todos","tag-tour","tag-vingagaard","tag-visma"],"share_on_mastodon":{"url":"https:\/\/pubeurope.com\/@es\/116923540903034493","error":""},"_links":{"self":[{"href":"https:\/\/www.europesays.com\/es\/wp-json\/wp\/v2\/posts\/659267","targetHints":{"allow":["GET"]}}],"collection":[{"href":"https:\/\/www.europesays.com\/es\/wp-json\/wp\/v2\/posts"}],"about":[{"href":"https:\/\/www.europesays.com\/es\/wp-json\/wp\/v2\/types\/post"}],"author":[{"embeddable":true,"href":"https:\/\/www.europesays.com\/es\/wp-json\/wp\/v2\/users\/2"}],"replies":[{"embeddable":true,"href":"https:\/\/www.europesays.com\/es\/wp-json\/wp\/v2\/comments?post=659267"}],"version-history":[{"count":0,"href":"https:\/\/www.europesays.com\/es\/wp-json\/wp\/v2\/posts\/659267\/revisions"}],"wp:featuredmedia":[{"embeddable":true,"href":"https:\/\/www.europesays.com\/es\/wp-json\/wp\/v2\/media\/659268"}],"wp:attachment":[{"href":"https:\/\/www.europesays.com\/es\/wp-json\/wp\/v2\/media?parent=659267"}],"wp:term":[{"taxonomy":"category","embeddable":true,"href":"https:\/\/www.europesays.com\/es\/wp-json\/wp\/v2\/categories?post=659267"},{"taxonomy":"post_tag","embeddable":true,"href":"https:\/\/www.europesays.com\/es\/wp-json\/wp\/v2\/tags?post=659267"}],"curies":[{"name":"wp","href":"https:\/\/api.w.org\/{rel}","templated":true}]}}