{"id":659293,"date":"2026-07-15T10:48:19","date_gmt":"2026-07-15T10:48:19","guid":{"rendered":"https:\/\/www.europesays.com\/es\/659293\/"},"modified":"2026-07-15T10:48:19","modified_gmt":"2026-07-15T10:48:19","slug":"identificadas-las-13-victimas-mortales-del-incendio-de-los-gallardos","status":"publish","type":"post","link":"https:\/\/www.europesays.com\/es\/659293\/","title":{"rendered":"Identificadas las 13 v\u00edctimas mortales del incendio de Los Gallardos"},"content":{"rendered":"<p>\n        La plaza n\u00famero 3 de la secci\u00f3n Civil y de Instrucci\u00f3n del Tribunal de Instancia de Vera ha avalado este martes la <strong>identificaci\u00f3n de las 13 v\u00edctimas mortales del incendio de <\/strong><a href=\"https:\/\/www.noticiasdenavarra.com\/tags\/incendios\/\" title=\"Los Gallardos\" rel=\"nofollow noopener\" target=\"_blank\" class=\"link copy\"><strong>Los Gallardos<\/strong><\/a><strong> (Almer\u00eda)<\/strong>, una vez cotejadas las muestras de ADN de los tres \u00faltimos cuerpos pendientes de identificar, con lo que el proceso ha quedado concluido.\n<\/p>\n<p>  <strong>Doce extranjeros y un espa\u00f1ol<\/strong><\/p>\n<p class=\"article-body__text \">\n        Entre las trece v\u00edctimas mortales figura una mujer brit\u00e1nica de <strong>93 a\u00f1os<\/strong>, que falleci\u00f3 en el hospital a consecuencia de las quemaduras sufridas, adem\u00e1s de otras <strong>siete mujeres y cinco hombres<\/strong>, todos ellos mayores de edad. Las tres v\u00edctimas cuya identificaci\u00f3n permanec\u00eda pendiente eran <strong>tres mujeres<\/strong>, dos de nacionalidad brit\u00e1nica y una estadounidense.\n<\/p>\n<p class=\"article-body__text \">\n        En total, las v\u00edctimas son <strong>un ciudadano espa\u00f1ol y doce extranjeros<\/strong>: <strong>siete del Reino Unido<\/strong>, <strong>tres de B\u00e9lgica<\/strong>, <strong>uno de Francia<\/strong> y <strong>uno de Estados Unidos<\/strong>, seg\u00fan ha informado el <strong>Centro Integrado de Datos (CID)<\/strong>.\n<\/p>\n<p>            <a href=\"https:\/\/www.noticiasdenavarra.com\/sociedad\/2026\/07\/14\/almeria-trata-recuperar-normalidad-incendio-11329012.html\" title=\"Almer\u00eda trata de recuperar la normalidad tras el incendio de Los Gallardos\" class=\"new__media\" rel=\"nofollow noopener\" target=\"_blank\"><\/p>\n<p>                <img alt=\"Almer\u00eda trata de recuperar la normalidad tras el incendio de Los Gallardos\" data-src=\"https:\/\/www.europesays.com\/es\/wp-content\/uploads\/2026\/07\/2f32a5d4-4e1c-4281-b932-45005eabca76_16-9-aspect-ratio_default_0.jpg\" class=\"lozad\"\/><\/p>\n<p>        <\/a><\/p>\n<p>        <a href=\"https:\/\/www.noticiasdenavarra.com\/sociedad\/2026\/07\/14\/almeria-trata-recuperar-normalidad-incendio-11329012.html\" title=\"Almer\u00eda trata de recuperar la normalidad tras el incendio de Los Gallardos\" class=\"new__headline\" rel=\"nofollow noopener\" target=\"_blank\"><br \/>\n            Almer\u00eda trata de recuperar la normalidad tras el incendio de Los Gallardos<br \/>\n        <\/a><\/p>\n<p class=\"article-body__text \">\n        El <strong>Tribunal Superior de Justicia de Andaluc\u00eda (TSJA)<\/strong> ha indicado que todas las identificaciones han sido comunicadas personalmente a las familias por agentes de la <strong>Guardia Civil<\/strong>, que han contado con apoyo psicol\u00f3gico durante el proceso.\n<\/p>\n<p class=\"article-body__text \">\n        La identificaci\u00f3n de los tres \u00faltimos cuerpos ha sido posible tras la llegada de muestras biol\u00f3gicas de sus familiares y gracias a la colaboraci\u00f3n de las autoridades consulares de <strong>B\u00e9lgica<\/strong>, <strong>Reino Unido<\/strong>, <strong>Estados Unidos<\/strong> y <strong>Francia<\/strong> para obtener los perfiles gen\u00e9ticos.\n<\/p>\n<p>  <strong>Identificaci\u00f3n gen\u00e9tica<\/strong><\/p>\n<p class=\"article-body__text \">\n        El departamento de Biolog\u00eda del Servicio de Criminal\u00edstica de la <strong>Guardia Civil<\/strong> obtuvo previamente el perfil gen\u00e9tico de los doce fallecidos localizados en el incendio. Seg\u00fan han precisado las autoridades, <strong>la identificaci\u00f3n gen\u00e9tica ha sido el \u00fanico m\u00e9todo primario que ha podido emplearse<\/strong> para confirmar la identidad de las v\u00edctimas del incendio de Los Gallardos.<\/p>\n","protected":false},"excerpt":{"rendered":"La plaza n\u00famero 3 de la secci\u00f3n Civil y de Instrucci\u00f3n del Tribunal de Instancia de Vera ha&hellip;\n","protected":false},"author":2,"featured_media":659294,"comment_status":"","ping_status":"","sticky":false,"template":"","format":"standard","meta":{"footnotes":""},"categories":[8],"tags":[12313,17,18,25,24,13,14,11,98350,48,19,20,84684,9,10,15,16,23,12,21,22,431],"class_list":["post-659293","post","type-post","status-publish","format-standard","has-post-thumbnail","category-espana","tag-12313","tag-breaking-news","tag-breakingnews","tag-es","tag-espana","tag-featured-news","tag-featurednews","tag-headlines","tag-identificadas","tag-incendio","tag-latest-news","tag-latestnews","tag-mortales","tag-news","tag-noticias","tag-noticias-destacadas","tag-noticiasdestacadas","tag-spain","tag-titulares","tag-ultimas-noticias","tag-ultimasnoticias","tag-victimas"],"share_on_mastodon":{"url":"https:\/\/pubeurope.com\/@es\/116923603826765840","error":""},"_links":{"self":[{"href":"https:\/\/www.europesays.com\/es\/wp-json\/wp\/v2\/posts\/659293","targetHints":{"allow":["GET"]}}],"collection":[{"href":"https:\/\/www.europesays.com\/es\/wp-json\/wp\/v2\/posts"}],"about":[{"href":"https:\/\/www.europesays.com\/es\/wp-json\/wp\/v2\/types\/post"}],"author":[{"embeddable":true,"href":"https:\/\/www.europesays.com\/es\/wp-json\/wp\/v2\/users\/2"}],"replies":[{"embeddable":true,"href":"https:\/\/www.europesays.com\/es\/wp-json\/wp\/v2\/comments?post=659293"}],"version-history":[{"count":0,"href":"https:\/\/www.europesays.com\/es\/wp-json\/wp\/v2\/posts\/659293\/revisions"}],"wp:featuredmedia":[{"embeddable":true,"href":"https:\/\/www.europesays.com\/es\/wp-json\/wp\/v2\/media\/659294"}],"wp:attachment":[{"href":"https:\/\/www.europesays.com\/es\/wp-json\/wp\/v2\/media?parent=659293"}],"wp:term":[{"taxonomy":"category","embeddable":true,"href":"https:\/\/www.europesays.com\/es\/wp-json\/wp\/v2\/categories?post=659293"},{"taxonomy":"post_tag","embeddable":true,"href":"https:\/\/www.europesays.com\/es\/wp-json\/wp\/v2\/tags?post=659293"}],"curies":[{"name":"wp","href":"https:\/\/api.w.org\/{rel}","templated":true}]}}