{"id":659387,"date":"2026-07-15T12:08:23","date_gmt":"2026-07-15T12:08:23","guid":{"rendered":"https:\/\/www.europesays.com\/es\/659387\/"},"modified":"2026-07-15T12:08:23","modified_gmt":"2026-07-15T12:08:23","slug":"laporte-y-cuti-romero-bazas-del-barca-para-reforzar-el-central","status":"publish","type":"post","link":"https:\/\/www.europesays.com\/es\/659387\/","title":{"rendered":"Laporte y Cuti Romero, bazas del Bar\u00e7a para reforzar el central"},"content":{"rendered":"<p class=\"ft-text\">El Bar\u00e7a sigue muy atento al mercado de centrales por si hubiera la posibilidad de reforzar la plantilla de cara al nuevo proyecto deportivo. <a class=\"ft-link ft-link--decoration\" href=\"https:\/\/www.sport.es\/es\/noticias\/barca\/barca-reactiva-carpeta-central-reunion-132359417\" rel=\"nofollow noopener\" target=\"_blank\">Ha dejado de ser prioridad porque Hansi Flick prefiere centrar la inversi\u00f3n en la delantera, pero tanto el t\u00e9cnico alem\u00e1n como Deco tienen claro que ir\u00eda bien un marcador con experiencia <\/a>y de primer nivel para completar la plantilla. Hay dos nombres encima de la mesa que, en las \u00faltimas horas, han sido relacionados con el Bar\u00e7a por su predisposici\u00f3n a jugar como blaugranas: <strong>Aymerich Laporte y el Cuti Romero. Dos opciones que ser\u00edan viables siempre que el club blaugrana consiguiera dar salida a un defensa a trav\u00e9s de un traspaso en lo que resta de mercado.<\/strong><\/p>\n<p class=\"ft-text\">La opci\u00f3n Laporte habr\u00eda sido puesta encima de la mesa del Bar\u00e7a en las \u00faltimas semanas, seg\u00fan &#8216;Cope&#8217; y es un nombre que encajar\u00eda much\u00edsimo por perfil. Ser\u00eda una figura similar a la de \u00cd\u00f1igo Mart\u00ednez y su rendimiento en el Mundial ha sido espectacular formando pareja con Cubars\u00ed, un jugador con el que se lleva a la perfecci\u00f3n fuera y dentro del campo. El Bar\u00e7a sabe de la situaci\u00f3n y tambi\u00e9n que tiene contrato con el Athletic hasta el 2028, algo que no se puede obviar por las relaciones que hay entre clubs. <strong>El conjunto rojiblanco tuvo que aportar 10 millones de euros para sacarlo de Arabia Saud\u00ed, pero tiene un contrato alt\u00edsimo en Bilbao. Su nombre lleva tiempo sonando internamente en el club blaugrana.<\/strong><\/p>\n<p class=\"ft-text\"><a class=\"ft-link ft-link--decoration\" href=\"https:\/\/www.sport.es\/es\/noticias\/barca\/cuti-romero-quiere-salir-tottenham-132003094\" rel=\"nofollow noopener\" target=\"_blank\">Otro de los nombres que vuelve a salir a la palestra es el del Cuti Romero.<\/a> El periodista Fabrizio Romano asegur\u00f3q que el argentino iba a forzar s\u00ed o s\u00ed su salida del Tottenham. No quiere jugar m\u00e1s en la Premier y quiere salir hacia la Liga espa\u00f1ola. Bar\u00e7a y Atl\u00e9tico de Madrid est\u00e1n monitorizando su situaci\u00f3n, pero la prioridad dle futbolista ser\u00eda recalar en el Camp Nou. <strong>Aqu\u00ed, el principal problema es el precio de la operaci\u00f3n ya que el club londinense va a exigir un m\u00ednimo de 50 millones de euros por su salida, salvo que la situaci\u00f3n entre en un conflicto duro con el futbolista.<\/strong><\/p>\n<p class=\"ft-text\">El Bar\u00e7a ten\u00eda hasta ahora al Cuti Romero como opci\u00f3n n\u00famero uno por si deb\u00eda actuar en la parcela defensiva. <strong>Tanto Deco como Flick creen que se trata de un defensa contundente y con experiencia europea y un l\u00edder que podr\u00eda venir bien en un equipo con mucha juventud. Laporte tambi\u00e9n re\u00fane estas caracter\u00edsticas y su perfil zurdo, incluso, le hace m\u00e1s interesante.<\/strong><\/p>\n<p class=\"ft-text\">Por el momento, el Bar\u00e7a solo est\u00e1 recogiendo informaci\u00f3n y manteniendo vivo el inter\u00e9s sobre los jugadores que gustan atr\u00e1s por si hubiera la posibilidad de firmar. Pero se necesita la venta de un central o un lateral, con Araujo, Kound\u00e9 y Balde como candidatos. <a class=\"ft-link ft-link--decoration\" href=\"https:\/\/www.sport.es\/es\/noticias\/barca\/bayern-munich-pregunta-jules-kounde-132401935\" rel=\"nofollow noopener\" target=\"_blank\"><strong>El primero no quiere salir y tiene un contrato largo, por Kound\u00e9 han habido sondeos de Bayern, pero no est\u00e1 por la labor y Balde tampoco ha querido escuchar ofertas. Hoy por hoy, es un tema muy complicado<\/strong><\/a><strong>.<\/strong><\/p>\n<p class=\"ft-text\">Con la actual plantilla, parece claro que los centrales titulares ser\u00e1n Cubars\u00ed y Gerard Mart\u00edn, tal y como acab\u00f3 la temporada pasada. <strong>Flick est\u00e1 muy contento con ellos y tendr\u00e1n por detr\u00e1s a Araujo y Chrsitensen, mientras que Eric Garcia ser\u00e1 m\u00e1s un comod\u00edn en la plantilla para jugar tanto de central, como de medioncentro o lateral.<\/strong><\/p>\n","protected":false},"excerpt":{"rendered":"El Bar\u00e7a sigue muy atento al mercado de centrales por si hubiera la posibilidad de reforzar la plantilla&hellip;\n","protected":false},"author":2,"featured_media":659388,"comment_status":"","ping_status":"","sticky":false,"template":"","format":"standard","meta":{"footnotes":""},"categories":[268],"tags":[2296,210,2297,103252,168,25,24,280,282,2179,281,23,167],"class_list":["post-659387","post","type-post","status-publish","format-standard","has-post-thumbnail","category-futbol","tag-barca","tag-barcelona","tag-barsa","tag-cuti-romero","tag-deportes","tag-es","tag-espana","tag-football","tag-futbol","tag-laporte","tag-soccer","tag-spain","tag-sports"],"share_on_mastodon":{"url":"https:\/\/pubeurope.com\/@es\/116923918486281976","error":""},"_links":{"self":[{"href":"https:\/\/www.europesays.com\/es\/wp-json\/wp\/v2\/posts\/659387","targetHints":{"allow":["GET"]}}],"collection":[{"href":"https:\/\/www.europesays.com\/es\/wp-json\/wp\/v2\/posts"}],"about":[{"href":"https:\/\/www.europesays.com\/es\/wp-json\/wp\/v2\/types\/post"}],"author":[{"embeddable":true,"href":"https:\/\/www.europesays.com\/es\/wp-json\/wp\/v2\/users\/2"}],"replies":[{"embeddable":true,"href":"https:\/\/www.europesays.com\/es\/wp-json\/wp\/v2\/comments?post=659387"}],"version-history":[{"count":0,"href":"https:\/\/www.europesays.com\/es\/wp-json\/wp\/v2\/posts\/659387\/revisions"}],"wp:featuredmedia":[{"embeddable":true,"href":"https:\/\/www.europesays.com\/es\/wp-json\/wp\/v2\/media\/659388"}],"wp:attachment":[{"href":"https:\/\/www.europesays.com\/es\/wp-json\/wp\/v2\/media?parent=659387"}],"wp:term":[{"taxonomy":"category","embeddable":true,"href":"https:\/\/www.europesays.com\/es\/wp-json\/wp\/v2\/categories?post=659387"},{"taxonomy":"post_tag","embeddable":true,"href":"https:\/\/www.europesays.com\/es\/wp-json\/wp\/v2\/tags?post=659387"}],"curies":[{"name":"wp","href":"https:\/\/api.w.org\/{rel}","templated":true}]}}