{"id":659399,"date":"2026-07-15T12:20:20","date_gmt":"2026-07-15T12:20:20","guid":{"rendered":"https:\/\/www.europesays.com\/es\/659399\/"},"modified":"2026-07-15T12:20:20","modified_gmt":"2026-07-15T12:20:20","slug":"el-refugio-de-elena-rivera-33-anos-en-zaragoza-un-barrio-familiar-vecinos-de-toda-la-vida-y-un-edificio-historico","status":"publish","type":"post","link":"https:\/\/www.europesays.com\/es\/659399\/","title":{"rendered":"El refugio de Elena Rivera (33 a\u00f1os) en Zaragoza: un barrio familiar, vecinos de toda la vida y un edificio hist\u00f3rico"},"content":{"rendered":"<p class=\"ft-text\"><strong>Elena Rivera acaba de disfrutar de uno de los momentos<\/strong>\u00a0m\u00e1s especiales de su vida. La actriz zaragozana que salt\u00f3 a la fama al interpretar el papel de Karina en Cu\u00e9ntame c\u00f3mo pas\u00f3\u00a0ha celebrado este pasado fin de semana su boda con David Redondo,\u00a0su pareja desde hace 15 a\u00f1os.\u00a0La m\u00edtica serie de <strong>RTVE finaliz\u00f3 hace ya tres a\u00f1os, tras 23 temporadas en emisi\u00f3n<\/strong> siguiendo la andadura de la familia Alc\u00e1ntara.<\/p>\n<p class=\"ft-text\"><strong>La ceremonia, que tuvo lugar en Madrid, reuni\u00f3 a familiares, amigos<\/strong>\u00a0y numerosos rostros conocidos en\u00a0<strong>una jornada marcada por la emoci\u00f3n, la elegancia y una gran celebraci\u00f3n posterior.<\/strong>\u00a0A sus 33 a\u00f1os, la zaragozana compagina una s\u00f3lida carrera en la ficci\u00f3n, desde Alba, pasando por Sequ\u00eda o Perdiendo el juicio,\u00a0con una vida personal muy discreta y m\u00e1s ligada a sus ra\u00edces\u00a0que al ruido medi\u00e1tico de la alfombra roja.<\/p>\n<p><img decoding=\"async\" src=\"https:\/\/www.europesays.com\/es\/wp-content\/uploads\/2026\/07\/99719245-cab9-4d66-8956-ba97c3cfc9c2_alta-libre-aspect-ratio_default_0_x960y426.jpg\" width=\"1200\" height=\"800\" alt=\"La actriz Elena Rivera en los premios Cygnus\" class=\"ft-helper-img-rd\" loading=\"lazy\" fetchpriority=\"auto\"\/><\/p>\n<p class=\"ft-helper-fontColor-quaternary ft-helper-fontSize-body-S ft-helper-spacer-t-xxs\">La actriz Elena Rivera en los premios Cygnus  \/ EFE \/ V\u00cdCTOR LERENA<\/p>\n<p class=\"ft-text\">Elena Rivera o Ricardo G\u00f3mez son algunos de los actores que han estado presentes en muchas televisiones de familias espa\u00f1olas durante d\u00e9cadas marcando a varias generaciones. A pesar del \u00e9xito de la serie, la zaragozana se ha mostrado en contra de realizar un retorno de la serie, ya sea un homenaje u otro tipo de contenido audiovisual. \u00abCreo que revivir algo tan redondo, que fue un final tan perfecto<strong>, es un poco cargarse el legado de la serie. Es como&#8230; no lo toques<\/strong>. Esa es mi opini\u00f3n\u00bb, afirm\u00f3 en el p\u00f3dcast Vaya Vaina.\u00a0<\/p>\n<blockquote class=\"ft-mol-quote\" data-aida-quote=\"\"><p>Creo que revivir algo tan redondo, que fue un final tan perfecto, es un poco cargarse el legado de la serie<\/p><\/blockquote>\n<p class=\"ft-text\">Por otro lado, Elena Rivera tambi\u00e9n rememor\u00f3 c\u00f3mo fue su infancia como ni\u00f1a-actriz y sus viajes desde Zaragoza a Madrid para grabar los cap\u00edtulos de la serie. \u00abSe met\u00edan todas las grabaciones en apenas un d\u00eda a la semana para no perder mucha clase.<strong> En mi casa siempre me lo han inculcado como un hobby m\u00e1s<\/strong>. Me he perdido pocas cosas de mi infancia, ni cumplea\u00f1os, ni fin de curso. Tuve que echar mucho m\u00e1s tiempo y me supe organizar, no siento que tuve esa infancia de que me perd\u00ed cosas\u00bb.<\/p>\n<p>Compaginar los estudios con su trabajo como actriz<\/p>\n<p class=\"ft-text\">La actriz aragonesa estudi\u00f3 durante toda su infancia y adolescencia en el <strong>colegio Santo Domingo de Silos, <\/strong>situado en el barrio de Las Fuentes de Zaragoza. \u00abA alg\u00fan compa\u00f1ero s\u00ed que le llamaba la atenci\u00f3n.<strong> Alg\u00fan examen me lo perd\u00eda, aunque estaban todos los profesores avisados para pasarme a otra clase<\/strong> a realizarlo o directamente me lo cambiaban de d\u00eda. Me lo trabajaba todo igual. Me sal\u00eda una cosa de orgullo de hacer m\u00e1s que el resto para que si un d\u00eda falto no me vengan diciendo que<strong> me lo facilitan\u00bb,<\/strong> analiza.<\/p>\n<p><img decoding=\"async\" src=\"https:\/\/www.europesays.com\/es\/wp-content\/uploads\/2026\/07\/f16d6bce-15ba-46e5-8c3b-2d8f077b485e_alta-libre-aspect-ratio_default_0.jpg\" width=\"1200\" height=\"801\" alt=\"La actriz zaragozana Elena Rivera recibi\u00f3 el premio Augusto Talento con Futuro. | FOTOS: MIGUEL \u00c1NGEL GRACIA\" class=\"ft-helper-img-rd\" loading=\"lazy\" fetchpriority=\"auto\"\/><\/p>\n<p class=\"ft-helper-fontColor-quaternary ft-helper-fontSize-body-S ft-helper-spacer-t-xxs\">La actriz zaragozana Elena Rivera recibi\u00f3 el premio Augusto Talento con Futuro. | FOTOS: MIGUEL \u00c1NGEL GRACIA  \/ alberto arilla<\/p>\n<p class=\"ft-text\"><strong>Aunque por trabajo reside en la capital de Espa\u00f1a,<\/strong>\u00a0en concreto en un piso luminoso en el centro\u00a0<strong>con vistas a un jard\u00edn privado con piscina<\/strong>\u00a0y una decoraci\u00f3n muy cuidada,\u00a0<strong>su refugio emocional est\u00e1 a m\u00e1s de 300 kil\u00f3metros,<\/strong>\u00a0en la ciudad donde naci\u00f3 el 29 de agosto de 1992.\u00a0<strong>Zaragoza no es solo un lugar al que escaparse<\/strong>\u00a0de vez en cuando,\u00a0sino la ciudad que reivindica en entrevistas y en redes sociales,\u00a0donde presume de las Fiestas del Pilar y de ese car\u00e1cter cercano que le vio crecer en un barrio familiar,\u00a0<strong>el del Actur, al otro lado del r\u00edo,\u00a0<\/strong>lejos de las zonas m\u00e1s aspiracionales como Romareda o Casablanca.<\/p>\n<p>Actur, el barrio zaragozano donde creci\u00f3 Elena Rivera<\/p>\n<p class=\"ft-text\"><strong>Situado en la margen izquierda del Ebro<\/strong>, el Actur es uno de los barrios m\u00e1s j\u00f3venes y, al mismo tiempo, m\u00e1s populares de Zaragoza.\u00a0<strong>Muchos zaragozanos, como Elena Rivera, han vivido, estudiado<\/strong>\u00a0o trabajado all\u00ed, han paseado por sus centros comerciales\u00a0<strong>o han disfrutado de sus zonas verdes.<\/strong>\u00a0Naci\u00f3 en los a\u00f1os 70 como una gran operaci\u00f3n urban\u00edstica\u00a0<strong>para dar respuesta a la falta de vivienda, levantando bloques de pisos<\/strong>\u00a0sobre antiguos campos de cultivo y\u00a0<strong>conect\u00e1ndolo con el resto de la ciudad a trav\u00e9s del Puente de Santiago.<\/strong><\/p>\n<p><img decoding=\"async\" src=\"https:\/\/www.europesays.com\/es\/wp-content\/uploads\/2026\/07\/492688c3-fda7-420f-95b0-1f01e446c358_alta-libre-aspect-ratio_default_0_x960y426.jpg\" width=\"1200\" height=\"800\" alt=\"La actriz Elena Rivera en una entrevista con EFE\" class=\"ft-helper-img-rd\" loading=\"lazy\" fetchpriority=\"auto\"\/><\/p>\n<p class=\"ft-helper-fontColor-quaternary ft-helper-fontSize-body-S ft-helper-spacer-t-xxs\">La actriz Elena Rivera en una entrevista con EFE  \/ EFE<\/p>\n<p class=\"ft-text\">Con el tiempo,\u00a0<strong>el barrio ha ido sumando iconos<\/strong>: el hist\u00f3rico edificio Kasan y su pasaje comercial,\u00a0<strong>el centro comercial GranCasa con sus cines, la huella de la Expo 2008<\/strong>\u00a0y equipamientos como el campus universitario R\u00edo Ebro o las instalaciones deportivas y de ocio que lo llenan de vida a diario.\u00a0<strong>Hoy el Actur es una zona muy bien comunicada por autob\u00fas y tranv\u00eda,<\/strong>\u00a0con un fuerte tejido comercial y un ambiente familiar que explica por qu\u00e9 quienes crecieron all\u00ed, como Elena Rivera,\u00a0<strong>lo siguen se\u00f1alando como su gran refugio emocional.<\/strong><\/p>\n<p class=\"ft-text\">Con su mezcla de bloques residenciales, zonas verdes y vida de barrio,\u00a0<strong>es el escenario en el que se cri\u00f3 Elena Rivera,<\/strong>\u00a0rodeada de un ambiente tranquilo que ella misma ha se\u00f1alado como clave en su manera de entender la fama. Esa normalidad de origen es la que\u00a0<strong>sigue buscando cada vez que regresa a Zaragoza, donde a\u00fan conserva v\u00ednculos familiares<\/strong>\u00a0y una rutina muy distinta a la de los rodajes.<\/p>\n","protected":false},"excerpt":{"rendered":"Elena Rivera acaba de disfrutar de uno de los momentos\u00a0m\u00e1s especiales de su vida. La actriz zaragozana que&hellip;\n","protected":false},"author":2,"featured_media":659400,"comment_status":"","ping_status":"","sticky":false,"template":"","format":"standard","meta":{"footnotes":""},"categories":[91],"tags":[6416,1626,4482,7113,146,147,25,24,3053,12319,10787,23,25730],"class_list":["post-659399","post","type-post","status-publish","format-standard","has-post-thumbnail","category-entretenimiento","tag-6416","tag-barrio","tag-dv","tag-elena","tag-entertainment","tag-entretenimiento","tag-es","tag-espana","tag-personal","tag-refugio","tag-rivera","tag-spain","tag-zaragozano"],"share_on_mastodon":{"url":"https:\/\/pubeurope.com\/@es\/116923965568693392","error":""},"_links":{"self":[{"href":"https:\/\/www.europesays.com\/es\/wp-json\/wp\/v2\/posts\/659399","targetHints":{"allow":["GET"]}}],"collection":[{"href":"https:\/\/www.europesays.com\/es\/wp-json\/wp\/v2\/posts"}],"about":[{"href":"https:\/\/www.europesays.com\/es\/wp-json\/wp\/v2\/types\/post"}],"author":[{"embeddable":true,"href":"https:\/\/www.europesays.com\/es\/wp-json\/wp\/v2\/users\/2"}],"replies":[{"embeddable":true,"href":"https:\/\/www.europesays.com\/es\/wp-json\/wp\/v2\/comments?post=659399"}],"version-history":[{"count":0,"href":"https:\/\/www.europesays.com\/es\/wp-json\/wp\/v2\/posts\/659399\/revisions"}],"wp:featuredmedia":[{"embeddable":true,"href":"https:\/\/www.europesays.com\/es\/wp-json\/wp\/v2\/media\/659400"}],"wp:attachment":[{"href":"https:\/\/www.europesays.com\/es\/wp-json\/wp\/v2\/media?parent=659399"}],"wp:term":[{"taxonomy":"category","embeddable":true,"href":"https:\/\/www.europesays.com\/es\/wp-json\/wp\/v2\/categories?post=659399"},{"taxonomy":"post_tag","embeddable":true,"href":"https:\/\/www.europesays.com\/es\/wp-json\/wp\/v2\/tags?post=659399"}],"curies":[{"name":"wp","href":"https:\/\/api.w.org\/{rel}","templated":true}]}}