{"id":659421,"date":"2026-07-15T12:35:17","date_gmt":"2026-07-15T12:35:17","guid":{"rendered":"https:\/\/www.europesays.com\/es\/659421\/"},"modified":"2026-07-15T12:35:17","modified_gmt":"2026-07-15T12:35:17","slug":"la-confesion-de-elvis-crespo-sobre-la-colaboracion-con-quevedo-en-la-graciosa-pensaba-que-era-una-muchacha","status":"publish","type":"post","link":"https:\/\/www.europesays.com\/es\/659421\/","title":{"rendered":"La confesi\u00f3n de Elvis Crespo sobre la colaboraci\u00f3n con Quevedo en &#8216;La Graciosa&#8217;: \u00abPensaba que era una muchacha\u00bb"},"content":{"rendered":"<p class=\"v-ath__p v-ath__p--1\">\nMarco Almenara P\u00e9rez\n<\/p>\n<p class=\"v-ath__p v-ath__p--2\">\nLas Palmas de Gran Canaria\n<\/p>\n<p>15\/07\/2026 a las 11:17h.<\/p>\n<p class=\"v-d-p\" style=\"\">&#8216;La Graciosa&#8217; est\u00e1 siendo sin duda uno de los \u00e9xitos de este verano. Con m\u00e1s de 68,8 millones de reproducciones en Spotify, es de esas canciones que figura en casi cualquier &#8216;playlists&#8217;. El tema protagonizado por Quevedo y Elvis Crespo es uno de los m\u00e1s populares en el panorama musical ahora mismo, es incluso <a href=\"https:\/\/www.canarias7.es\/cultura\/musica\/seleccion-espanola-convoca-dos-estrellas-musicales-mundial-20260622105607-nt.html\" target=\"_self\" data-voc-vtm-id=\"in-text-traffic\" data-mrf-link=\"www.canarias7.es\" rel=\"nofollow noopener\">la canci\u00f3n de la selecci\u00f3n espa\u00f1ola<\/a>. En una entrevista con Starlite, el artista puertorrique\u00f1o ha contado como fue <strong>el proceso de creaci\u00f3n de la pieza<\/strong>.<\/p>\n<p class=\"v-d-p\" style=\"\">En un primer lugar, el equipo de Quevedo se puso en contacto con Elvis Crespo para comunicarle que el canario quer\u00eda que participase en su \u00e1lbum, y le pasaron la canci\u00f3n. Cierto es que al principio <strong>no entendi\u00f3 bien el concepto<\/strong>: \u00abNo entend\u00eda &#8216;La Graciosa&#8217;, pensaba que era una muchacha  que se hac\u00eda la chistosa\u00bb.<\/p>\n<p class=\"v-d-p\" style=\"\">Ah\u00ed fue cuando directamente Quevedo habl\u00f3 con Crespo, le explic\u00f3 que La Graciosa es la octava isla y que &#8216;El Baifo&#8217; es un \u00e1lbum que cuya idea gira en torno a las Islas Canarias. En ese momento, el cantante boricua se puso manos a la obra y le dio forma al tema. \u00abPed\u00ed un <strong>sonido de una playa de La Graciosa<\/strong> para escucharlo, me la pusieron y con la guitarra saqu\u00e9 la introducci\u00f3n, el c\u00e1ntico de trabajo y mont\u00e9 las letras\u00bb, explica.<\/p>\n<p class=\"v-d-p\" style=\"\">\u00abCuando lo termin\u00e9, le dije que ya ten\u00eda grabado lo que me hab\u00eda dicho, y que a\u00f1ad\u00ed una guitarrita, el sonido de la playa de La Graciosa y un c\u00e1ntico de trabajo, que si le funcionaba que lo dejara\u00bb, apunta Elvis Crespo. <strong>A Quevedo le esto \u00abencant\u00f3\u00bb<\/strong> y no dud\u00f3 en incluirlo en la obra final.<\/p>\n<p class=\"v-d-p\" style=\"\">En los d\u00edas de grabaci\u00f3n en la octava isla, \u00abla energ\u00eda fue muy buena\u00bb, ya que<strong> ambos conectaron a la perfecci\u00f3n<\/strong>, seg\u00fan cuenta el interprete de canciones como &#8216;P\u00edntame&#8217; o &#8216;Suavemente&#8217;, lo que para \u00e9l era muy importante. Adem\u00e1s, ha destacado todo el tiempo que lleva como n\u00famero 1 en las listas musicales y el gran \u00e9xito que est\u00e1 teniendo.<\/p>\n","protected":false},"excerpt":{"rendered":"Marco Almenara P\u00e9rez Las Palmas de Gran Canaria 15\/07\/2026 a las 11:17h. &#8216;La Graciosa&#8217; est\u00e1 siendo sin duda&hellip;\n","protected":false},"author":2,"featured_media":659422,"comment_status":"","ping_status":"","sticky":false,"template":"","format":"standard","meta":{"footnotes":""},"categories":[174],"tags":[255,598,24235,11373,29570,146,147,981,25,24,256,80762,22383,4592,14138,57,23],"class_list":["post-659421","post","type-post","status-publish","format-standard","has-post-thumbnail","category-famosos","tag-celebrities","tag-colaboracion","tag-confesion","tag-crespo","tag-elvis","tag-entertainment","tag-entretenimiento","tag-era","tag-es","tag-espana","tag-famosos","tag-graciosa","tag-muchacha","tag-pensaba","tag-quevedo","tag-sobre","tag-spain"],"share_on_mastodon":{"url":"https:\/\/pubeurope.com\/@es\/116924024296565711","error":""},"_links":{"self":[{"href":"https:\/\/www.europesays.com\/es\/wp-json\/wp\/v2\/posts\/659421","targetHints":{"allow":["GET"]}}],"collection":[{"href":"https:\/\/www.europesays.com\/es\/wp-json\/wp\/v2\/posts"}],"about":[{"href":"https:\/\/www.europesays.com\/es\/wp-json\/wp\/v2\/types\/post"}],"author":[{"embeddable":true,"href":"https:\/\/www.europesays.com\/es\/wp-json\/wp\/v2\/users\/2"}],"replies":[{"embeddable":true,"href":"https:\/\/www.europesays.com\/es\/wp-json\/wp\/v2\/comments?post=659421"}],"version-history":[{"count":0,"href":"https:\/\/www.europesays.com\/es\/wp-json\/wp\/v2\/posts\/659421\/revisions"}],"wp:featuredmedia":[{"embeddable":true,"href":"https:\/\/www.europesays.com\/es\/wp-json\/wp\/v2\/media\/659422"}],"wp:attachment":[{"href":"https:\/\/www.europesays.com\/es\/wp-json\/wp\/v2\/media?parent=659421"}],"wp:term":[{"taxonomy":"category","embeddable":true,"href":"https:\/\/www.europesays.com\/es\/wp-json\/wp\/v2\/categories?post=659421"},{"taxonomy":"post_tag","embeddable":true,"href":"https:\/\/www.europesays.com\/es\/wp-json\/wp\/v2\/tags?post=659421"}],"curies":[{"name":"wp","href":"https:\/\/api.w.org\/{rel}","templated":true}]}}