{"id":659581,"date":"2026-07-15T14:39:10","date_gmt":"2026-07-15T14:39:10","guid":{"rendered":"https:\/\/www.europesays.com\/es\/659581\/"},"modified":"2026-07-15T14:39:10","modified_gmt":"2026-07-15T14:39:10","slug":"llega-a-espana-una-nueva-terapia-dirigida-para-el-tipo-de-cancer-de-mama-mas-frecuente-2","status":"publish","type":"post","link":"https:\/\/www.europesays.com\/es\/659581\/","title":{"rendered":"Llega a Espa\u00f1a una nueva terapia dirigida para el tipo de c\u00e1ncer de mama m\u00e1s frecuente"},"content":{"rendered":"<p><img decoding=\"async\" class=\"v-ath__i\" loading=\"lazy\" src=\"https:\/\/www.europesays.com\/es\/wp-content\/uploads\/2026\/07\/1784124914_876_autor-5497-foto-3.jpeg\" alt=\"Agencia Europa Press\"\/><\/p>\n<p>15\/07\/2026 a las 15:25h.<\/p>\n<p class=\"v-d-p\" style=\"\">Llega a Espa\u00f1a una nueva terapia dirigida para el c\u00e1ncer de mama luminal, concretamente para un grupo de pacientes con un peor pron\u00f3stico y menor  &#8230; supervivencia, desarrollada por la farmac\u00e9utica Roche.El c\u00e1ncer de mama luminal es el subtipo m\u00e1s prevalente, con casi el 70% de los casos de c\u00e1ncer de mama. Aunque tradicionalmente el c\u00e1ncer de mama luminal se ha asociado con una evoluci\u00f3n m\u00e1s favorable, las pacientes metast\u00e1sicas que presentan resistencia a las terapias endocrinas y mutaci\u00f3n en el gen PIK3CA, tienen un peor pron\u00f3stico y menor esperanza de vida.Aproximadamente, un 35% de las pacientes luminales progresar\u00e1n a un estadio metast\u00e1sico, y dentro de las pacientes con resistencia endocrina, en torno a un 40% presentaran mutaciones en este gen, por lo que es importante identificar su estatus molecular.Iniciar el tratamiento de manera temprana con f\u00e1rmacos espec\u00edficos es fundamental para mejorar la supervivencia y reducir el impacto  f\u00edsico y emocional que tiene la enfermedad en las pacientes.<\/p>\n","protected":false},"excerpt":{"rendered":"15\/07\/2026 a las 15:25h. Llega a Espa\u00f1a una nueva terapia dirigida para el c\u00e1ncer de mama luminal, concretamente&hellip;\n","protected":false},"author":2,"featured_media":659554,"comment_status":"","ping_status":"","sticky":false,"template":"","format":"standard","meta":{"footnotes":""},"categories":[92],"tags":[59473,30284,25,2586,24,8731,165,5012,4917,795,2078,166,23,3362,6593],"class_list":["post-659581","post","type-post","status-publish","format-standard","has-post-thumbnail","category-salud","tag-cncer","tag-dirigida","tag-es","tag-espaa","tag-espana","tag-frecuente","tag-health","tag-llega","tag-mama","tag-nueva","tag-para","tag-salud","tag-spain","tag-terapia","tag-tipo"],"share_on_mastodon":{"url":"https:\/\/pubeurope.com\/@es\/116924513052313558","error":""},"_links":{"self":[{"href":"https:\/\/www.europesays.com\/es\/wp-json\/wp\/v2\/posts\/659581","targetHints":{"allow":["GET"]}}],"collection":[{"href":"https:\/\/www.europesays.com\/es\/wp-json\/wp\/v2\/posts"}],"about":[{"href":"https:\/\/www.europesays.com\/es\/wp-json\/wp\/v2\/types\/post"}],"author":[{"embeddable":true,"href":"https:\/\/www.europesays.com\/es\/wp-json\/wp\/v2\/users\/2"}],"replies":[{"embeddable":true,"href":"https:\/\/www.europesays.com\/es\/wp-json\/wp\/v2\/comments?post=659581"}],"version-history":[{"count":0,"href":"https:\/\/www.europesays.com\/es\/wp-json\/wp\/v2\/posts\/659581\/revisions"}],"wp:featuredmedia":[{"embeddable":true,"href":"https:\/\/www.europesays.com\/es\/wp-json\/wp\/v2\/media\/659554"}],"wp:attachment":[{"href":"https:\/\/www.europesays.com\/es\/wp-json\/wp\/v2\/media?parent=659581"}],"wp:term":[{"taxonomy":"category","embeddable":true,"href":"https:\/\/www.europesays.com\/es\/wp-json\/wp\/v2\/categories?post=659581"},{"taxonomy":"post_tag","embeddable":true,"href":"https:\/\/www.europesays.com\/es\/wp-json\/wp\/v2\/tags?post=659581"}],"curies":[{"name":"wp","href":"https:\/\/api.w.org\/{rel}","templated":true}]}}