{"id":659600,"date":"2026-07-15T14:55:38","date_gmt":"2026-07-15T14:55:38","guid":{"rendered":"https:\/\/www.europesays.com\/es\/659600\/"},"modified":"2026-07-15T14:55:38","modified_gmt":"2026-07-15T14:55:38","slug":"el-viaje-sonado-con-el-que-anabel-pantoja-da-la-bienvenida-a-los-40-tras-su-ano-mas-complicado","status":"publish","type":"post","link":"https:\/\/www.europesays.com\/es\/659600\/","title":{"rendered":"El viaje so\u00f1ado con el que Anabel Pantoja da la bienvenida a los 40 tras su a\u00f1o m\u00e1s complicado"},"content":{"rendered":"<p id=\"egTatyJ6tO\" data-wc=\"85\">Anabel Pantoja cumple hoy 40 a\u00f1os y ha querido convertir esta fecha en un recuerdo inolvidable. Para celebrarlo, viajar\u00e1 a Mil\u00e1n para ver en directo a Bruno Mars, un regalo que ella misma se ha hecho y que llega despu\u00e9s de un intenso fin de semana de celebraciones junto a su familia y su c\u00edrculo m\u00e1s \u00edntimo. <strong>\u00abHa sido un autorregalo\u00bb<\/strong>, ha confesado la colaboradora de televisi\u00f3n, <a class=\"hm-link ho-link\" href=\"https:\/\/www.hola.com\/actualidad\/20260712912364\/anabel-pantoja-celebra-a-lo-grande-su-40-cumpleanos\/\" data-mrf-recirculation=\"article-body-link\" rel=\"nofollow noopener\" target=\"_blank\">ilusionada con un cumplea\u00f1os<\/a> que tambi\u00e9n ha estado marcado por la nostalgia y los recuerdos de su infancia.<\/p>\n<p>Te recomendamosSeguir leyendo<br \/>\n <img src=\"https:\/\/www.europesays.com\/es\/wp-content\/uploads\/2026\/07\/febbd6eda6dc-747862709186120077920218136032230222547102553n.jpg\"   width=\"1024\" height=\"1024\" loading=\"lazy\" decoding=\"async\" alt=\"Media Image\" fetchpriority=\"auto\" class=\"image ho-image\"\/>\u00a9 anabelpantoja00<\/p>\n<p id=\"eVUEZLBtTW\" data-wc=\"88\">Aunque hoy es el d\u00eda en el que sopla las velas, la celebraci\u00f3n comenz\u00f3 hace unos d\u00edas en El Roc\u00edo. All\u00ed reuni\u00f3 a un amplio grupo de familiares y amigos en una escapada que hab\u00eda organizado con antelaci\u00f3n, ya que era el \u00fanico fin de semana en el que estaba disponible la casa que quer\u00eda alquilar. Entre los asistentes estuvieron su madre, su pareja, su hija y amigos tan cercanos como Raquel Bollo, Amor Romeira o Susana Bicho, adem\u00e1s de invitados llegados desde Canarias, Sevilla, Madrid y Valencia.<\/p>\n<p> <img src=\"https:\/\/www.europesays.com\/es\/wp-content\/uploads\/2026\/07\/39d4c5973de7-745700715186112977250218132723160092934536515n.jpg\"   width=\"768\" height=\"1024\" loading=\"lazy\" decoding=\"async\" alt=\"Media Image\" fetchpriority=\"auto\" class=\"image ho-image\"\/>\u00a9 anabelpantoja00<br \/>\nUna gran fiesta en El Roc\u00edo rodeada de sus personas favoritas<\/p>\n<p id=\"eZXD9Q19RDF\" data-wc=\"85\"><strong>\u00abMa\u00f1ana se viene un v\u00eddeo acojonante de bonito\u00bb<\/strong>, escrib\u00eda junto a esas fotograf\u00edas de su infancia. Un adelanto de un montaje muy especial que, seg\u00fan ha explicado, estar\u00e1 dedicado a sus primeros a\u00f1os de vida y que ha sido posible gracias a un valioso tesoro familiar. \u00abVa dedicado a los primeros a\u00f1os de mi vida, y gracias a los v\u00eddeos que mi MADRE me grab\u00f3 por la c\u00e1mara de v\u00eddeo que le regal\u00f3 mi abuelo. A\u00fan en el cielo, sigues regalando cosas preciosas\u00bb, confesaba emocionada.<\/p>\n<p id=\"eu0hP6dwMTM\" data-wc=\"54\">Aunque el cumplea\u00f1os es hoy, Anabel decidi\u00f3 <a class=\"hm-link ho-link\" href=\"https:\/\/www.hola.com\/actualidad\/20260712912364\/anabel-pantoja-celebra-a-lo-grande-su-40-cumpleanos\/\" data-mrf-recirculation=\"article-body-link\" rel=\"nofollow noopener\" target=\"_blank\">adelantar la celebraci\u00f3n al pasado fin de semana<\/a>. El motivo era muy sencillo: la casa que quer\u00eda alquilar en El Roc\u00edo \u00fanicamente estaba disponible esos d\u00edas. Lejos de verlo como un inconveniente, termin\u00f3 convirti\u00e9ndose en la excusa perfecta para reunir a muchos de sus amigos y familiares.<\/p>\n<p> <img src=\"https:\/\/www.europesays.com\/es\/wp-content\/uploads\/2026\/07\/4677ccb85756-743518995186112979830218134156006625506366073n.jpg\"   width=\"768\" height=\"1024\" loading=\"lazy\" decoding=\"async\" alt=\"Media Image\" fetchpriority=\"auto\" class=\"image ho-image\"\/>\u00a9 anabelpantoja00<\/p>\n<p id=\"eFpBmIcUU8\" data-wc=\"89\">Ella misma ha explicado que siempre tuvo claro que quer\u00eda celebrar esta cifra tan redonda en ese enclave tan especial para ella. All\u00ed disfrut\u00f3 de varios d\u00edas de convivencia junto a su pareja, su hija, su madre y un nutrido grupo de amigos entre los que se encontraban Raquel Bollo, Susana Bicho, Amor Romeira y otros rostros muy cercanos. Tambi\u00e9n viajaron invitados desde distintos puntos de Espa\u00f1a. \u00abVino gente de Canarias, de Sevilla, de Madrid, de Valencia&#8230;\u00bb, contaba divertida al recordar un encuentro que define como <strong>una aut\u00e9ntica convivencia.<\/strong><\/p>\n<p id=\"e-XggpHNDY\" data-wc=\"44\">De hecho, resum\u00eda la experiencia con una comparaci\u00f3n que hizo sonre\u00edr a muchos de sus seguidores. \u00abFue muy divertido, como un Gran Hermano, cada uno en su habitaci\u00f3n\u00bb, comentaba entre risas, dejando claro que el ambiente fue relajado, familiar y<a class=\"hm-link ho-link\" href=\"https:\/\/www.hola.com\/actualidad\/20260712912364\/anabel-pantoja-celebra-a-lo-grande-su-40-cumpleanos\/\" data-mrf-recirculation=\"article-body-link\" rel=\"nofollow noopener\" target=\"_blank\"> lleno de buenos momentos<\/a>.<\/p>\n<p> <img src=\"https:\/\/www.europesays.com\/es\/wp-content\/uploads\/2026\/07\/22e98268a4b9-745601240186112979740218137314352067209260074n.jpg\"   width=\"768\" height=\"1024\" loading=\"lazy\" decoding=\"async\" alt=\"Media Image\" fetchpriority=\"auto\" class=\"image ho-image\"\/>\u00a9 anabelpantoja00<br \/>\nUn cambio de look<\/p>\n<p id=\"e-kqTgcwZK\" data-wc=\"106\">La celebraci\u00f3n tambi\u00e9n dej\u00f3 espacio para las decisiones improvisadas. Durante esos d\u00edas de convivencia, Anabel vivi\u00f3 un momento de esos que surgen sin planificar. Todo ocurri\u00f3 despu\u00e9s de ver el cambio de imagen de una de sus grandes amigas. Seg\u00fan ha contado, sinti\u00f3 una enorme envidia \u2014en el mejor sentido de la palabra\u2014 cuando vio que Amor Romeira hab\u00eda decidido cortarse el pelo. Esa sensaci\u00f3n fue suficiente para animarse a pasar tambi\u00e9n por las tijeras y renovar su imagen. Lejos de responder a un plan preconcebido, el corte de pelo<strong>\u00a0n<\/strong><strong>aci\u00f3 de un impulso compartido entre amigas<\/strong>, reflejando ese ambiente espont\u00e1neo que marc\u00f3 toda la escapada.\u00a0<\/p>\n<p> <img src=\"https:\/\/www.europesays.com\/es\/wp-content\/uploads\/2026\/07\/c00d2afc375b-744597509186112978180218133468480714635151248n.jpg\"   width=\"768\" height=\"1024\" loading=\"lazy\" decoding=\"async\" alt=\"Media Image\" fetchpriority=\"auto\" class=\"image ho-image\"\/>\u00a9 anabelpantoja00<br \/>\nEl mejor regalo para estrenar los 40 a\u00f1os<\/p>\n<p id=\"eUIM3oRzdh\" data-wc=\"105\">La celebraci\u00f3n no termina con la fiesta de El Roc\u00edo. Anabel Pantoja ya tiene preparado el siguiente cap\u00edtulo de este cumplea\u00f1os tan especial: un viaje a Mil\u00e1n para asistir al concierto de Bruno Mars. La colaboradora ha reconocido que se trata de un capricho que llevaba tiempo queriendo darse y que ha decidido convertir en el regalo perfecto por su 40 cumplea\u00f1os. \u00abHa sido un autorregalo\u00bb, explicaba con naturalidad. De esta manera, <a class=\"hm-link ho-link\" href=\"https:\/\/www.hola.com\/actualidad\/20260619908267\/anabel-pantoja-regresa-a-telecinco-en-su-momento-personal-mas-delicado\/\" data-mrf-recirculation=\"article-body-link\" rel=\"nofollow noopener\" target=\"_blank\">combinar\u00e1 la emoci\u00f3n de este aniversario<\/a> con una de sus grandes pasiones: la m\u00fasica en directo. Una escapada que servir\u00e1 como broche de oro a unos d\u00edas repletos de emociones, recuerdos y celebraciones.<\/p>\n","protected":false},"excerpt":{"rendered":"Anabel Pantoja cumple hoy 40 a\u00f1os y ha querido convertir esta fecha en un recuerdo inolvidable. Para celebrarlo,&hellip;\n","protected":false},"author":2,"featured_media":659601,"comment_status":"","ping_status":"","sticky":false,"template":"","format":"standard","meta":{"footnotes":""},"categories":[174],"tags":[517,4476,255,146,147,25,24,256,23],"class_list":["post-659600","post","type-post","status-publish","format-standard","has-post-thumbnail","category-famosos","tag-actualidad","tag-anabel-pantoja","tag-celebrities","tag-entertainment","tag-entretenimiento","tag-es","tag-espana","tag-famosos","tag-spain"],"share_on_mastodon":{"url":"https:\/\/pubeurope.com\/@es\/116924576148576119","error":""},"_links":{"self":[{"href":"https:\/\/www.europesays.com\/es\/wp-json\/wp\/v2\/posts\/659600","targetHints":{"allow":["GET"]}}],"collection":[{"href":"https:\/\/www.europesays.com\/es\/wp-json\/wp\/v2\/posts"}],"about":[{"href":"https:\/\/www.europesays.com\/es\/wp-json\/wp\/v2\/types\/post"}],"author":[{"embeddable":true,"href":"https:\/\/www.europesays.com\/es\/wp-json\/wp\/v2\/users\/2"}],"replies":[{"embeddable":true,"href":"https:\/\/www.europesays.com\/es\/wp-json\/wp\/v2\/comments?post=659600"}],"version-history":[{"count":0,"href":"https:\/\/www.europesays.com\/es\/wp-json\/wp\/v2\/posts\/659600\/revisions"}],"wp:featuredmedia":[{"embeddable":true,"href":"https:\/\/www.europesays.com\/es\/wp-json\/wp\/v2\/media\/659601"}],"wp:attachment":[{"href":"https:\/\/www.europesays.com\/es\/wp-json\/wp\/v2\/media?parent=659600"}],"wp:term":[{"taxonomy":"category","embeddable":true,"href":"https:\/\/www.europesays.com\/es\/wp-json\/wp\/v2\/categories?post=659600"},{"taxonomy":"post_tag","embeddable":true,"href":"https:\/\/www.europesays.com\/es\/wp-json\/wp\/v2\/tags?post=659600"}],"curies":[{"name":"wp","href":"https:\/\/api.w.org\/{rel}","templated":true}]}}