{"id":659606,"date":"2026-07-15T15:01:12","date_gmt":"2026-07-15T15:01:12","guid":{"rendered":"https:\/\/www.europesays.com\/es\/659606\/"},"modified":"2026-07-15T15:01:12","modified_gmt":"2026-07-15T15:01:12","slug":"monbus-obradorio-y-leyma-coruna-vuelven-a-ser-equipos-acb","status":"publish","type":"post","link":"https:\/\/www.europesays.com\/es\/659606\/","title":{"rendered":"Monbus Obradorio y Leyma Coru\u00f1a vuelven a ser equipos acb"},"content":{"rendered":"<p class=\"ContentTypeText-module-scss-module__t80MYq__content__paragraph\">La Asamblea General de la acb ha aprobado la admisi\u00f3n del Obradoiro CAB y del Club B\u00e1squet Coru\u00f1a SAD como socios acb. De este modo, el Monbus Obradoiro y el Leyma Coru\u00f1a disputar\u00e1n la Liga Endesa 2026-27.<\/p>\n<p class=\"ContentTypeText-module-scss-module__t80MYq__content__paragraph\">El Monbus Obradoiro logr\u00f3 el ascenso al proclamarse campe\u00f3n de la Primera FEB el pasado mes de mayo, tras finalizar primero en la Liga Regular. De esta manera, el conjunto gallego regresa a la Liga Endesa dos a\u00f1os despu\u00e9s, para seguir escribiendo su historia en la \u00e9lite del baloncesto espa\u00f1ol, de la que ya form\u00f3 parte durante 13 temporadas.<\/p>\n<p class=\"ContentTypeText-module-scss-module__t80MYq__content__paragraph\">Por su parte, el Leyma Coru\u00f1a consigui\u00f3 el ascenso al imponerse al Movistar Estudiantes en el partido decisivo de la Final Four de Primera FEB disputada a primeros del mes de junio en el Coliseum coru\u00f1\u00e9s. Los de <strong>Carles Marco<\/strong> protagonizaron una remontada \u00e9pica frente a los colegiales, pudiendo as\u00ed celebrar junto a su afici\u00f3n su vuelta a la Liga Endesa s\u00f3lo un a\u00f1o despu\u00e9s de haber perdido la categor\u00eda y tras haber competido por primera vez en dicha competici\u00f3n durante la temporada 2024-2025.<\/p>\n","protected":false},"excerpt":{"rendered":"La Asamblea General de la acb ha aprobado la admisi\u00f3n del Obradoiro CAB y del Club B\u00e1squet Coru\u00f1a&hellip;\n","protected":false},"author":2,"featured_media":659607,"comment_status":"","ping_status":"","sticky":false,"template":"","format":"standard","meta":{"footnotes":""},"categories":[93],"tags":[50316,168,25,24,10281,23,167],"class_list":["post-659606","post","type-post","status-publish","format-standard","has-post-thumbnail","category-deportes","tag-basquet-coruna","tag-deportes","tag-es","tag-espana","tag-obradoiro","tag-spain","tag-sports"],"share_on_mastodon":{"url":"https:\/\/pubeurope.com\/@es\/116924598778894403","error":""},"_links":{"self":[{"href":"https:\/\/www.europesays.com\/es\/wp-json\/wp\/v2\/posts\/659606","targetHints":{"allow":["GET"]}}],"collection":[{"href":"https:\/\/www.europesays.com\/es\/wp-json\/wp\/v2\/posts"}],"about":[{"href":"https:\/\/www.europesays.com\/es\/wp-json\/wp\/v2\/types\/post"}],"author":[{"embeddable":true,"href":"https:\/\/www.europesays.com\/es\/wp-json\/wp\/v2\/users\/2"}],"replies":[{"embeddable":true,"href":"https:\/\/www.europesays.com\/es\/wp-json\/wp\/v2\/comments?post=659606"}],"version-history":[{"count":0,"href":"https:\/\/www.europesays.com\/es\/wp-json\/wp\/v2\/posts\/659606\/revisions"}],"wp:featuredmedia":[{"embeddable":true,"href":"https:\/\/www.europesays.com\/es\/wp-json\/wp\/v2\/media\/659607"}],"wp:attachment":[{"href":"https:\/\/www.europesays.com\/es\/wp-json\/wp\/v2\/media?parent=659606"}],"wp:term":[{"taxonomy":"category","embeddable":true,"href":"https:\/\/www.europesays.com\/es\/wp-json\/wp\/v2\/categories?post=659606"},{"taxonomy":"post_tag","embeddable":true,"href":"https:\/\/www.europesays.com\/es\/wp-json\/wp\/v2\/tags?post=659606"}],"curies":[{"name":"wp","href":"https:\/\/api.w.org\/{rel}","templated":true}]}}