{"id":659672,"date":"2026-07-15T15:52:11","date_gmt":"2026-07-15T15:52:11","guid":{"rendered":"https:\/\/www.europesays.com\/es\/659672\/"},"modified":"2026-07-15T15:52:11","modified_gmt":"2026-07-15T15:52:11","slug":"la-princesa-leonor-visita-las-ruinas-de-empuries-junto-a-jovenes-de-la-fundacion-princesa-de-girona-espana","status":"publish","type":"post","link":"https:\/\/www.europesays.com\/es\/659672\/","title":{"rendered":"La princesa Leonor visita las ruinas de Emp\u00faries junto a j\u00f3venes de la Fundaci\u00f3n Princesa de Girona | Espa\u00f1a"},"content":{"rendered":"<p class=\"\">La princesa Leonor y la infanta Sof\u00eda han visitado este mi\u00e9rcoles el yacimiento arqueol\u00f3gico de Emp\u00faries (Girona) junto a j\u00f3venes participantes en los programas de la Fundaci\u00f3n Princesa de Girona y tres de los galardonados de la edici\u00f3n de 2026: la cineasta Gemma Blasco (premiado en la categor\u00eda Arte), el emprendedor social Hatim Azahri (Social) y la biotecn\u00f3loga Patricia Aym\u00e0 (CreaEmpresa). La visita forma parte del calendario de los actos organizados tras la entrega de los <a href=\"https:\/\/elpais.com\/espana\/2026-07-14\/leonor-de-borbon-en-los-premios-princesa-de-girona-en-el-liceu-protejan-el-talento-joven-cuando-lo-necesite.html\" target=\"_self\" rel=\"nofollow noopener\" title=\"https:\/\/elpais.com\/espana\/2026-07-14\/leonor-de-borbon-en-los-premios-princesa-de-girona-en-el-liceu-protejan-el-talento-joven-cuando-lo-necesite.html\">Premios Princesa de Girona<\/a>, cuya gala se celebr\u00f3 este martes en el <a href=\"https:\/\/elpais.com\/noticias\/teatro-liceo-barcelona\/\" target=\"_self\" rel=\"nofollow noopener\" title=\"https:\/\/elpais.com\/noticias\/teatro-liceo-barcelona\/\">Gran Teatre del Liceu de Barcelona<\/a>. Durante el recorrido, la princesa Leonor tambi\u00e9n ha saludado a los j\u00f3venes arque\u00f3logos que trabajaban en las excavaciones del yacimiento. El conjunto arqueol\u00f3gico es el \u00fanico punto de la pen\u00ednsula Ib\u00e9rica donde conviven los restos de una ciudad griega y otra romana, con los primeros registros datados del siglo VI antes de Cristo. <\/p>\n<p class=\"\">Durante la ma\u00f1ana, <a href=\"https:\/\/elpais.com\/espana\/2026-07-14\/leonor-de-borbon-en-los-premios-princesa-de-girona-en-el-liceu-protejan-el-talento-joven-cuando-lo-necesite.html\" target=\"_self\" rel=\"nofollow noopener\" title=\"https:\/\/elpais.com\/espana\/2026-07-14\/leonor-de-borbon-en-los-premios-princesa-de-girona-en-el-liceu-protejan-el-talento-joven-cuando-lo-necesite.html\">las princesas Leonor y la infanta Sof\u00eda<\/a> han recorrido buena parte del yacimiento, acompa\u00f1adas de la directora del Museu d\u2019Arqueologia de Catalunya (MAC) Emp\u00faries, M\u00f2nica Borrell, y la directora t\u00e9cnica, Marta Santos. La actividad por el parque arqueol\u00f3gico ha reunido a cerca de 20 j\u00f3venes procedentes de Girona, Barcelona y Lleida, participantes de los programas de la <a href=\"https:\/\/elpais.com\/noticias\/fundacion-principe-girona\/\" target=\"_self\" rel=\"nofollow noopener\" title=\"https:\/\/elpais.com\/noticias\/fundacion-principe-girona\/\">Fundaci\u00f3n Princesa de Girona<\/a>. La princesa tambi\u00e9n ha aprovechado para acercarse y saludar a los estudiantes, que trabajaban en el terreno, del Curso Internacional de Arqueolog\u00eda de Emp\u00faries, que este a\u00f1o celebra su 80.\u00aa edici\u00f3n. <\/p>\n<p><img alt=\"\" decoding=\"auto\" class=\"_re lazyload a_m-h\" height=\"276\"  width=\"414\"  src=\"https:\/\/www.europesays.com\/es\/wp-content\/uploads\/2026\/07\/Y6BZZFDNMZOM7AIQLZSLEWEV5Q.jpg\" loading=\"lazy\" fetchpriority=\"low\"\/>La princesa Leonor y la infanta Sof\u00eda durante su visita al yacimiento arqueol\u00f3gico de Emp\u00faries (Girona).David Borrat (EFE)<\/p>\n<p class=\"\">Tras el tour guiado, los participantes han asistido tambi\u00e9n al encuentro, presidido por el Rey Felipe VI, para la presentaci\u00f3n de los Objetivos de Desarrollo Generacional (ODG), elaborado por el Consejo Asesor Joven (CAJ) de la Fundaci\u00f3n. Pero antes de la reuni\u00f3n de trabajo, un d\u00eda despu\u00e9s de la victoria de la selecci\u00f3n espa\u00f1ola frente a Francia, el Rey ha asegurado que toda la familia disfrut\u00f3 \u201cmucho\u201d del partido. El partido se celebr\u00f3 pocas horas despu\u00e9s de la gala de entrega de los Premios Princesa de Girona, en la que el Rey ya hab\u00eda expresado su expectaci\u00f3n por la semifinal. Horas m\u00e1s tarde, un <a href=\"https:\/\/elpais.com\/deportes\/mundial-de-clubes-de-futbol\/2026-07-15\/asi-ha-sido-la-celebracion-de-la-familia-real-por-el-pase-de-espana-a-la-final-del-mundial.html?autoplay=1\" target=\"_self\" rel=\"nofollow noopener\" title=\"https:\/\/elpais.com\/deportes\/mundial-de-clubes-de-futbol\/2026-07-15\/asi-ha-sido-la-celebracion-de-la-familia-real-por-el-pase-de-espana-a-la-final-del-mundial.html?autoplay=1\">v\u00eddeo mostr\u00f3 a toda la Familia Real celebrando la victoria<\/a> de Espa\u00f1a y su clasificaci\u00f3n para una nueva final del Mundial.<\/p>\n<p class=\"\">El Rey ha afirmado adem\u00e1s que hab\u00eda cumplido su promesa de no asistir a ning\u00fan encuentro antes de la final y, preguntado por la posibilidad de viajar este domingo a Nueva York para presenciar el la final del Mundial, ha respondido: \u201cEstamos en ello\u201d.<\/p>\n<p class=\"\">Situado en la bah\u00eda de Roses, frente al mar Mediterr\u00e1neo, Emp\u00faries fue un enclave portuario y represent\u00f3 durante siglos la puerta de entrada de las culturas griega y romana en la pen\u00ednsula ib\u00e9rica. La ciudad romana lleg\u00f3 a ocupar unas 22,5 hect\u00e1reas y la griega alrededor de cuatro. <\/p>\n<p class=\"\">La arque\u00f3loga Elisa Hern\u00e1ndez, responsable del museo, ha explicado que la ciudad griega est\u00e1 pr\u00e1cticamente excavada en su totalidad, aunque actualmente se est\u00e1n revisando algunos sectores porque \u201clas t\u00e9cnicas han cambiado a lo largo del tiempo\u201d. De lo que corresponde a la ciudad romana solo se ha excavado alrededor del 20% de la superficie.<\/p>\n<p class=\"\">La visita tambi\u00e9n ha pasado por un recorrido por el museo, donde los participantes conocieron algunos de los principales hallazgos arqueol\u00f3gicos y los proyectos cient\u00edficos, entre ellos los estudios sobre las antiguas \u00e1reas portuarias. <a href=\"https:\/\/elpais.com\/ccaa\/2018\/06\/30\/catalunya\/1530350534_116409.html\" target=\"_self\" rel=\"nofollow noopener\" title=\"https:\/\/elpais.com\/ccaa\/2018\/06\/30\/catalunya\/1530350534_116409.html\">Emp\u00faries<\/a> recibe cada a\u00f1o alrededor de 150.000 visitantes y ya acogi\u00f3 acontecimientos ajenos a la arqueolog\u00eda, como la boda del empresario Kimbal Musk, <a href=\"https:\/\/elpais.com\/ccaa\/2018\/06\/30\/catalunya\/1530350534_116409.html\" target=\"_self\" rel=\"nofollow noopener\" title=\"https:\/\/elpais.com\/ccaa\/2018\/06\/30\/catalunya\/1530350534_116409.html\">hermano menor del multimillonario Elon Musk, celebrada en julio de 2018<\/a>. El patrimonio arqueol\u00f3gico contin\u00faa siendo un yacimiento vivo gracias a las excavaciones e investigaciones que se llevan a cabo de forma permanente por estudiantes que vienen de diversas partes de Europa. <\/p>\n","protected":false},"excerpt":{"rendered":"La princesa Leonor y la infanta Sof\u00eda han visitado este mi\u00e9rcoles el yacimiento arqueol\u00f3gico de Emp\u00faries (Girona) junto&hellip;\n","protected":false},"author":2,"featured_media":659673,"comment_status":"","ping_status":"","sticky":false,"template":"","format":"standard","meta":{"footnotes":""},"categories":[91],"tags":[16227,210,6042,1980,146,147,25,24,55125,1147,1816,11507,6688,532,1025,120388,492,23],"class_list":["post-659672","post","type-post","status-publish","format-standard","has-post-thumbnail","category-entretenimiento","tag-arqueologia","tag-barcelona","tag-casa-real","tag-cataluna","tag-entertainment","tag-entretenimiento","tag-es","tag-espana","tag-fundacion-princesa-de-girona","tag-girona","tag-innovacion","tag-leonor-de-borbon","tag-medio-ambiente","tag-premios","tag-premios-princesa-de-girona","tag-proyectos-sociales","tag-sociedad","tag-spain"],"share_on_mastodon":{"url":"https:\/\/pubeurope.com\/@es\/116924800107582996","error":""},"_links":{"self":[{"href":"https:\/\/www.europesays.com\/es\/wp-json\/wp\/v2\/posts\/659672","targetHints":{"allow":["GET"]}}],"collection":[{"href":"https:\/\/www.europesays.com\/es\/wp-json\/wp\/v2\/posts"}],"about":[{"href":"https:\/\/www.europesays.com\/es\/wp-json\/wp\/v2\/types\/post"}],"author":[{"embeddable":true,"href":"https:\/\/www.europesays.com\/es\/wp-json\/wp\/v2\/users\/2"}],"replies":[{"embeddable":true,"href":"https:\/\/www.europesays.com\/es\/wp-json\/wp\/v2\/comments?post=659672"}],"version-history":[{"count":0,"href":"https:\/\/www.europesays.com\/es\/wp-json\/wp\/v2\/posts\/659672\/revisions"}],"wp:featuredmedia":[{"embeddable":true,"href":"https:\/\/www.europesays.com\/es\/wp-json\/wp\/v2\/media\/659673"}],"wp:attachment":[{"href":"https:\/\/www.europesays.com\/es\/wp-json\/wp\/v2\/media?parent=659672"}],"wp:term":[{"taxonomy":"category","embeddable":true,"href":"https:\/\/www.europesays.com\/es\/wp-json\/wp\/v2\/categories?post=659672"},{"taxonomy":"post_tag","embeddable":true,"href":"https:\/\/www.europesays.com\/es\/wp-json\/wp\/v2\/tags?post=659672"}],"curies":[{"name":"wp","href":"https:\/\/api.w.org\/{rel}","templated":true}]}}