{"id":659688,"date":"2026-07-15T16:03:12","date_gmt":"2026-07-15T16:03:12","guid":{"rendered":"https:\/\/www.europesays.com\/es\/659688\/"},"modified":"2026-07-15T16:03:12","modified_gmt":"2026-07-15T16:03:12","slug":"tour-de-francia-jonas-vingegaard-critica-los-abucheos-a-pogacar-esciclismo","status":"publish","type":"post","link":"https:\/\/www.europesays.com\/es\/659688\/","title":{"rendered":"Tour de Francia: Jonas Vingegaard critica los abucheos a Pogacar &#8211; Esciclismo"},"content":{"rendered":"<ol>\n<li><a href=\"https:\/\/news.google.com\/rss\/articles\/CBMiakFVX3lxTFA1Y2p4b2VQUUZjYW9zc3p2STFqUFdDVnlnZDZwRXRiOW5JVlBXZHFxNExWeG5oZ3cxdTlKMU4xRUJXZVBReU1SR3VkX0EwNWJyYk1LWWpaSmswemFEZzdqSDJrV0tPVzc5NFE?oc=5\" target=\"_blank\" rel=\"nofollow noopener\">Tour de Francia: Jonas Vingegaard critica los abucheos a Pogacar<\/a>&nbsp;&nbsp;Esciclismo<\/li>\n<li><a href=\"https:\/\/news.google.com\/rss\/articles\/CBMingFBVV95cUxPTlhyYUxlbEl2LUltNnppSTZETTFJX2FIOFZVQUhlMUNHN1luc0kycXU1eklrZW9GcjNUSW5yQ2E1Nm1BQUtEZVNPY0FwVEo0QTQtRmN2MUFVN2w3ZW9qYWpSODQzeTg3MGpuQzlpVWNNMzJZZFIwUFpXNW1xemF0UG15QkZLeWMtaFlQbllSS05VZ2o2REJ1ZUp5T2dOZ9IBngFBVV95cUxQTDZTallVRmR0WTc1bGFxTXdlT1ROalZDQ0JvUElOa2JKRVA3ZDBMbjh5UHpGcG1VYV84NFZhQmsxNTBvVzhkS0dlTUc1Si1ubGdmMGZxTVlMLVRWdG9ubTFwZjJYT0ZSR3FScXYwVFo2TklBWWN5QVVBMmRjVlRjekdlRWNaSkhUVUlRMmViak1vd1FyeXlmSzJWYnFJUQ?oc=5\" target=\"_blank\" rel=\"nofollow noopener\">Los abucheos a Pogacar el d\u00eda que igual\u00f3 a Miguel Indurain: \u00abPienso en la mentalidad de Djokovic. \u00c9l tambi\u00e9n recibi\u00f3 odio innecesario\u00bb<\/a>&nbsp;&nbsp;El Mundo<\/li>\n<li><a href=\"https:\/\/news.google.com\/rss\/articles\/CBMi0AFBVV95cUxQWGw1YVRMSUxGZi1rMGEzdHU1Q0I0a29CempUT3hjSG5WNUZqX3dFWTdvQ1k3V05kazh4Rmt3TkxZTGlkb3ZIS3VEaWRFcUxHTnhUNmJOMEFzWU8ya3hJeTlZNTU2N0RGclF1RVlwNGdSd042ak5IYXp6SFA0aF9vMXRzRFE5WlpsWjdGWnByUExXOWRJOFE1VFJTUXVndjNEajJRQldPUlN6UmJ4R2RoVGVsclBYR2d1aW1DQjB2UURndVhSbXpjMm9vT01aUjFM?oc=5\" target=\"_blank\" rel=\"nofollow noopener\">Pogacar se inspira en Djokovic para convertir los abucheos en gasolina: \u00abEso pasa siempre con los campeones\u00bb<\/a>&nbsp;&nbsp;MARCA<\/li>\n<li><a href=\"https:\/\/news.google.com\/rss\/articles\/CBMi7AFBVV95cUxOMGtXdW04Mlk1NTdMcTBrTTFENFpiWGwyaHQ3dVlhV0h0VDBHLWZ2Rkg5bXVUb2t1ZnppN1o1V3ZqTUI5SUNNcDM1U2RFNHNyM1F0ZnB6UTQ4S2pBdHBDOXFDMm5YRGFwSGhoWHJPM0pNUXBJdlpQTklXOHM4ZzJzMnBCM3RuR0ttN0dnZkwyb2ExVUVXNVN0d2hUME5pR0ZLR2xYY0p6Rnd5ck11SHBhVkIzYUZUTkgyZlFCTF8tQ1dPN3M3UmQzWFUyeTRpU0lSNTNad1pvd24tQjdaMVVKZjFiUzN4YmlhMHlsUg?oc=5\" target=\"_blank\" rel=\"nofollow noopener\">Pogacar desvela que usa la mentalidad y los m\u00e9todos de Djokovic si le abuchean: \u00abEso siempre pasa\u00bb<\/a>&nbsp;&nbsp;Eurosport<\/li>\n<li><a href=\"https:\/\/news.google.com\/rss\/articles\/CBMijAJBVV95cUxQMkF1RElSM1RDMHBnSGNSTGNMd2NYVTdrZjQzWmhSWkQ0eDFWZ0dPTDNaYkhXclU2QzJ2cUN0R3VRcTY0bFlDaFktUTNCLVVmRE4tQkhFRjBBY0M1eTlFeFlaTlV1alRDelc3RFdMMU5DQmpoWGpxbnFBbjdKT0o3a243Vkx6c3N0WExGZWJXMDJzRUFZa2dobjBmYllkYzJuRGlSYkpRNFF5cC04NFNPaExqSTkzNFloSE1GMXZPNGc4ZVRkM0xITFhNaVQxek9OUXRXU0Y3MHR2WVNfY0Z0SmZEMWF3X21LbTZTSndxVWlPal9oSU9HMWlGRmx4YlZFRWtDUTAzamRyX3kx0gGaAkFVX3lxTFBjWjh0a3l6UnpTZ3FkbGFSQUpmbXlxTERsSUxCZGZ5MDIyRVc0QktSNEp2VlpScjd2OERHVW9EMktZc3VLQWlVd0h6dllIOFkzOUZWWHUzdHA5ZW1oZ29teVUweHNxeHluVFgxM0R2VjNsSmhtaEtURnh5bUtvdGNSTDRIZ200eWZvWmZSYUNNN1pvWV9mdXg3bXYtV0JCdDJWTGMtY0dJZEJHbm9nWUxVdXpacDQ4NE5uektWQ1FmZmtrNndiN0o5RVpuUXhLYk40cVpaMFJpMTVlTW00X0FJYnN4b1d5MGxwNEQzNG5FcGcwZG0tb09zZHNRN084VFFKQWRDZDE5Q0ViRkNBSnhRTzkzcnVidHdvUQ?oc=5\" target=\"_blank\" rel=\"nofollow noopener\">Pogacar estalla ante las cr\u00edticas en el Tour y Vingegaard le defiende: \u00abEst\u00e1 claro que hay gente que me detesta, pasa siempre con los campeones\u00bb<\/a>&nbsp;&nbsp;Mundo Deportivo<\/li>\n<\/ol>\n","protected":false},"excerpt":{"rendered":"Tour de Francia: Jonas Vingegaard critica los abucheos a Pogacar&nbsp;&nbsp;Esciclismo Los abucheos a Pogacar el d\u00eda que igual\u00f3&hellip;\n","protected":false},"author":2,"featured_media":659268,"comment_status":"","ping_status":"","sticky":false,"template":"","format":"standard","meta":{"footnotes":""},"categories":[273],"tags":[5121,120567,2984,59427,323,385,313,1757,2838,19913,2474,312,7423,168,6143,158,551,25,73481,3871,24,317,3015,324,120566,322,5564,4165,549,120569,1566,120568,23,167,548,316,550,325,321,552],"class_list":["post-659688","post","type-post","status-publish","format-standard","has-post-thumbnail","category-ciclismo","tag-abucheos","tag-acudan","tag-aficionados","tag-bi","tag-bike","tag-casa","tag-ciclismo","tag-ciclista","tag-ciclistas","tag-contra","tag-critico","tag-cycling","tag-danes","tag-deportes","tag-dijo","tag-el","tag-emirates","tag-es","tag-escuche","tag-esloveno","tag-espana","tag-francia","tag-general","tag-jonas","tag-lanzados","tag-lease","tag-lider","tag-pidio","tag-pogacar","tag-queden","tag-segundo","tag-silbar","tag-spain","tag-sports","tag-tadej","tag-tour","tag-uae","tag-vingegaard","tag-visma","tag-xrg"],"share_on_mastodon":{"url":"https:\/\/pubeurope.com\/@es\/116924842145708459","error":""},"_links":{"self":[{"href":"https:\/\/www.europesays.com\/es\/wp-json\/wp\/v2\/posts\/659688","targetHints":{"allow":["GET"]}}],"collection":[{"href":"https:\/\/www.europesays.com\/es\/wp-json\/wp\/v2\/posts"}],"about":[{"href":"https:\/\/www.europesays.com\/es\/wp-json\/wp\/v2\/types\/post"}],"author":[{"embeddable":true,"href":"https:\/\/www.europesays.com\/es\/wp-json\/wp\/v2\/users\/2"}],"replies":[{"embeddable":true,"href":"https:\/\/www.europesays.com\/es\/wp-json\/wp\/v2\/comments?post=659688"}],"version-history":[{"count":0,"href":"https:\/\/www.europesays.com\/es\/wp-json\/wp\/v2\/posts\/659688\/revisions"}],"wp:featuredmedia":[{"embeddable":true,"href":"https:\/\/www.europesays.com\/es\/wp-json\/wp\/v2\/media\/659268"}],"wp:attachment":[{"href":"https:\/\/www.europesays.com\/es\/wp-json\/wp\/v2\/media?parent=659688"}],"wp:term":[{"taxonomy":"category","embeddable":true,"href":"https:\/\/www.europesays.com\/es\/wp-json\/wp\/v2\/categories?post=659688"},{"taxonomy":"post_tag","embeddable":true,"href":"https:\/\/www.europesays.com\/es\/wp-json\/wp\/v2\/tags?post=659688"}],"curies":[{"name":"wp","href":"https:\/\/api.w.org\/{rel}","templated":true}]}}