{"id":659751,"date":"2026-07-15T16:43:13","date_gmt":"2026-07-15T16:43:13","guid":{"rendered":"https:\/\/www.europesays.com\/es\/659751\/"},"modified":"2026-07-15T16:43:13","modified_gmt":"2026-07-15T16:43:13","slug":"el-mensaje-rotundo-en-sanfermines-de-una-madre-en-paro-al-ladron-que-le-robo-el-telefono-movil","status":"publish","type":"post","link":"https:\/\/www.europesays.com\/es\/659751\/","title":{"rendered":"El mensaje rotundo en Sanfermines de una madre en paro al ladr\u00f3n que le rob\u00f3 el tel\u00e9fono m\u00f3vil"},"content":{"rendered":"<p>\n        El hurto de tel\u00e9fonos m\u00f3viles, a veces tambi\u00e9n el robo con fuerza del propio aparato, lo cual resulta a\u00fan m\u00e1s violento, es posiblemente <strong>el delito m\u00e1s frecuente en Sanfermines,<\/strong> y quien m\u00e1s quien menos ha sufrido los contratiempos y el mal rato de ser v\u00edctima de alguna situaci\u00f3n de este tipo. <strong>No se trata solo de la angustia que genera el propio episodio delictivo, sino el hecho de que la sustracci\u00f3n del m\u00f3vil origina una serie de inconvenientes importantes por la cantidad de informaci\u00f3n que albergan los dispositivos,<\/strong> tanto personal como profesional. A la gente le duele que le sustraigan por ejemplo la galer\u00eda de im\u00e1genes por las fotos de recuerdo que se puedan perder.\n<\/p>\n<p class=\"article-body__text \">\n        <strong>En esta tesitura se ha visto envuelta una mujer en Pamplona que ha colgado (al menos) un mensaje elocuente en un sem\u00e1foro junto al parque Antoniutti y las piscinas de Larraina.<\/strong> En ese lugar de paso, no demasiado concurrido, y en el que el sem\u00e1foro se prolonga un minuto en rojo, el papel llama la atenci\u00f3n por la extensi\u00f3n del texto y, una vez que se observa el contenido, por su tono crudo, directo y desesperado. Tal vez est\u00e9 colocado en esa zona (no consta si ha sido distribuido en m\u00e1s lugares) por ser cercana al lugar donde se produjeron los hechos.\n<\/p>\n<p>  \u00abNos has fastidiado por completo los Sanfermines a toda la familia\u00bb<\/p>\n<p class=\"article-body__text \">\n        El texto se dirige al chaval que \u00abse apropi\u00f3 de un smartphone que no le pertenec\u00eda\u00bb en el pasadizo de la calle Monasterio de Yarte, en el barrio de San Juan de Pamplona. \u00abSabemos que ibas con tu amigo. La Polic\u00eda tiene la descripci\u00f3n de los dos\u00bb. Y apela al ladr\u00f3n: \u00abHas cometido una estupidez por una miseria. El m\u00f3vil no val\u00eda ni 175 euros en 2024. El aparato y la SIM ya est\u00e1n bloqueados por IMEI. Tienes un ladrillo inservible que no vas a poder usar ni vender en ning\u00fan sitio. Lo \u00fanico que tienes es mi tarjeta de memoria. No te van a dar ni 10 euros por ella\u00bb, espeta la due\u00f1a del tel\u00e9fono.\n<\/p>\n<p class=\"article-photo__footer\">\n            El texto en el que alerta del robo del m\u00f3vil.                    <\/p>\n<p class=\"article-body__text \">\n        Y prosigue: \u00ab\u00bfSabes qu\u00e9 has conseguido realmente con tu haza\u00f1a?\u00bb Y en el mismo texto se responde: \u00abJoder a una madre en paro de larga duraci\u00f3n que no recibe ninguna ayuda econ\u00f3mica. Nos has fastidiado por completo los Sanfermines a toda la familia. Hace llorar a mis dos hijos peque\u00f1os. Ellos ya sab\u00edan que el mundo no es perfecto, pero t\u00fa te has encargado de grab\u00e1rselo a fuego mientras te re\u00edas de nosotros por tel\u00e9fono\u00bb.\n<\/p>\n<p class=\"article-body__text \">\n        Y a continuaci\u00f3n le espeta: \u00abM\u00edrate al espejo. Personas como t\u00fa solo sirven para hacer el mal y destrozar la ilusi\u00f3n de los dem\u00e1s. A ver si te sientes orgulloso de esto. Nosotros marcamos la diferencia haciendo el bien, trabajando y siendo honestos, algo que t\u00fa claramente no sabes lo que significa\u00bb.\n<\/p>\n<p class=\"article-body__text \">\n        Finalmente, la v\u00edctima del hurto quiere lanzar un mensaje: \u00abSi te queda algo de dignidad. <strong>Lleva el tel\u00e9fono a Objetos Perdidos de la Polic\u00eda Municipal de Pamplona. Devu\u00e9lvelo. <\/strong>Esa tarjeta de memoria contiene fotos y documentos personales que siguen siendo m\u00edos y no te pertenecen. La Polic\u00eda ya os est\u00e1 buscando a los dos\u00bb.<\/p>\n","protected":false},"excerpt":{"rendered":"El hurto de tel\u00e9fonos m\u00f3viles, a veces tambi\u00e9n el robo con fuerza del propio aparato, lo cual resulta&hellip;\n","protected":false},"author":2,"featured_media":659752,"comment_status":"","ping_status":"","sticky":false,"template":"","format":"standard","meta":{"footnotes":""},"categories":[5],"tags":[17,18,25,24,13,14,11,19,20,3354,8079,10540,9,10,15,16,7561,4519,40852,23,12,21,22],"class_list":["post-659751","post","type-post","status-publish","format-standard","has-post-thumbnail","category-titulares","tag-breaking-news","tag-breakingnews","tag-es","tag-espana","tag-featured-news","tag-featurednews","tag-headlines","tag-latest-news","tag-latestnews","tag-madre","tag-mensaje","tag-movil","tag-news","tag-noticias","tag-noticias-destacadas","tag-noticiasdestacadas","tag-robo","tag-rotundo","tag-sanfermines","tag-spain","tag-titulares","tag-ultimas-noticias","tag-ultimasnoticias"],"share_on_mastodon":{"url":"https:\/\/pubeurope.com\/@es\/116924999713228605","error":""},"_links":{"self":[{"href":"https:\/\/www.europesays.com\/es\/wp-json\/wp\/v2\/posts\/659751","targetHints":{"allow":["GET"]}}],"collection":[{"href":"https:\/\/www.europesays.com\/es\/wp-json\/wp\/v2\/posts"}],"about":[{"href":"https:\/\/www.europesays.com\/es\/wp-json\/wp\/v2\/types\/post"}],"author":[{"embeddable":true,"href":"https:\/\/www.europesays.com\/es\/wp-json\/wp\/v2\/users\/2"}],"replies":[{"embeddable":true,"href":"https:\/\/www.europesays.com\/es\/wp-json\/wp\/v2\/comments?post=659751"}],"version-history":[{"count":0,"href":"https:\/\/www.europesays.com\/es\/wp-json\/wp\/v2\/posts\/659751\/revisions"}],"wp:featuredmedia":[{"embeddable":true,"href":"https:\/\/www.europesays.com\/es\/wp-json\/wp\/v2\/media\/659752"}],"wp:attachment":[{"href":"https:\/\/www.europesays.com\/es\/wp-json\/wp\/v2\/media?parent=659751"}],"wp:term":[{"taxonomy":"category","embeddable":true,"href":"https:\/\/www.europesays.com\/es\/wp-json\/wp\/v2\/categories?post=659751"},{"taxonomy":"post_tag","embeddable":true,"href":"https:\/\/www.europesays.com\/es\/wp-json\/wp\/v2\/tags?post=659751"}],"curies":[{"name":"wp","href":"https:\/\/api.w.org\/{rel}","templated":true}]}}