{"id":659806,"date":"2026-07-15T17:23:14","date_gmt":"2026-07-15T17:23:14","guid":{"rendered":"https:\/\/www.europesays.com\/es\/659806\/"},"modified":"2026-07-15T17:23:14","modified_gmt":"2026-07-15T17:23:14","slug":"identifican-un-nuevo-biomarcador-pronostico-en-el-cancer-colorrectal","status":"publish","type":"post","link":"https:\/\/www.europesays.com\/es\/659806\/","title":{"rendered":"Identifican un nuevo biomarcador pron\u00f3stico en el c\u00e1ncer colorrectal"},"content":{"rendered":"<p class=\"mostrar_fragmento\">Cient\u00edficos de diversos centros chinos han determinado que la expresi\u00f3n elevada de la prote\u00edna PCBP3 en los tumores colorrectales primarios constituye un factor de mal pron\u00f3stico, independientemente de la presencia de otras variables cl\u00ednicas potencialmente desfavorables, como el tama\u00f1o tumoral, la profundidad de invasi\u00f3n o el estadio TNM. En la &#8230;            &#13;\n        <\/p>\n<p> &#13;<br \/>\n&#13;<\/p>\n<p>Cient\u00edficos de diversos centros chinos han determinado que la expresi\u00f3n elevada de la <strong>prote\u00edna PCBP3<\/strong> en los tumores colorrectales primarios constituye un <strong>factor de mal pron\u00f3stico<\/strong>, independientemente de la presencia de otras variables cl\u00ednicas potencialmente desfavorables, como el tama\u00f1o tumoral, la profundidad de invasi\u00f3n o el estadio TNM. En la cohorte analizada, la sobreexpresi\u00f3n de esta prote\u00edna se asoci\u00f3 con <strong>una mayor incidencia de recurrencias<\/strong> y con <strong>una menor supervivencia<\/strong>, tanto global como libre de enfermedad. Este \u00faltimo par\u00e1metro present\u00f3 una mediana de 36 meses, mientras que en el grupo con baja expresi\u00f3n todav\u00eda no se hab\u00eda alcanzado.<\/p>\n<p>La relevancia fisiopatol\u00f3gica de los hallazgos se confirm\u00f3 en ratones portadores de tumores que sobreexpresaban PCBP3, <strong>en los que la enfermedad progres\u00f3 con mayor rapidez y gener\u00f3 tumores de mayor volumen<\/strong> y con un porcentaje m\u00e1s elevado de c\u00e9lulas positivas para el marcador de proliferaci\u00f3n Ki-67. En cambio, la reducci\u00f3n estable de PCBP3 produjo el efecto contrario. <strong>Gang Wang<\/strong>, investigador de la Southern Medical University y codirector del <a href=\"https:\/\/www.discovmed.com\/journal\/DM\/38\/209\/10.24976\/Discov.Med.202638209.144\" rel=\"nofollow noopener\" target=\"_blank\">estudio<\/a>, afirma que PCBP3 participa en procesos biol\u00f3gicos esenciales, como el metabolismo del hierro, la regulaci\u00f3n de la estabilidad del ARN y su traducci\u00f3n, mecanismos que podr\u00edan explicar su impacto en la progresi\u00f3n del c\u00e1ncer colorrectal. <\/p>\n<p>Aunque en otros tumores PCBP3 se ha asociado con un mejor pron\u00f3stico, <strong>su funci\u00f3n parece depender del contexto biol\u00f3gico espec\u00edfico de cada tipo de c\u00e1ncer<\/strong>, a\u00f1ade el cient\u00edfico. La identificaci\u00f3n de PCBP3 como biomarcador pron\u00f3stico y posible diana terap\u00e9utica abre nuevas v\u00edas para la medicina de precisi\u00f3n en un tipo de tumor en el que la recurrencia y la resistencia al tratamiento siguen representando importantes desaf\u00edos, concluye el investigador.<\/p>\n<p> &#13;<\/p>\n<p>&#13;<br \/>\n            SEGUIR LEYENDO&#13;\n        <\/p>\n","protected":false},"excerpt":{"rendered":"Cient\u00edficos de diversos centros chinos han determinado que la expresi\u00f3n elevada de la prote\u00edna PCBP3 en los tumores&hellip;\n","protected":false},"author":2,"featured_media":659807,"comment_status":"","ping_status":"","sticky":false,"template":"","format":"standard","meta":{"footnotes":""},"categories":[92],"tags":[3685,7299,1066,3384,25,24,1292,165,10289,40854,3383,524,1817,120579,2679,7296,34374,52460,3385,1288,166,120578,23,8768],"class_list":["post-659806","post","type-post","status-publish","format-standard","has-post-thumbnail","category-salud","tag-animales","tag-biomarcador","tag-cancer","tag-colorrectal","tag-es","tag-espana","tag-estudio","tag-health","tag-identifican","tag-incrementa","tag-modelos","tag-nuevo","tag-pacientes","tag-pcbp","tag-pronostico","tag-proteina","tag-realizado","tag-recaida","tag-reduce","tag-riesgo","tag-salud","tag-sobreexpresion","tag-spain","tag-supervivencia"],"share_on_mastodon":{"url":"https:\/\/pubeurope.com\/@es\/116925157039307774","error":""},"_links":{"self":[{"href":"https:\/\/www.europesays.com\/es\/wp-json\/wp\/v2\/posts\/659806","targetHints":{"allow":["GET"]}}],"collection":[{"href":"https:\/\/www.europesays.com\/es\/wp-json\/wp\/v2\/posts"}],"about":[{"href":"https:\/\/www.europesays.com\/es\/wp-json\/wp\/v2\/types\/post"}],"author":[{"embeddable":true,"href":"https:\/\/www.europesays.com\/es\/wp-json\/wp\/v2\/users\/2"}],"replies":[{"embeddable":true,"href":"https:\/\/www.europesays.com\/es\/wp-json\/wp\/v2\/comments?post=659806"}],"version-history":[{"count":0,"href":"https:\/\/www.europesays.com\/es\/wp-json\/wp\/v2\/posts\/659806\/revisions"}],"wp:featuredmedia":[{"embeddable":true,"href":"https:\/\/www.europesays.com\/es\/wp-json\/wp\/v2\/media\/659807"}],"wp:attachment":[{"href":"https:\/\/www.europesays.com\/es\/wp-json\/wp\/v2\/media?parent=659806"}],"wp:term":[{"taxonomy":"category","embeddable":true,"href":"https:\/\/www.europesays.com\/es\/wp-json\/wp\/v2\/categories?post=659806"},{"taxonomy":"post_tag","embeddable":true,"href":"https:\/\/www.europesays.com\/es\/wp-json\/wp\/v2\/tags?post=659806"}],"curies":[{"name":"wp","href":"https:\/\/api.w.org\/{rel}","templated":true}]}}