{"id":659964,"date":"2026-07-15T19:20:20","date_gmt":"2026-07-15T19:20:20","guid":{"rendered":"https:\/\/www.europesays.com\/es\/659964\/"},"modified":"2026-07-15T19:20:20","modified_gmt":"2026-07-15T19:20:20","slug":"teddy-swims-en-del40al1cocacola-recuerdo-los40-music-awards-como-la-mejor-noche-de-la-historia","status":"publish","type":"post","link":"https:\/\/www.europesays.com\/es\/659964\/","title":{"rendered":"Teddy Swims, en #Del40al1CocaCola: \u201cRecuerdo LOS40 Music Awards como la mejor noche de la historia\u201d"},"content":{"rendered":"<p><a href=\"https:\/\/los40.com\/2026\/04\/10\/el-nuevo-viaje-musical-de-teddy-swims-continua-con-mr-know-it-all\/\" target=\"_blank\" rel=\"nofollow noopener\">Teddy Swims<\/a> intervino en <b>#Del40al1CocaCola <\/b>como invitado VIP en uno de los mejores momentos de su carrera. El cantante estadounidense, que conquist\u00f3 el n\u00famero uno de LOS40 en 2024 con Lose control, convers\u00f3 con <b>Tony Aguilar <\/b>sobre sus \u00faltimos proyectos, sus recientes colaboraciones y el lanzamiento de Mr. Know it all, su nuevo sencillo.<\/p>\n<p>Nada m\u00e1s comenzar la entrevista, Teddy record\u00f3 con cari\u00f1o su paso por <b>LOS40 Music Awards Santander <\/b>en Barcelona: \u201cFue la mejor noche de la historia\u201d; y no dud\u00f3 en mostrar su entusiasmo ante la posibilidad de volver a la gala con motivo del 60\u00ba aniversario de LOS40. \u00abSi me llam\u00e1is, ah\u00ed estar\u00e9\u00bb, respondi\u00f3 entre sonrisas cuando Tony Aguilar le plante\u00f3 un posible regreso.<\/p>\n<p>La conversaci\u00f3n tambi\u00e9n sirvi\u00f3 para hablar de sus colaboraciones m\u00e1s recientes. El artista asegur\u00f3 sentirse \u00abmuy afortunado\u00bb por haber trabajado con <a href=\"https:\/\/los40.com\/2025\/10\/11\/david-guetta-teddy-swims-tones-and-i-unen-lo-mejor-del-electropop-y-del-soul-en-gone-gone-gone-su-nueva-colaboracion\/\" target=\"_blank\" rel=\"nofollow noopener\">David Guetta y Tones and I<\/a> en Gone, gone, gone y dedic\u00f3 elogios a ambos: \u00abTones and I es una persona s\u00faper talentosa, muy dulce. Y lo mismo digo de David\u00bb. Sobre Mr. Know it all, explic\u00f3 que la canci\u00f3n retrata a un personaje atrapado por sus propios pensamientos y contradicciones. \u00abEs como <b>una profec\u00eda autodestructiva, <\/b>alguien que siente que est\u00e1 condenado haga lo que haga. Me inspir\u00e9 en esa idea aplicada al amor\u00bb, coment\u00f3.<\/p>\n<p><img decoding=\"async\" src=\"https:\/\/los40.com\/pf\/resources\/img\/logo-40-v-c.svg?d=1006\" alt=\"LOS40\" class=\"i-pro\" width=\"68\" height=\"68\" loading=\"lazy\"\/><\/p>\n<p>En el momento del tradicional <b>Voto VIP<\/b>, Teddy Swims sorprendi\u00f3 al decantarse por <a href=\"https:\/\/los40.com\/2026\/06\/30\/bts-encuentra-otro-record-de-the-rolling-stones-y-tambien-acaba-en-sus-manos\/\" target=\"_blank\" rel=\"nofollow noopener\">BTS<\/a>. El motivo era muy personal: \u00abTengo que decir BTS porque mi mejor amigo Marcus Lomax escribi\u00f3 esa canci\u00f3n junto a ellos. Ten\u00eda que hacerlo. Te quiero, amigo\u00bb. Un voto que, como dijo Tont, seguro que alegr\u00f3 a los millones de seguidores del grupo surcoreano.<\/p>\n<p>La entrevista termin\u00f3 con una buena noticia para el cantante. Tony Aguilar le anunci\u00f3 que Mr. Know it all pasaba desde ese mismo momento a sonar como <b>candidata a la lista oficial de LOS40<\/b>, iniciando as\u00ed el camino para intentar repetir el \u00e9xito de Lose control. La reacci\u00f3n de Teddy no pudo ser m\u00e1s entusiasta: \u00ab\u00a1Me encanta! Vamos a hacerlo n\u00famero uno otra vez. Vamos, vamos, vamos\u00bb. Una declaraci\u00f3n de intenciones con la que dej\u00f3 claro que aspira a volver muy pronto a lo m\u00e1s alto del chart.<\/p>\n","protected":false},"excerpt":{"rendered":"Teddy Swims intervino en #Del40al1CocaCola como invitado VIP en uno de los mejores momentos de su carrera. El&hellip;\n","protected":false},"author":2,"featured_media":659965,"comment_status":"","ping_status":"","sticky":false,"template":"","format":"standard","meta":{"footnotes":""},"categories":[170],"tags":[1765,146,147,25,24,184,185,96386,23,1766],"class_list":["post-659964","post","type-post","status-publish","format-standard","has-post-thumbnail","category-musica","tag-bestof","tag-entertainment","tag-entretenimiento","tag-es","tag-espana","tag-music","tag-musica","tag-pmarc","tag-spain","tag-topix"],"share_on_mastodon":{"url":"https:\/\/pubeurope.com\/@es\/116925617241455781","error":""},"_links":{"self":[{"href":"https:\/\/www.europesays.com\/es\/wp-json\/wp\/v2\/posts\/659964","targetHints":{"allow":["GET"]}}],"collection":[{"href":"https:\/\/www.europesays.com\/es\/wp-json\/wp\/v2\/posts"}],"about":[{"href":"https:\/\/www.europesays.com\/es\/wp-json\/wp\/v2\/types\/post"}],"author":[{"embeddable":true,"href":"https:\/\/www.europesays.com\/es\/wp-json\/wp\/v2\/users\/2"}],"replies":[{"embeddable":true,"href":"https:\/\/www.europesays.com\/es\/wp-json\/wp\/v2\/comments?post=659964"}],"version-history":[{"count":0,"href":"https:\/\/www.europesays.com\/es\/wp-json\/wp\/v2\/posts\/659964\/revisions"}],"wp:featuredmedia":[{"embeddable":true,"href":"https:\/\/www.europesays.com\/es\/wp-json\/wp\/v2\/media\/659965"}],"wp:attachment":[{"href":"https:\/\/www.europesays.com\/es\/wp-json\/wp\/v2\/media?parent=659964"}],"wp:term":[{"taxonomy":"category","embeddable":true,"href":"https:\/\/www.europesays.com\/es\/wp-json\/wp\/v2\/categories?post=659964"},{"taxonomy":"post_tag","embeddable":true,"href":"https:\/\/www.europesays.com\/es\/wp-json\/wp\/v2\/tags?post=659964"}],"curies":[{"name":"wp","href":"https:\/\/api.w.org\/{rel}","templated":true}]}}