{"id":65999,"date":"2025-08-23T02:33:10","date_gmt":"2025-08-23T02:33:10","guid":{"rendered":"https:\/\/www.europesays.com\/es\/65999\/"},"modified":"2025-08-23T02:33:10","modified_gmt":"2025-08-23T02:33:10","slug":"alex-moreno-sustituto-de-miguel-gutierrez-en-el-girona","status":"publish","type":"post","link":"https:\/\/www.europesays.com\/es\/65999\/","title":{"rendered":"\u00c0lex Moreno, sustituto de Miguel Guti\u00e9rrez en el Girona"},"content":{"rendered":"<p class=\"ft-text\">Volvieron los &#8216;divendres d&#8217;announce&#8217; en <a class=\"ft-link ft-link--decoration\" href=\"https:\/\/www.sport.es\/es\/noticias\/girona\/krejci-unico-tsygankov-abierto-salida-120855838\" rel=\"nofollow noopener\" target=\"_blank\">Girona<\/a>. <strong>Hugo Rinc\u00f3n, Thomas Lemar, Vitor Reis, Axel Witsel<\/strong>&#8230; y un <a href=\"https:\/\/www.sport.es\/es\/noticias\/girona\/alex-moreno-elegido-sustituir-miguel-120777034\" class=\"ft-link ft-link--decoration\" rel=\"nofollow noopener\" target=\"_blank\"><strong>\u00c0lex Moreno <\/strong><\/a>que se convierte en el quinto fichaje &#8216;blanc-i-vermell&#8217; en lo que va de verano. El de Sant Sadurn\u00ed d&#8217;Anoia regresa a LaLiga EA Sports para adue\u00f1arse de una banda izquierda ahora hu\u00e9rfana tras el adi\u00f3s de <strong>Miguel Guti\u00e9rrez<\/strong>, ya futbolista del <strong>N\u00e1poles<\/strong>.<\/p>\n<p class=\"ft-text\">No iba a ser tarea f\u00e1cil la de encontrar un sustituto de garant\u00edas, pues el rendimiento del madrile\u00f1o &#8211; sobre todo en la 23\/24 &#8211; fue estelar. Su polivalencia le convirti\u00f3 en un &#8216;multiusos&#8217; para <strong>M\u00edchel<\/strong>, encantado, tambi\u00e9n, con su inteligencia t\u00e1ctica.<\/p>\n<p class=\"ft-text\">Pero su traspaso era inevitable, pues iba media Europa tras \u00e9l desde el pasado verano. Finalmente, su salida se cerr\u00f3 en <strong>18 <\/strong>millones de euros fijos m\u00e1s dos en variables, aunque el<strong> Real Madrid<\/strong>, que posee los derechos del jugador, se lleva la mitad.<\/p>\n<p>Prioridad<\/p>\n<p class=\"ft-text\"><strong>\u00c0lex Moreno<\/strong> encabezaba la lista de candidatos para reforzar una posici\u00f3n prioritaria para <strong>M\u00edchel<\/strong>, ahora mismo ocupada por <strong>Daley Blind<\/strong>. El neerland\u00e9s, de hecho, tal y como informamos en SPORT en marzo, era objeto de deseo de un <strong>Ajax <\/strong>que insist\u00eda en su vuelta. Y, ahora, como sucedi\u00f3 en junio, apreta para que <strong>Blind <\/strong>haga las maletas, eso s\u00ed, a coste cero. Pero el <strong>Girona <\/strong>no quiere malvender a ning\u00fan jugador.<\/p>\n<p class=\"ft-text\">El lateral izquierdo gustaba mucho en <strong>Montilivi <\/strong>y, tras d\u00edas de negociaciones, puede decirse bien alto que es nuevo futbolista del <strong>Girona<\/strong>. Llega en propiedad tras rescindir el a\u00f1o de contrato que le restaba en <strong>Villa Park<\/strong>. Firma hasta <strong>2027<\/strong>.<\/p>\n<p class=\"ft-text\">Ten\u00eda ganas de regresar a la LaLiga. Antes de ser vinculado al\u00a0<strong>Girona<\/strong>, el de Vilafranca del Pened\u00e8s estuvo en la \u00f3rbita del\u00a0<strong>Real Betis<\/strong>, pero en Heli\u00f3polis se apost\u00f3 por la vuelta de\u00a0<strong>Junior Firpo<\/strong>, procedente del\u00a0<strong>Leeds<\/strong>.\u00a0<\/p>\n<p>De ida y vuelta<\/p>\n<p class=\"ft-text\">A sus 32 a\u00f1os, se suma al proyecto de <strong>M\u00edchel <\/strong>para aportar, sobre todo, experiencia en ese carril izquierdo. Destaca su velocidad y capacidad para recorrer la banda y generar ocasiones en ataque. H\u00e1bil en el regate, es un lateral de ida y vuelta, fiable en situaciones de uno contra uno. Asimismo, aporta solidez atr\u00e1s, dominando el &#8216;timing&#8217; de entradas e intercepciones al rival.<\/p>\n<p><img decoding=\"async\" src=\"https:\/\/www.europesays.com\/es\/wp-content\/uploads\/2025\/08\/d4c83302-2ef2-40d6-8f18-f81887cd48db_alta-libre-aspect-ratio_default_0.jpg\" width=\"1200\" height=\"675\" alt=\"\u00c1lex Moreno, celebrando su gol\" class=\"ft-helper-img-rd\" loading=\"lazy\" hasdataaida=\"true\"\/><\/p>\n<p class=\"ft-helper-fontColor-quaternary ft-helper-fontSize-body-S ft-helper-spacer-t-xxs\">\u00c1lex Moreno, celebrando su gol  \/ @AlexMoreno<\/p>\n<p class=\"ft-text\">Nacido en Sant Sadurn\u00ed d&#8217;Anoia, Moreno se form\u00f3 a las categor\u00edas inferiores del Vilafranca para m\u00e1s tarde dar el salto a<strong> La Masia<\/strong>. En la temporada<strong> 2012\/13 <\/strong>se incorpor\u00f3 en la <strong>UE Llagostera <\/strong>e hizo su debut oficial en Segunda B. En 2014 firm\u00f3 por el <strong>RCD Mallorca<\/strong>, club con el cual disput\u00f3 sus primeros partidos en Segunda Divisi\u00f3n. Posteriormente, defendi\u00f3 los escudos del <strong>Rayo Vallecano <\/strong>&#8211; donde se consolid\u00f3 como uno de los laterales m\u00e1s fiables de LaLiga &#8211; y del <strong>Real Betis<\/strong>, club con el cual sum\u00f3 m\u00e1s de <strong>125 <\/strong>partidos oficiales.<\/p>\n<p class=\"ft-text\">En enero de <strong>2023<\/strong>, hizo el salto a la Premier League de la mano del <strong>Aston Villa,<\/strong> donde complet\u00f3 dos temporadas bajo las \u00f3rdenes de Unai Emery, llegando a disputar tambi\u00e9n competiciones europeas. Estuvo cedido la pasada 2024\/25 por el\u00a0<strong>Aston<\/strong>\u00a0<strong>Villa\u00a0<\/strong>al\u00a0<strong>Nottingham Forest<\/strong>, donde disput\u00f3 19 partidos, acumul\u00f3 1.312 minutos de juego y reparti\u00f3 una asistencia. All\u00ed fue suplente del gal\u00e9s\u00a0<strong>Neco Williams<\/strong>, canterano del\u00a0<strong>Liverpool\u00a0<\/strong>y una de las grandes apuestas de los &#8216;tricky trees&#8217;<strong>\u00a0<\/strong>desde su llegada al club en 2022.<\/p>\n","protected":false},"excerpt":{"rendered":"Volvieron los &#8216;divendres d&#8217;announce&#8217; en Girona. Hugo Rinc\u00f3n, Thomas Lemar, Vitor Reis, Axel Witsel&#8230; y un \u00c0lex Moreno&hellip;\n","protected":false},"author":2,"featured_media":66000,"comment_status":"","ping_status":"","sticky":false,"template":"","format":"standard","meta":{"footnotes":""},"categories":[268],"tags":[2865,168,25,24,280,282,1147,4098,1712,289,281,23,167,10579],"class_list":{"0":"post-65999","1":"post","2":"type-post","3":"status-publish","4":"format-standard","5":"has-post-thumbnail","7":"category-futbol","8":"tag-alex","9":"tag-deportes","10":"tag-es","11":"tag-espana","12":"tag-football","13":"tag-futbol","14":"tag-girona","15":"tag-miguel","16":"tag-moreno","17":"tag-oficial","18":"tag-soccer","19":"tag-spain","20":"tag-sports","21":"tag-sustituto"},"share_on_mastodon":{"url":"","error":""},"_links":{"self":[{"href":"https:\/\/www.europesays.com\/es\/wp-json\/wp\/v2\/posts\/65999","targetHints":{"allow":["GET"]}}],"collection":[{"href":"https:\/\/www.europesays.com\/es\/wp-json\/wp\/v2\/posts"}],"about":[{"href":"https:\/\/www.europesays.com\/es\/wp-json\/wp\/v2\/types\/post"}],"author":[{"embeddable":true,"href":"https:\/\/www.europesays.com\/es\/wp-json\/wp\/v2\/users\/2"}],"replies":[{"embeddable":true,"href":"https:\/\/www.europesays.com\/es\/wp-json\/wp\/v2\/comments?post=65999"}],"version-history":[{"count":0,"href":"https:\/\/www.europesays.com\/es\/wp-json\/wp\/v2\/posts\/65999\/revisions"}],"wp:featuredmedia":[{"embeddable":true,"href":"https:\/\/www.europesays.com\/es\/wp-json\/wp\/v2\/media\/66000"}],"wp:attachment":[{"href":"https:\/\/www.europesays.com\/es\/wp-json\/wp\/v2\/media?parent=65999"}],"wp:term":[{"taxonomy":"category","embeddable":true,"href":"https:\/\/www.europesays.com\/es\/wp-json\/wp\/v2\/categories?post=65999"},{"taxonomy":"post_tag","embeddable":true,"href":"https:\/\/www.europesays.com\/es\/wp-json\/wp\/v2\/tags?post=65999"}],"curies":[{"name":"wp","href":"https:\/\/api.w.org\/{rel}","templated":true}]}}