{"id":66001,"date":"2025-08-23T02:34:10","date_gmt":"2025-08-23T02:34:10","guid":{"rendered":"https:\/\/www.europesays.com\/es\/66001\/"},"modified":"2025-08-23T02:34:10","modified_gmt":"2025-08-23T02:34:10","slug":"la-decision-que-puede-cambiarlo-todo","status":"publish","type":"post","link":"https:\/\/www.europesays.com\/es\/66001\/","title":{"rendered":"la decisi\u00f3n que puede cambiarlo todo"},"content":{"rendered":"<p><strong>Andr\u00e9s Iniesta<\/strong> y su esposa, <strong>Anna Ortiz<\/strong>, atraviesan un gran momento personal. Y es que despu\u00e9s de 17 a\u00f1os juntos, siguen tan felices y unidos como el primer d\u00eda, adem\u00e1s de haber formado<strong> una preciosa familia junto a sus cinco hijos<\/strong>. Tanto es as\u00ed, que tampoco descartan ampliarla con un sexto hijo, seg\u00fan le confesaba el futbolista a Isabel Jim\u00e9nez en su programa Mis Ra\u00edces.<\/p>\n<p>\u00abDisfrutamos mucho de ellos\u00bb, ha se\u00f1alado al respecto Ortiz. \u00abYo creo que al final todo ha ido surgiendo sobre la marcha, <strong>ser mam\u00e1 y pap\u00e1 es un regalo<\/strong>\u00bb, le explicaba a la presentadora con una sonrisa. Y pese al duro golpe que se llevaban en 2014, cuando <a href=\"https:\/\/okdiario.com\/look\/actualidad\/desgarrador-mensaje-anna-ortiz-mujer-andres-iniesta-sobre-bebe-que-perdieron-902789\" rel=\"nofollow noopener\" target=\"_blank\">A<\/a><a href=\"https:\/\/okdiario.com\/look\/actualidad\/desgarrador-mensaje-anna-ortiz-mujer-andres-iniesta-sobre-bebe-que-perdieron-902789\" rel=\"nofollow noopener\" target=\"_blank\">nna sufr\u00eda un aborto instant\u00e1neo durante el octavo mes de embarazo<\/a>, no descartan la idea de tener otro beb\u00e9.<\/p>\n<p>\n<img decoding=\"async\" loading=\"lazy\" class=\"wp-image-725845 size-full\" alt=\"Andr\u00e9s Iniesta y Anna Ortiz\" width=\"992\" height=\"558\"  src=\"https:\/\/www.europesays.com\/es\/wp-content\/uploads\/2025\/08\/1754781369_613_placeholder.jpg\"  bad-src=\"https:\/\/www.europesays.com\/es\/wp-content\/uploads\/2025\/08\/1754781369_613_placeholder.jpg\"\/><\/p>\n<p><img decoding=\"async\" loading=\"lazy\" class=\"wp-image-725845 size-full\" src=\"https:\/\/www.europesays.com\/es\/wp-content\/uploads\/2025\/08\/iniesta.jpg\" alt=\"Andr\u00e9s Iniesta y Anna Ortiz\" width=\"992\" height=\"558\"  \/><\/p>\n<p> Andr\u00e9s Iniesta y Anna Ortiz, en el d\u00eda de su boda. (Foto Gtres)\n<\/p>\n<p>Un ni\u00f1o que se sumar\u00eda al espectacular equipo que han formado con Valeria (14 a\u00f1os), Paolo Andrea (10 a\u00f1os), Siena (8 a\u00f1os), Romeo (6 a\u00f1os) y la peque\u00f1a Olympia con apenas 2 a\u00f1itos.\u00a0\u00abEs que al final nos gusta, disfrutamos mucho de ellos. S\u00ed que es mucho trabajo y todos lo sabemos, pero tener la oportunidad de estar con ellos y disfrutarlos\u00bb, han explicado. <strong>\u00abSe pasan la tarde jugando y est\u00e1n encantados\u00bb<\/strong>.<\/p>\n<p>La historia de amor de Andr\u00e9s Iniesta y Anna Ortiz<\/p>\n<p>La historia de amor de Iniesta y Ortiz ha estado marcada por peque\u00f1as casualidades, seg\u00fan han recordado ellos mismos en Cuatro. Casi desde el mismo d\u00eda en el que se conocieron, gracias a que el futbolista decid\u00eda quedarse a tomar algo con sus amigos durante la noche de San Juan de 2007.<\/p>\n<blockquote class=\"instagram-media\" style=\"background: #FFF; border: 0; border-radius: 3px; box-shadow: 0 0 1px 0 rgba(0,0,0,0.5),0 1px 10px 0 rgba(0,0,0,0.15); margin: 1px; max-width: 540px; min-width: 326px; padding: 0; width: calc(100% - 2px);\" data-instgrm-captioned=\"\" data-instgrm-permalink=\"https:\/\/www.instagram.com\/p\/DLSM5_VoOXg\/?utm_source=ig_embed&amp;utm_campaign=loading\" data-instgrm-version=\"14\">\n<\/blockquote>\n<p><strong>\u00abFueron muchas casualidades\u00bb<\/strong>, asegura Iniesta, y es que Anna trabajaba en la barra aquel d\u00eda cuando alguien le coment\u00f3 que el jugador iba a presentarse por all\u00ed. Un amor a primera vista, seg\u00fan cuenta Andr\u00e9s, pese a que ella ten\u00eda pareja en ese momento. De ese modo, al futbolista le tocaba insistir un poco hasta que consigui\u00f3 conquistarla. <strong>\u00abMucho trabajo y mucha dedicaci\u00f3n\u00bb<\/strong>, asegura.<\/p>\n<p>Pese a esas continuas idas y venidas que marcaron el principio de su relaci\u00f3n, finalmente fue Iniesta quien tomaba la decisi\u00f3n de plantarse. \u00ab<strong>Si<\/strong> <strong>no hab\u00eda inter\u00e9s, no \u00edbamos a estar perdiendo el tiempo toda la vida<\/strong>\u00bb, sentencia contundente. Y es que ella se daba cuenta de que estaba enamorada tiempo despu\u00e9s, tras un viaje a Jap\u00f3n y una preciosa carta que le escrib\u00eda el futbolista.<\/p>\n<blockquote class=\"instagram-media\" style=\"background: #FFF; border: 0; border-radius: 3px; box-shadow: 0 0 1px 0 rgba(0,0,0,0.5),0 1px 10px 0 rgba(0,0,0,0.15); margin: 1px; max-width: 540px; min-width: 326px; padding: 0; width: calc(100% - 2px);\" data-instgrm-captioned=\"\" data-instgrm-permalink=\"https:\/\/www.instagram.com\/p\/DEAhnJbSLJN\/?utm_source=ig_embed&amp;utm_campaign=loading\" data-instgrm-version=\"14\">\n<\/blockquote>\n<p>Un amor que han forjado a conciencia bajo unos cimientos muy estables, y que han cuidado durante m\u00e1s de una d\u00e9cada. Aunque tambi\u00e9n han tenido que hacer frente a algunos obst\u00e1culos como<a href=\"https:\/\/okdiario.com\/look\/actualidad\/andres-iniesta-depresion-entrevista-1581442\" rel=\"nofollow noopener\" target=\"_blank\"><strong> la seria depresi\u00f3n que sufri\u00f3 Iniesta en 2009,<\/strong><\/a> justo antes del mundial que les cambiaba la vida para siempre, \u2013etapa durante la que Anna jugaba un papel trascendental\u2013; o la triste p\u00e9rdida del beb\u00e9 que esperaban en 2014, seg\u00fan mencion\u00e1bamos anteriormente. Un peque\u00f1o al que siempre recuerdan y tienen muy presente.<\/p>\n<p>\u00abGracias por cuidarnos y <strong>seguir record\u00e1ndonos cada d\u00eda el significado de la vida<\/strong>.\u00a0Hoy es tu d\u00eda y tus hermanos, hermanas, pap\u00e1 y mam\u00e1 le soplaremos al tiempo pidi\u00e9ndole nuestro deseo.\u00a0Te queremos\u00bb, le rend\u00edan homenaje el a\u00f1o pasado.<\/p>\n<p>\t\t\t\t\t\t\t<script async src=\"\/\/www.instagram.com\/embed.js\"><\/script><\/p>\n","protected":false},"excerpt":{"rendered":"Andr\u00e9s Iniesta y su esposa, Anna Ortiz, atraviesan un gran momento personal. Y es que despu\u00e9s de 17&hellip;\n","protected":false},"author":2,"featured_media":66002,"comment_status":"","ping_status":"","sticky":false,"template":"","format":"standard","meta":{"footnotes":""},"categories":[174],"tags":[26823,255,146,147,25,24,256,23],"class_list":{"0":"post-66001","1":"post","2":"type-post","3":"status-publish","4":"format-standard","5":"has-post-thumbnail","7":"category-famosos","8":"tag-andres-iniesta","9":"tag-celebrities","10":"tag-entertainment","11":"tag-entretenimiento","12":"tag-es","13":"tag-espana","14":"tag-famosos","15":"tag-spain"},"share_on_mastodon":{"url":"","error":""},"_links":{"self":[{"href":"https:\/\/www.europesays.com\/es\/wp-json\/wp\/v2\/posts\/66001","targetHints":{"allow":["GET"]}}],"collection":[{"href":"https:\/\/www.europesays.com\/es\/wp-json\/wp\/v2\/posts"}],"about":[{"href":"https:\/\/www.europesays.com\/es\/wp-json\/wp\/v2\/types\/post"}],"author":[{"embeddable":true,"href":"https:\/\/www.europesays.com\/es\/wp-json\/wp\/v2\/users\/2"}],"replies":[{"embeddable":true,"href":"https:\/\/www.europesays.com\/es\/wp-json\/wp\/v2\/comments?post=66001"}],"version-history":[{"count":0,"href":"https:\/\/www.europesays.com\/es\/wp-json\/wp\/v2\/posts\/66001\/revisions"}],"wp:featuredmedia":[{"embeddable":true,"href":"https:\/\/www.europesays.com\/es\/wp-json\/wp\/v2\/media\/66002"}],"wp:attachment":[{"href":"https:\/\/www.europesays.com\/es\/wp-json\/wp\/v2\/media?parent=66001"}],"wp:term":[{"taxonomy":"category","embeddable":true,"href":"https:\/\/www.europesays.com\/es\/wp-json\/wp\/v2\/categories?post=66001"},{"taxonomy":"post_tag","embeddable":true,"href":"https:\/\/www.europesays.com\/es\/wp-json\/wp\/v2\/tags?post=66001"}],"curies":[{"name":"wp","href":"https:\/\/api.w.org\/{rel}","templated":true}]}}