{"id":660047,"date":"2026-07-15T20:22:11","date_gmt":"2026-07-15T20:22:11","guid":{"rendered":"https:\/\/www.europesays.com\/es\/660047\/"},"modified":"2026-07-15T20:22:11","modified_gmt":"2026-07-15T20:22:11","slug":"juan-ayuso-ha-sido-las-etapa-mas-complicadas-de-este-tour-hasta-el-momento-esciclismo","status":"publish","type":"post","link":"https:\/\/www.europesays.com\/es\/660047\/","title":{"rendered":"Juan Ayuso: &quot;Ha sido las etapa m\u00e1s complicadas de este Tour hasta el momento&quot; &#8211; Esciclismo"},"content":{"rendered":"<ol>\n<li><a href=\"https:\/\/news.google.com\/rss\/articles\/CBMiakFVX3lxTFBQV1JxY3VUSDMtTjJiMUw0bzVlbktLaHQwV2NmVlk5ekE4d0RNd19vd3dFRFhJQ2huZUZlX2dMaF9ONG4xaF9RU1VhaWFXc1lRMVktRHdxVDJLak9LY0hYVlZHMzFlSEpxUnc?oc=5\" target=\"_blank\" rel=\"nofollow noopener\">Juan Ayuso: \u00abHa sido las etapa m\u00e1s complicadas de este Tour hasta el momento\u00bb<\/a>&nbsp;&nbsp;Esciclismo<\/li>\n<li><a href=\"https:\/\/news.google.com\/rss\/articles\/CBMiowFBVV95cUxOYWtUTWduaEhTelBZaC01SnBORUl3WlotWVJhak9qMnlkc0VxNkVCRmhadHVxSGlnWXF4cXdhQS1TT1RPZ2pucVd5R1BCb2ZSNkZhcENQTm43RW9iWWRfczJpc0VrSGNndGRyUWFPbzNMcWRQUUNGQmtaQUkwam1tSnUzTGRhcnNCYTBlMldfekl0empoNUZ5YTBCX0ZQbTNhQUw40gG3AUFVX3lxTE5GS1JFclM3OTBRajgxMkxKVWRzQXRfQU1YSTlBc1ZlV2N4UzFpbk9say0xdzZITXpjaVd4S3gtajNYT2hCck43LTNKcThxMFNKZzMtY3A5bFhiY2NCazRkc093NW9xc2RzY1F1M1hjM0ZqSEp4aGVLbko3aUlMczVDTHgwZUxiYnZIVXhOLVZpNlFnVG9USXVCYkNkVlpGeFFUTV9nUjZMUFFEQmk5TUxOdG15cFA2bw?oc=5\" target=\"_blank\" rel=\"nofollow noopener\">Ayuso sube en la general: \u201cFui al l\u00edmite, estoy contento\u201d<\/a>&nbsp;&nbsp;Diario AS<\/li>\n<li><a href=\"https:\/\/news.google.com\/rss\/articles\/CBMivgFBVV95cUxQUktWb2huUTBZQzdqanNvRmJSTl80bTBBOTc2UDVKTkRKaHZvY3drZ0pocEIxTUhwTG9OMHlfTkp3SnNKOElVOXB4bktOT2NLejR3UDNLLVVhVDdxRTlNUmpnSjU3UnBYbXdHQTBhdTJfMkxsZEVaT1Y1ejBkZmItd0wtVTVEVzAwWVp3bnkyZ2NfSWtBeXQ2angzT0ljUl9pTk94bUVQRklSbFRQTTZKSVNCVlhTdk9pbWE0QUJ3?oc=5\" target=\"_blank\" rel=\"nofollow noopener\">Sin hacer ruido, Ayuso acecha el podio del Tour de Francia tras once a\u00f1os de sequ\u00eda espa\u00f1ola<\/a>&nbsp;&nbsp;El Correo<\/li>\n<li><a href=\"https:\/\/news.google.com\/rss\/articles\/CBMi_gFBVV95cUxOQktCcWNaZWFaVWVKajVrU0dyaXZ1cHF5MFI0X09weUQ2QVlLNEk2SU80NUppOXFGTjloY1JJSDhqUlVRRlc2YzE2ZlRjQ1lhblI5ZldWbzZyM0pjUjJ5WU9EdzcxZUtCNWVyWFdKR3dwT0VmckZlTTBUeDVBUm5Lb2NqQXBmamhhRmxOZVhRUGFUcEVVbmdBemZUYlRwdkJXOFU2WDhZaExSVnFKbkxEbGYtVVI5dlpzUF9rUTFyRHBGd0U2Ti1oLXpNYUdOYTRvaFVyYVBqQ24zU3YxcTBsQzg3Zldwa1N2Y0NPSF9qUmtBaTZ5YXhxd1V0T3JZZ9IBgwJBVV95cUxOcVZqOGxFN0s1MWdNSkhVRVdyQnBldURDQzBuVzM5NGM0SE1obDAwakNKWVNWdElZbzVOUGlsazRjbHZ0ZGdPZy1reEpvSTZCT1RWZXVEY3RQbzhWUW5HNzhwMkp4ZG52d195cjRYNk52NjdTX1pMVHpua2lSVjNqV2F6SWViNzJlZmVNZThqTHpIUjFFbFpYdzExWjFpQ2lJQ0FTN1FXcWFkY1FBNGw2OVJwcGtaNUJPZjRtY2JDbU9JLTJUZmdMSmtUXzRDalYwZFhVbUlaVXozZnV4aHctQkJXMXh1NGJBRUg0YTFBclh3aVBPcGtGbnN6b1A3bjIwLXBn?oc=5\" target=\"_blank\" rel=\"nofollow noopener\">Juan Ayuso, sobre el UAE: \u00abNos dijeron de salida que no nos iban a dejar ir en fuga a ninguno del equipo, entiendo que por la general por equipos\u00bb<\/a>&nbsp;&nbsp;COPE<\/li>\n<li><a href=\"https:\/\/news.google.com\/rss\/articles\/CBMiuwFBVV95cUxPYlBNNUxmQlNGWEZUbkstTG53QXd6RWxrX3RqOEdjZktONlZ5UTlFNTFIZEJWM1FfX2RJUVZPeUdiWlN1VFF3U3ZhcGtrSjlhV3Mtc01zTWlTLVJFN2k2SDFzenVRT2VQUFVsMG1xeF9aeWxzWTVoUUViU1FKMzJoNWhuenNMUzlWZkNGcjNFRTVZLTR1eVppZE5nVThjM2wtN2dZeU5WZ3NjUGQ3WVhaVmRsVngzZm9oWmdJ?oc=5\" target=\"_blank\" rel=\"nofollow noopener\">Juan Ayuso pasa la prueba del algod\u00f3n, roza el podio y su sue\u00f1o: \u00abEstamos todos muy cerca\u00bb<\/a>&nbsp;&nbsp;MARCA<\/li>\n<\/ol>\n","protected":false},"excerpt":{"rendered":"Juan Ayuso: \u00abHa sido las etapa m\u00e1s complicadas de este Tour hasta el momento\u00bb&nbsp;&nbsp;Esciclismo Ayuso sube en la&hellip;\n","protected":false},"author":2,"featured_media":660048,"comment_status":"","ping_status":"","sticky":false,"template":"","format":"standard","meta":{"footnotes":""},"categories":[273],"tags":[6984,313,1757,54147,8621,312,168,158,25,24,1489,1058,317,3015,1928,409,8883,1684,23,167,316,8884],"class_list":["post-660047","post","type-post","status-publish","format-standard","has-post-thumbnail","category-ciclismo","tag-ayuso","tag-ciclismo","tag-ciclista","tag-comento","tag-cuarta","tag-cycling","tag-deportes","tag-el","tag-es","tag-espana","tag-espanol","tag-final","tag-francia","tag-general","tag-joven","tag-juan","tag-lidl","tag-mejor","tag-spain","tag-sports","tag-tour","tag-trek"],"share_on_mastodon":{"url":"https:\/\/pubeurope.com\/@es\/116925860918841985","error":""},"_links":{"self":[{"href":"https:\/\/www.europesays.com\/es\/wp-json\/wp\/v2\/posts\/660047","targetHints":{"allow":["GET"]}}],"collection":[{"href":"https:\/\/www.europesays.com\/es\/wp-json\/wp\/v2\/posts"}],"about":[{"href":"https:\/\/www.europesays.com\/es\/wp-json\/wp\/v2\/types\/post"}],"author":[{"embeddable":true,"href":"https:\/\/www.europesays.com\/es\/wp-json\/wp\/v2\/users\/2"}],"replies":[{"embeddable":true,"href":"https:\/\/www.europesays.com\/es\/wp-json\/wp\/v2\/comments?post=660047"}],"version-history":[{"count":0,"href":"https:\/\/www.europesays.com\/es\/wp-json\/wp\/v2\/posts\/660047\/revisions"}],"wp:featuredmedia":[{"embeddable":true,"href":"https:\/\/www.europesays.com\/es\/wp-json\/wp\/v2\/media\/660048"}],"wp:attachment":[{"href":"https:\/\/www.europesays.com\/es\/wp-json\/wp\/v2\/media?parent=660047"}],"wp:term":[{"taxonomy":"category","embeddable":true,"href":"https:\/\/www.europesays.com\/es\/wp-json\/wp\/v2\/categories?post=660047"},{"taxonomy":"post_tag","embeddable":true,"href":"https:\/\/www.europesays.com\/es\/wp-json\/wp\/v2\/tags?post=660047"}],"curies":[{"name":"wp","href":"https:\/\/api.w.org\/{rel}","templated":true}]}}