{"id":660049,"date":"2026-07-15T20:24:18","date_gmt":"2026-07-15T20:24:18","guid":{"rendered":"https:\/\/www.europesays.com\/es\/660049\/"},"modified":"2026-07-15T20:24:18","modified_gmt":"2026-07-15T20:24:18","slug":"vitoria-se-postula-para-acoger-la-euskal-kopa","status":"publish","type":"post","link":"https:\/\/www.europesays.com\/es\/660049\/","title":{"rendered":"Vitoria se postula para acoger la Euskal Kopa"},"content":{"rendered":"<p>\n        <a href=\"https:\/\/www.noticiasdealava.eus\/baskonia\/\" title=\"La Euskal Kopa\" target=\"_blank\" class=\"link copy\" rel=\"nofollow noopener\"><strong>La Euskal Kopa<\/strong><\/a><strong> <\/strong>prepara una nueva edici\u00f3n con Vitoria como posible escenario.<strong> El Baskonia se ha postulado para acoger el torneo y las federaciones Vasca y Alavesa trabajan para que Mendizorroza<\/strong> sea el escenario de una cita prevista para mediados de septiembre, aunque todav\u00eda no hay confirmaci\u00f3n oficial de la sede ni de la fecha.\n<\/p>\n<p class=\"article-body__text \">\n        El conjunto azulgrana llega como el gran referente hist\u00f3rico de la competici\u00f3n.<strong> Con siete t\u00edtulos, el Baskonia lidera el palmar\u00e9s<\/strong> y utiliza habitualmente esta cita como <strong>el \u00faltimo examen antes del inicio de la Liga Endesa y la Euroliga,<\/strong> una prueba para ajustar piezas, integrar fichajes y medir el nivel competitivo del equipo.\n<\/p>\n<p>            <a href=\"https:\/\/www.noticiasdealava.eus\/baskonia\/2026\/07\/15\/baskonia-conoce-hoja-ruta-acb-liga-endesa-supercopa-copa-baloncesto-calendario-11332759.html\" title=\"El Baskonia ya conoce su hoja de ruta\" class=\"new__media\" rel=\"nofollow noopener\" target=\"_blank\"><\/p>\n<p>                <img alt=\"El Baskonia ya conoce su hoja de ruta\" data-src=\"https:\/\/www.europesays.com\/es\/wp-content\/uploads\/2026\/07\/fa5cd384-2764-445a-8b7f-519eb856e2b2_16-9-aspect-ratio_default_0.jpg\" class=\"lozad\"\/><\/p>\n<p>        <\/a><\/p>\n<p>        <a href=\"https:\/\/www.noticiasdealava.eus\/baskonia\/2026\/07\/15\/baskonia-conoce-hoja-ruta-acb-liga-endesa-supercopa-copa-baloncesto-calendario-11332759.html\" title=\"El Baskonia ya conoce su hoja de ruta\" class=\"new__headline\" rel=\"nofollow noopener\" target=\"_blank\"><br \/>\n            El Baskonia ya conoce su hoja de ruta<br \/>\n        <\/a><\/p>\n<p class=\"article-body__text \">\n        Enfrente estar\u00e1 <strong>un Bilbao Basket que ha demostrado en varias ocasiones que la Euskal Kopa no entiende de favoritismos<\/strong>. Los \u2018Hombres de Negro\u2019 han sido capaces de plantar cara al gigante vitoriano e incluso protagonizar grandes sorpresas, como <strong>en 2021, cuando derrotaron al Baskonia por un contundente 93-68 en Santurtzi,<\/strong> con Andrew Goudelock como gran protagonista.\n<\/p>\n<p>  Un derbi que siempre deja huella<\/p>\n<p class=\"article-body__text \">\n        Los \u00faltimos a\u00f1os, sin embargo, han tenido color azulgrana. <strong>El Baskonia se impuso en las finales de 2022 (91-87), 2024 (81-72) y 2025 (91-95)<\/strong>, esta \u00faltima en una cita marcada por la <strong>rotura de la canasta durante el calentamiento<\/strong> y el partido en Barakaldo. A pesar de las dificultades, el equipo dirigido por Paolo Galbiati supo reaccionar tras una mala primera mitad y termin\u00f3 levantando un nuevo t\u00edtulo.\n<\/p>\n<p>            <a href=\"https:\/\/www.noticiasdealava.eus\/baskonia\/2025\/06\/23\/vitoria-barakaldo-optan-acoger-euskal-9796520.html\" title=\"Vitoria y Barakaldo optan a acoger la Euskal Kopa de baloncesto\" class=\"new__media\" rel=\"nofollow noopener\" target=\"_blank\"><\/p>\n<p>                <img alt=\"Vitoria y Barakaldo optan a acoger la Euskal Kopa de baloncesto\" data-src=\"https:\/\/www.europesays.com\/es\/wp-content\/uploads\/2026\/07\/962b6074-c8f9-47c2-ac78-a3d476206062_16-9-aspect-ratio_default_0.jpg\" class=\"lozad\"\/><\/p>\n<p>        <\/a><\/p>\n<p>        <a href=\"https:\/\/www.noticiasdealava.eus\/baskonia\/2025\/06\/23\/vitoria-barakaldo-optan-acoger-euskal-9796520.html\" title=\"Vitoria y Barakaldo optan a acoger la Euskal Kopa de baloncesto\" class=\"new__headline\" rel=\"nofollow noopener\" target=\"_blank\"><br \/>\n            Vitoria y Barakaldo optan a acoger la Euskal Kopa de baloncesto<br \/>\n        <\/a><\/p>\n<p class=\"article-body__text \">\n        El duelo vasco se ha convertido con el paso de los a\u00f1os en <strong>mucho m\u00e1s que un encuentro de preparaci\u00f3n<\/strong>. Para el Baskonia supone<strong> una oportunidad para comprobar el estado de la plantilla<\/strong> antes de afrontar una temporada exigente, mientras que <strong>para el Bilbao Basket representa una ocasi\u00f3n para medirse al rival de mayor presupuesto de Euskadi<\/strong> y demostrar que las diferencias sobre el papel no siempre se trasladan a la pista.\n<\/p>\n<p class=\"article-body__text \">\n        La historia del torneo tambi\u00e9n recuerda <strong>el accidentado episodio de 2019, <\/strong>cuando el derbi previsto <strong>en Galdakao tuvo que suspenderse antes de comenzar por el mal estado de la pista<\/strong>. La condensaci\u00f3n convirti\u00f3 el parqu\u00e9 en una superficie peligrosa y ambos equipos decidieron no jugar para evitar lesiones. Aquel cap\u00edtulo qued\u00f3 como ejemplo de que, por encima de la rivalidad y el espect\u00e1culo, la seguridad de los jugadores est\u00e1 por encima de cualquier resultado.\n<\/p>\n<p>            <a href=\"https:\/\/www.noticiasdealava.eus\/baskonia\/2025\/09\/25\/nowell-ilumina-triunfo-euskal-kopa-baskonia-10130630.html\" title=\"Nowell ilumina el triunfo en la Euskal Kopa (91-95)\" class=\"new__media\" rel=\"nofollow noopener\" target=\"_blank\"><\/p>\n<p>                <img alt=\"Nowell ilumina el triunfo en la Euskal Kopa (91-95)\" data-src=\"https:\/\/www.europesays.com\/es\/wp-content\/uploads\/2025\/09\/09425c4d-e1f2-4b54-b340-881618e0b175_16-9-aspect-ratio_default_0.jpg\" class=\"lozad\"\/><\/p>\n<p>        <\/a><\/p>\n<p>        <a href=\"https:\/\/www.noticiasdealava.eus\/baskonia\/2025\/09\/25\/nowell-ilumina-triunfo-euskal-kopa-baskonia-10130630.html\" title=\"Nowell ilumina el triunfo en la Euskal Kopa (91-95)\" class=\"new__headline\" rel=\"nofollow noopener\" target=\"_blank\"><br \/>\n            Nowell ilumina el triunfo en la Euskal Kopa (91-95)<br \/>\n        <\/a><\/p>\n<p class=\"article-body__text \">\n        <strong>Con siete t\u00edtulos frente a los cuatro del Bilbao Basket<\/strong>, <strong>el Baskonia mantiene el dominio hist\u00f3rico<\/strong> de una competici\u00f3n que tambi\u00e9n ha visto crecer al conjunto bilba\u00edno como principal alternativa. Cada edici\u00f3n <strong>vuelve a poner en juego el orgullo vasco y la posibilidad de empezar el curso con un primer trofeo en las vitrinas.<\/strong>\n<\/p>\n<p class=\"article-body__text \">\n        <strong>Todav\u00eda falta por conocer d\u00f3nde y cu\u00e1ndo se disputar\u00e1<\/strong> la pr\u00f3xima Euskal Kopa, pero todo apunta a que volver\u00e1 a ofrecer uno de esos partidos en los que la etiqueta de amistoso queda r\u00e1pidamente olvidada cuando el bal\u00f3n empieza a rodar.<\/p>\n","protected":false},"excerpt":{"rendered":"La Euskal Kopa prepara una nueva edici\u00f3n con Vitoria como posible escenario. El Baskonia se ha postulado para&hellip;\n","protected":false},"author":2,"featured_media":660050,"comment_status":"","ping_status":"","sticky":false,"template":"","format":"standard","meta":{"footnotes":""},"categories":[269],"tags":[14760,299,298,4714,7224,5773,168,25,24,15668,43576,34415,23,167,2349,2177],"class_list":["post-660049","post","type-post","status-publish","format-standard","has-post-thumbnail","category-baloncesto","tag-acoger","tag-baloncesto","tag-basketball","tag-baskonia","tag-bilbao-basket","tag-campeon","tag-deportes","tag-es","tag-espana","tag-euskal","tag-kopa","tag-postula","tag-spain","tag-sports","tag-titulo","tag-vitoria"],"share_on_mastodon":{"url":"https:\/\/pubeurope.com\/@es\/116925868908954912","error":""},"_links":{"self":[{"href":"https:\/\/www.europesays.com\/es\/wp-json\/wp\/v2\/posts\/660049","targetHints":{"allow":["GET"]}}],"collection":[{"href":"https:\/\/www.europesays.com\/es\/wp-json\/wp\/v2\/posts"}],"about":[{"href":"https:\/\/www.europesays.com\/es\/wp-json\/wp\/v2\/types\/post"}],"author":[{"embeddable":true,"href":"https:\/\/www.europesays.com\/es\/wp-json\/wp\/v2\/users\/2"}],"replies":[{"embeddable":true,"href":"https:\/\/www.europesays.com\/es\/wp-json\/wp\/v2\/comments?post=660049"}],"version-history":[{"count":0,"href":"https:\/\/www.europesays.com\/es\/wp-json\/wp\/v2\/posts\/660049\/revisions"}],"wp:featuredmedia":[{"embeddable":true,"href":"https:\/\/www.europesays.com\/es\/wp-json\/wp\/v2\/media\/660050"}],"wp:attachment":[{"href":"https:\/\/www.europesays.com\/es\/wp-json\/wp\/v2\/media?parent=660049"}],"wp:term":[{"taxonomy":"category","embeddable":true,"href":"https:\/\/www.europesays.com\/es\/wp-json\/wp\/v2\/categories?post=660049"},{"taxonomy":"post_tag","embeddable":true,"href":"https:\/\/www.europesays.com\/es\/wp-json\/wp\/v2\/tags?post=660049"}],"curies":[{"name":"wp","href":"https:\/\/api.w.org\/{rel}","templated":true}]}}