{"id":660109,"date":"2026-07-15T21:10:15","date_gmt":"2026-07-15T21:10:15","guid":{"rendered":"https:\/\/www.europesays.com\/es\/660109\/"},"modified":"2026-07-15T21:10:15","modified_gmt":"2026-07-15T21:10:15","slug":"igor-arrieta-al-frente-del-uae-principal-favorito-en-la-clasica-de-ordizia","status":"publish","type":"post","link":"https:\/\/www.europesays.com\/es\/660109\/","title":{"rendered":"Igor Arrieta, al frente del UAE, principal favorito en la Cl\u00e1sica de Ordizia"},"content":{"rendered":"<p>\n        <strong>Igor Arrieta liderar\u00e1 el equipo UAE en la <\/strong><a href=\"https:\/\/www.noticiasdegipuzkoa.eus\/tags\/ordizia\/\" title=\"Cl\u00e1sica de Ordizia\" target=\"_blank\" class=\"link copy\" rel=\"nofollow noopener\"><strong>Cl\u00e1sica de Ordizia<\/strong><\/a><strong> del pr\u00f3ximo 25 de julio<\/strong>, en la que buscar\u00e1 revalidar el triunfo conseguido el a\u00f1o pasado en un hist\u00f3rico triplete junto a sus compa\u00f1eros <strong>Isaac del Toro, segundo clasificado, y Antonio Tom\u00e1s Morgado, tercero.<\/strong>\n<\/p>\n<p class=\"article-body__text \">\n        La organizaci\u00f3n de esta prueba ha dado a conocer este mi\u00e9rcoles la <strong>lista provisional de participantes en la que destacan los corredores integrados en las cuatro formaciones UCI WorldTeam invitados<\/strong>, ya que adem\u00e1s del <strong>UAE<\/strong>, ahora en el Tour de Francia con el liderato de Tadej Pogacar, se espera al <strong>Movistar, al Jayco y al Astana.<\/strong>\n<\/p>\n<p>  <strong>Participantes<\/strong><\/p>\n<p class=\"article-body__text \">\n        La relaci\u00f3n ciclistas la encabeza el navarro Igor Arrieta, quien acudir\u00e1 a <strong>Ordizia<\/strong> arropado, entre otros, por <strong>Filippo Baroncini<\/strong>, ganador de la Vuelta a B\u00e9lgica 2025, y <strong>Julius Johansen<\/strong>, vencedor de la crono inicial de O Gran Camino 2026, mientras que Movistar cuenta como una de sus bazas con <strong>Jon Barrenetxea<\/strong>, especialista en pruebas de un d\u00eda.\n<\/p>\n<p class=\"article-photo__footer\">\n            Inscripciones provisionales.            Ciclo21        <\/p>\n<p class=\"article-body__text \">\n        Otros nombres destacados dados a conocer hoy son los de <strong>Jes\u00fas Herrada<\/strong> con Burgos, Iv\u00e1n Cobo con <strong>Kern Pharma y Alesandro Covi <\/strong>con Jayco, que conoce el triunfo en el Giro de Italia y que destac\u00f3 en la \u00faltima edici\u00f3n de la Vuelta a Burgos.\n<\/p>\n<p>  Recorrido<\/p>\n<p class=\"article-body__text \">\n        El recorrido para esta edici\u00f3n vuelve a ser bastante sinuoso con cinco ascensos al alto de <strong>Abaltziketa<\/strong> de tercera categor\u00eda, lo cual criba las opciones de los ciclistas que no se manejen bien en terreno monta\u00f1oso.\n<\/p>\n<p class=\"article-photo__footer\">\n            Recorrido de la Cl\u00e1sica de Ordizia 2026.                    <\/p>\n","protected":false},"excerpt":{"rendered":"Igor Arrieta liderar\u00e1 el equipo UAE en la Cl\u00e1sica de Ordizia del pr\u00f3ximo 25 de julio, en la&hellip;\n","protected":false},"author":2,"featured_media":660110,"comment_status":"","ping_status":"","sticky":false,"template":"","format":"standard","meta":{"footnotes":""},"categories":[273],"tags":[3405,313,312,168,25,24,3419,3404,15068,23,167,550],"class_list":["post-660109","post","type-post","status-publish","format-standard","has-post-thumbnail","category-ciclismo","tag-arrieta","tag-ciclismo","tag-cycling","tag-deportes","tag-es","tag-espana","tag-frente","tag-igor","tag-principal","tag-spain","tag-sports","tag-uae"],"share_on_mastodon":{"url":"https:\/\/pubeurope.com\/@es\/116926049564414475","error":""},"_links":{"self":[{"href":"https:\/\/www.europesays.com\/es\/wp-json\/wp\/v2\/posts\/660109","targetHints":{"allow":["GET"]}}],"collection":[{"href":"https:\/\/www.europesays.com\/es\/wp-json\/wp\/v2\/posts"}],"about":[{"href":"https:\/\/www.europesays.com\/es\/wp-json\/wp\/v2\/types\/post"}],"author":[{"embeddable":true,"href":"https:\/\/www.europesays.com\/es\/wp-json\/wp\/v2\/users\/2"}],"replies":[{"embeddable":true,"href":"https:\/\/www.europesays.com\/es\/wp-json\/wp\/v2\/comments?post=660109"}],"version-history":[{"count":0,"href":"https:\/\/www.europesays.com\/es\/wp-json\/wp\/v2\/posts\/660109\/revisions"}],"wp:featuredmedia":[{"embeddable":true,"href":"https:\/\/www.europesays.com\/es\/wp-json\/wp\/v2\/media\/660110"}],"wp:attachment":[{"href":"https:\/\/www.europesays.com\/es\/wp-json\/wp\/v2\/media?parent=660109"}],"wp:term":[{"taxonomy":"category","embeddable":true,"href":"https:\/\/www.europesays.com\/es\/wp-json\/wp\/v2\/categories?post=660109"},{"taxonomy":"post_tag","embeddable":true,"href":"https:\/\/www.europesays.com\/es\/wp-json\/wp\/v2\/tags?post=660109"}],"curies":[{"name":"wp","href":"https:\/\/api.w.org\/{rel}","templated":true}]}}