{"id":66011,"date":"2025-08-23T02:44:12","date_gmt":"2025-08-23T02:44:12","guid":{"rendered":"https:\/\/www.europesays.com\/es\/66011\/"},"modified":"2025-08-23T02:44:12","modified_gmt":"2025-08-23T02:44:12","slug":"pagan-hasta-156-euros-mas-por-un-asiento-con-ventanilla-acaban-frente-a-una-pared-y-arranca-la-demanda-colectiva","status":"publish","type":"post","link":"https:\/\/www.europesays.com\/es\/66011\/","title":{"rendered":"Pagan hasta 156 euros m\u00e1s por un asiento con ventanilla, acaban frente a una pared y arranca la demanda colectiva"},"content":{"rendered":"<p>Lo que para muchos pasajeros representa <a href=\"https:\/\/www.huffingtonpost.es\/life\/viajes\/truco-conseguir-mejor-asiento-gratis-avion-rp.html\" title=\"El truco para conseguir el mejor asiento y gratis en el avi\u00f3n\" target=\"_blank\" rel=\"nofollow noopener\">el asiento m\u00e1s codiciado del avi\u00f3n (el de ventanilla)<\/a> se ha convertido <b>en el centro de una batalla legal contra dos de las aerol\u00edneas m\u00e1s grandes de <a href=\"https:\/\/www.huffingtonpost.es\/global\/una-jueza-ordena-desmantelar-centro-migratorio-alligator-alcatraz-60-dias.html\" title=\"Una jueza ordena desmantelar el centro migratorio &#039;Alligator Alcatraz&#039; dentro de 60 d\u00edas\" target=\"_blank\" rel=\"nofollow noopener\">Estados Unidos<\/a><\/b>. Tal y como explica <a href=\"https:\/\/www.nytimes.com\/2025\/08\/20\/travel\/delta-united-airlines-window-seat-lawsuits.html\" target=\"_blank\" rel=\"nofollow noopener\">The New York Times<\/a>, dos demandas colectivas, presentadas este martes en <a href=\"https:\/\/www.huffingtonpost.es\/life\/viajes\/nueva-york-calle-dedicada-primer-inmigrante-ciudad-es-especie-precursor-multiculturalidad.html\" title=\"Nueva York tiene una calle dedicada al primer inmigrante de la ciudad: \" es=\"\" una=\"\" especie=\"\" de=\"\" precursor=\"\" la=\"\" multiculturalidad=\"\" target=\"_blank\" rel=\"nofollow noopener\">Nueva York<\/a> y <a href=\"https:\/\/www.huffingtonpost.es\/virales\/se-encuentra-supermercado-san-francisco-nunca-visto-dicen-espana-acabara-pasando.html\" title=\"Se encuentra en un supermercado de San Francisco lo nunca visto: dicen que en Espa\u00f1a acabar\u00e1 pasando\" target=\"_blank\" rel=\"nofollow noopener\">San Francisco<\/a>, acusan a Delta Air Lines y United Airlines de cobrar un suplemento por asientos que, en realidad, estaban junto a una pared sin ventana.<\/p>\n<p>\u00abBuscamos responsabilizar a United y Delta por vender un producto que no entregaron y por tergiversar su naturaleza\u00bb, explic\u00f3 el abogado Carter Greenbaum, del bufete Greenbaum Olbrantz LLP, encargado de los casos.<b> \u00abOfrecieron a los clientes asientos de ventanilla y lo que obtuvieron fue una pared\u00bb.<\/b><\/p>\n<p>Las demandas sostienen que varios modelos de aviones (incluidos Boeing 737, Boeing 757 y Airbus A321) cuentan con <b>al menos un asiento en el que la ventana brilla por su ausencia, <\/b>debido a la ubicaci\u00f3n de conductos de aire acondicionado o sistemas el\u00e9ctricos. Aunque otras aerol\u00edneas, como American o Alaska Airlines, avisan al pasajero durante el proceso de selecci\u00f3n, United y Delta no ofrecen esa advertencia.<\/p>\n<p>El suplemento por elegir estos asientos no es menor. Seg\u00fan los documentos judiciales, Delta puede cobrar m\u00e1s de 70 d\u00f3lares (unos 65 euros) <a href=\"https:\/\/www.huffingtonpost.es\/2014\/04\/08\/viajar-asiento-de-ventanilla_n_5109987.html\" title=\"10 razones por las que SIEMPRE deber\u00edas elegir el asiento de ventanilla en el avi\u00f3n (FOTOS)\" target=\"_blank\" rel=\"nofollow noopener\">por un asiento de ventanilla<\/a> respecto a la tarifa econ\u00f3mica b\u00e1sica, mientras que United aplica recargos de m\u00e1s de 50 d\u00f3lares (46 euros)<b> en vuelos nacionales y hasta 100 d\u00f3lares (92 euros)<\/b> en internacionales.<\/p>\n<p>El caso de Nicholas Meyer, demandante contra Delta, ilustra la situaci\u00f3n: pag\u00f3 por un asiento de ventanilla en un vuelo Nueva York\u2013Atlanta\u2013Condado de Orange (California). Si bien en el primer tramo tuvo su ventana, <b>en el segundo, a bordo de un Boeing 757-200, descubri\u00f3 que pasar\u00eda cuatro horas y media mirando \u00fanicamente una pared.<\/b><\/p>\n<p>En el caso contra United, los demandantes son Aviva Copaken, de Los \u00c1ngeles, y Marc Brenman, de San Francisco. Copaken <b>lleg\u00f3 a pagar entre 45,99 y 169,99 d\u00f3lares (42 a 156 euros) por asientos que tampoco ten\u00edan ventana en tres vuelos distintos. <\/b>Brenman, por su parte, <a href=\"https:\/\/www.huffingtonpost.es\/life\/viajes\/una-experta-viajesnala-reservar-vuelos-alojamiento-separado-dispara-presupuesto-vacaciones.html\" title=\"Una experta en viajes se\u00f1ala que reservar vuelos y alojamiento por separado dispara el presupuesto de las vacaciones\" target=\"_blank\" rel=\"nofollow noopener\">us\u00f3 puntos de viajero frecuente para reservar<\/a>\u00a0lo que pensaba ser\u00eda un asiento con vista, pero termin\u00f3 igualmente contra una pared.<\/p>\n<p>Ambos recibieron reembolsos parciales tras quejarse a la aerol\u00ednea, aunque ahora buscan que se indemnice a todos los pasajeros afectados. <b>Los abogados estiman que podr\u00edan ser millones de clientes.<\/b><\/p>\n<p><b>Ni Delta ni United han querido comentar los litigios cuando NYT<\/b> se puso en contacto con ellos.<\/p>\n","protected":false},"excerpt":{"rendered":"Lo que para muchos pasajeros representa el asiento m\u00e1s codiciado del avi\u00f3n (el de ventanilla) se ha convertido&hellip;\n","protected":false},"author":2,"featured_media":66012,"comment_status":"","ping_status":"","sticky":false,"template":"","format":"standard","meta":{"footnotes":""},"categories":[80],"tags":[82,95,94,25,24,23,9648],"class_list":{"0":"post-66011","1":"post","2":"type-post","3":"status-publish","4":"format-standard","5":"has-post-thumbnail","7":"category-economia","8":"tag-business","9":"tag-economia","10":"tag-economy","11":"tag-es","12":"tag-espana","13":"tag-spain","14":"tag-vuelos"},"share_on_mastodon":{"url":"","error":""},"_links":{"self":[{"href":"https:\/\/www.europesays.com\/es\/wp-json\/wp\/v2\/posts\/66011","targetHints":{"allow":["GET"]}}],"collection":[{"href":"https:\/\/www.europesays.com\/es\/wp-json\/wp\/v2\/posts"}],"about":[{"href":"https:\/\/www.europesays.com\/es\/wp-json\/wp\/v2\/types\/post"}],"author":[{"embeddable":true,"href":"https:\/\/www.europesays.com\/es\/wp-json\/wp\/v2\/users\/2"}],"replies":[{"embeddable":true,"href":"https:\/\/www.europesays.com\/es\/wp-json\/wp\/v2\/comments?post=66011"}],"version-history":[{"count":0,"href":"https:\/\/www.europesays.com\/es\/wp-json\/wp\/v2\/posts\/66011\/revisions"}],"wp:featuredmedia":[{"embeddable":true,"href":"https:\/\/www.europesays.com\/es\/wp-json\/wp\/v2\/media\/66012"}],"wp:attachment":[{"href":"https:\/\/www.europesays.com\/es\/wp-json\/wp\/v2\/media?parent=66011"}],"wp:term":[{"taxonomy":"category","embeddable":true,"href":"https:\/\/www.europesays.com\/es\/wp-json\/wp\/v2\/categories?post=66011"},{"taxonomy":"post_tag","embeddable":true,"href":"https:\/\/www.europesays.com\/es\/wp-json\/wp\/v2\/tags?post=66011"}],"curies":[{"name":"wp","href":"https:\/\/api.w.org\/{rel}","templated":true}]}}