{"id":660136,"date":"2026-07-15T21:34:21","date_gmt":"2026-07-15T21:34:21","guid":{"rendered":"https:\/\/www.europesays.com\/es\/660136\/"},"modified":"2026-07-15T21:34:21","modified_gmt":"2026-07-15T21:34:21","slug":"cuando-regresara-alcaraz-a-las-pistas","status":"publish","type":"post","link":"https:\/\/www.europesays.com\/es\/660136\/","title":{"rendered":"\u00bfCu\u00e1ndo regresar\u00e1 Alcaraz a las pistas?"},"content":{"rendered":"<p>\n        <a href=\"https:\/\/www.noticiasdealava.eus\/tags\/carlos-alcaraz\/\" title=\"Carlos Alcaraz\" class=\"link copy\" rel=\"nofollow noopener\" target=\"_blank\"><strong>Carlos Alcaraz<\/strong><\/a><strong> parece divisar la luz al final del t\u00fanel. Despu\u00e9s de abandonar la competici\u00f3n el pasado abril debido a una lesi\u00f3n en la mu\u00f1eca, el tenista murciano est\u00e1 inmerso en la \u00faltima etapa de recuperaci\u00f3n<\/strong> y todo apunta a que regresar\u00e1 a las pistas en el Masters 1000 de Cincinnati, el \u00faltimo gran ensayo antes del <a href=\"https:\/\/www.noticiasdealava.eus\/tags\/us-open\/\" title=\"US Open\" class=\"link copy\" rel=\"nofollow noopener\" target=\"_blank\">US Open<\/a>.\n<\/p>\n<p class=\"article-body__text \">\n        Seg\u00fan ha avanzado La Verdad de Murcia, el entorno de Alcaraz transmite optimismo gracias a la evoluci\u00f3n experimentada en los \u00faltimos d\u00edas. Tal y como han informado, <strong>las sensaciones del tenista de El Palmar son positivas<\/strong> y el tratamiento conservador elegido desde el primer momento parece estar dando los resultados esperados, hasta el punto de que <strong>su presencia en Cincinnati, que se disputar\u00e1 del 13 al 23 de agosto, se considera el objetivo m\u00e1s realista.<\/strong>\n<\/p>\n<p class=\"article-body__text \">\n        La hoja de ruta pasa por renunciar al Masters 1000 de Canad\u00e1, que est\u00e1 previsto entre el 2 y el 12 de agosto. <strong>El equipo de Alcaraz no quiere asumir riesgos innecesarios<\/strong> en una lesi\u00f3n especialmente delicada para un tenista. Cualquier regreso prematuro podr\u00eda comprometer el resto de la temporada, en la que ya<strong> ha causado baja en <\/strong><a href=\"https:\/\/www.noticiasdealava.eus\/tags\/roland-garros\/\" title=\"Roland Garros\" class=\"link copy\" rel=\"nofollow noopener\" target=\"_blank\"><strong>Roland Garros<\/strong><\/a><strong> y <\/strong><a href=\"https:\/\/www.noticiasdealava.eus\/tags\/wimbledon\/\" title=\"Wimbledon\" class=\"link copy\" rel=\"nofollow noopener\" target=\"_blank\"><strong>Wimbledon<\/strong><\/a><strong>.<\/strong>\n<\/p>\n<blockquote class=\"twitter-tweet\" data-lang=\"es\">\n<p lang=\"en\" dir=\"ltr\">Carlos Alcaraz practicing for his comeback from injury. <\/p>\n<p>Hopefully he\u2019s returning soon\u2026 great signs. <\/p>\n<p>\ud83d\udcaa\ud83d\udcaa\ud83d\udcaa <a href=\"https:\/\/t.co\/FiB9P0QW9B\" rel=\"nofollow\">pic.twitter.com\/FiB9P0QW9B<\/a><\/p>\n<p>\u2014 The Tennis Letter (@TheTennisLetter) <a href=\"https:\/\/x.com\/TheTennisLetter\/status\/2075310368621293780?ref_src=twsrc%5Etfw\" rel=\"nofollow\">9 de julio de 2026<\/a><\/p><\/blockquote>\n<p>  <strong>Una prueba previa al US Open<\/strong><\/p>\n<p class=\"article-body__text \">\n        <strong>El propio <\/strong><a href=\"https:\/\/www.noticiasdealava.eus\/tags\/alcaraz\/\" title=\"Alcaraz\" class=\"link copy\" rel=\"nofollow noopener\" target=\"_blank\"><strong>Alcaraz<\/strong><\/a><strong> ya dej\u00f3 entrever hace unos d\u00edas que la recuperaci\u00f3n avanzaba seg\u00fan lo previsto.<\/strong> \u201cTodo va bien\u201d, asegur\u00f3 durante una de sus \u00faltimas apariciones p\u00fablicas, un mensaje que ahora est\u00e1 sustentado por la informaci\u00f3n aportada por su entorno. El pasado domingo se pudo ver al tenista murciano <strong>en la grada de la final de Wimbledon<\/strong>, disputada entre <a href=\"https:\/\/www.noticiasdealava.eus\/tags\/jannik-sinner\/\" title=\"Jannik Sinner\" class=\"link copy\" rel=\"nofollow noopener\" target=\"_blank\">Jannik Sinner<\/a> y Alexander Zverev, con una f\u00e9rula en su mu\u00f1eca derecha.\n<\/p>\n<p class=\"article-body__text \">\n        El calendario tambi\u00e9n invita a la prudencia.<strong> Cincinnati representa el mejor banco de pruebas posible antes del US Open<\/strong>, cuarto y \u00faltimo <a href=\"https:\/\/www.noticiasdealava.eus\/tags\/grand-slam\/\" title=\"Grand Slam\" class=\"link copy\" rel=\"nofollow noopener\" target=\"_blank\">Grand Slam<\/a> del a\u00f1o, que comenzar\u00e1 el 24 de agosto en <a href=\"https:\/\/www.noticiasdealava.eus\/tags\/nueva-york\/\" title=\"Nueva York\" class=\"link copy\" rel=\"nofollow noopener\" target=\"_blank\">Nueva York<\/a>.\n<\/p>\n<p class=\"article-body__text \">\n        De este modo, si no se produce ning\u00fan contratiempo en los pr\u00f3ximas d\u00edas,<strong> la confirmaci\u00f3n oficial de su regreso podr\u00eda llegar en breve.<\/strong> Ser\u00eda una gran noticia para un circuito que ha echado de menos a uno de sus principales referentes.\n<\/p>\n<p>  Sinner, favorito en Nueva York<\/p>\n<p class=\"article-body__text \">\n        As\u00ed lo considera al menos el extenista Andy Roddick, que se ha manifestado al respecto en su p\u00f3dcats Served: <strong>\u201cEsperamos que se recupere pronto. Significa much\u00edsimo para este deporte y la historia de Sinner es mucho mejor con Alcaraz\u201d<\/strong>, ha comentado. Si bien, ha asegurado que de<strong> cara al US Open, \u201cSinner sigue siendo el gran favorito, incluso si Alcaraz regresa\u201d<\/strong>, ya que el murciano \u201cnecesita pr\u00e1ctica\u201d despu\u00e9s de lo que ser\u00e1n casi cuatro meses de baja: \u201cNo es como si volviera y de repente fuera de nuevo su mejor versi\u00f3n\u201d.\n<\/p>\n<p>            <script async src=\"https:\/\/platform.twitter.com\/widgets.js\" charset=\"utf-8\"><\/script><\/p>\n","protected":false},"excerpt":{"rendered":"Carlos Alcaraz parece divisar la luz al final del t\u00fanel. Despu\u00e9s de abandonar la competici\u00f3n el pasado abril&hellip;\n","protected":false},"author":2,"featured_media":660137,"comment_status":"","ping_status":"","sticky":false,"template":"","format":"standard","meta":{"footnotes":""},"categories":[274],"tags":[4736,168,25,24,8252,15316,21044,23,167,327,326],"class_list":["post-660136","post","type-post","status-publish","format-standard","has-post-thumbnail","category-tenis","tag-alcaraz","tag-deportes","tag-es","tag-espana","tag-lesion","tag-pistas","tag-regresara","tag-spain","tag-sports","tag-tenis","tag-tennis"],"share_on_mastodon":{"url":"https:\/\/pubeurope.com\/@es\/116926144193256104","error":""},"_links":{"self":[{"href":"https:\/\/www.europesays.com\/es\/wp-json\/wp\/v2\/posts\/660136","targetHints":{"allow":["GET"]}}],"collection":[{"href":"https:\/\/www.europesays.com\/es\/wp-json\/wp\/v2\/posts"}],"about":[{"href":"https:\/\/www.europesays.com\/es\/wp-json\/wp\/v2\/types\/post"}],"author":[{"embeddable":true,"href":"https:\/\/www.europesays.com\/es\/wp-json\/wp\/v2\/users\/2"}],"replies":[{"embeddable":true,"href":"https:\/\/www.europesays.com\/es\/wp-json\/wp\/v2\/comments?post=660136"}],"version-history":[{"count":0,"href":"https:\/\/www.europesays.com\/es\/wp-json\/wp\/v2\/posts\/660136\/revisions"}],"wp:featuredmedia":[{"embeddable":true,"href":"https:\/\/www.europesays.com\/es\/wp-json\/wp\/v2\/media\/660137"}],"wp:attachment":[{"href":"https:\/\/www.europesays.com\/es\/wp-json\/wp\/v2\/media?parent=660136"}],"wp:term":[{"taxonomy":"category","embeddable":true,"href":"https:\/\/www.europesays.com\/es\/wp-json\/wp\/v2\/categories?post=660136"},{"taxonomy":"post_tag","embeddable":true,"href":"https:\/\/www.europesays.com\/es\/wp-json\/wp\/v2\/tags?post=660136"}],"curies":[{"name":"wp","href":"https:\/\/api.w.org\/{rel}","templated":true}]}}