{"id":660260,"date":"2026-07-15T23:19:15","date_gmt":"2026-07-15T23:19:15","guid":{"rendered":"https:\/\/www.europesays.com\/es\/660260\/"},"modified":"2026-07-15T23:19:15","modified_gmt":"2026-07-15T23:19:15","slug":"el-ayuntamiento-de-bilbao-sera-el-unico-de-las-capitales-vascas-que-no-pondra-pantalla-para-la-final-del-mundial","status":"publish","type":"post","link":"https:\/\/www.europesays.com\/es\/660260\/","title":{"rendered":"El Ayuntamiento de Bilbao ser\u00e1 el \u00fanico de las capitales vascas que no pondr\u00e1 pantalla para la final del Mundial"},"content":{"rendered":"<p style=\"\">Bilbao, principal ciudad de Euskadi, aspirante a ser sede del Mundial 2030, ser\u00e1 la \u00fanica capital vasca que no contar\u00e1 con una pantalla gigante instalada  &#8230; por el Ayuntamiento en la que poder seguir la final del Mundial en la que Espa\u00f1a se medir\u00e1 con Argentina o con Inglaterra. Tanto Donostia (tambi\u00e9n gobernada por PNV y PSE, con alcalde jeltzale) como Vitoria (con los mismos socios de gobierno y alcaldesa socialista) han anunciado el montaje. Incluso Pamplona, capital de la comunidad vecina donde este tipo de acontecimientos es afrontado con parecida singularidad debido a las particularidad identitarias, tendr\u00e1 su pantalla, seg\u00fan asegur\u00f3 el alcalde Joseba Asiron, de EH Bildu.<\/p>\n<p class=\"v-d-p\" style=\"\">Desde el Consistorio bilba\u00edno han descartado la iniciativa recordando que \u00abni cuando las finales del Athletic\u00bb se hizo. S\u00ed avanzan las mismas fuentes que, en caso de que alguien solicite su instalaci\u00f3n, se autorizar\u00e1 \u00absi cumple con las condiciones\u00bb. En este sentido, apuntan que hace un par de a\u00f1os se curs\u00f3 una de esas autorizaciones para una pantalla que coloc\u00f3 el PP.<\/p>\n<p class=\"v-d-p\" style=\"\">De hecho, <a href=\"https:\/\/www.elcorreo.com\/deportes\/futbol\/mundial\/pantalla-gigante-bilbao-ver-final-mundial-20260715081525-nt.html\" data-voc-vtm-id=\"in-text-traffic\" data-mrf-link=\"www.elcorreo.com\" rel=\"nofollow noopener\" target=\"_blank\">los populares ya han anunciado que lo volver\u00e1n a hacer<\/a>. \u00abEl grupo municipal del Partido Popular de Bilbao instalar\u00e1 este domingo una pantalla gigante en la p\u00e9rgola del Parque de Do\u00f1a Casilda para que todos los bilba\u00ednos puedan disfrutar juntos de la final del Mundial y animar a la Selecci\u00f3n Espa\u00f1ola a conquistar su segunda estrella\u00bb, ha comunicado esta ma\u00f1ana la formaci\u00f3n conservadora. Curs\u00f3 la solicitud \u00abhace un mes\u00bb y dice cumplir con todos los requerimientos. Su portavoz municipal, Esther Mart\u00ednez, ha destacado que \u00abla Selecci\u00f3n Espa\u00f1ola merece el respaldo de toda la ciudad y los bilba\u00ednos merecen tener un lugar donde vivir juntos una cita hist\u00f3rica. Si el Ayuntamiento ha decidido no organizar ning\u00fan espacio para seguir la final, el PP de Bilbao de nuevo da un paso al frente para que nadie se quede sin disfrutar de este gran momento\u00bb.<\/p>\n<ul class=\"v-cmp-rld__u\">\n<li class=\"v-cmp-rld__l\">\n<p><a class=\"v-a-lnk\" href=\"http:\/\/www.elcorreo.com\/bizkaia\/nora-abete-pedido-alcalde-bilbao-colocacion-pantalla-20260715155255-nt.html#vtm_modulosEngag=noticiasrelacionadas-cmp-dos:bizkaia:noticia:1\" data-voc-vtm-id=\"in-text-traffic\" rel=\"nofollow noopener\" target=\"_blank\"><br \/>\n<img decoding=\"async\" loading=\"lazy\" src=\"https:\/\/www.europesays.com\/es\/wp-content\/uploads\/2026\/07\/mundialvitoria_20260715154341-U56252373025qYy-366x256@El Correo.jpg\" class=\"v-a-img\" width=\"258\" height=\"180\" alt=\"Nora Abete: \u00abHe pedido al alcalde la colocaci\u00f3n de una pantalla, pero no lo har\u00e1\u00bb\"\/><br \/>\n<\/a><\/p>\n<\/li>\n<li class=\"v-cmp-rld__l\">\n<p><a class=\"v-a-lnk\" href=\"http:\/\/www.elcorreo.com\/deportes\/futbol\/mundial\/pantalla-gigante-bilbao-ver-final-mundial-20260715081525-nt.html#vtm_modulosEngag=noticiasrelacionadas-cmp-dos:bizkaia:noticia:2\" data-voc-vtm-id=\"in-text-traffic\" rel=\"nofollow noopener\" target=\"_blank\"><br \/>\n<img decoding=\"async\" loading=\"lazy\" src=\"https:\/\/www.europesays.com\/es\/wp-content\/uploads\/2026\/07\/casilda-khr--366x256@El Correo.jpg\" class=\"v-a-img\" width=\"258\" height=\"180\" alt=\"El PP de Bilbao colocar\u00e1 una pantalla gigante en Do\u00f1a Casilda para ver la final\"\/><br \/>\n                                                          <\/a><\/p>\n<\/li>\n<\/ul>\n<p class=\"v-d-p\" style=\"\">El Consistorio vitoriano, por su parte, ya mont\u00f3 una pantalla esta pasada noche para seguir la semifinal con Francia que atrajo a cientos de personas en la c\u00e9ntrica plaza de San B\u00e1rbara. En San Sebasti\u00e1n (que junto a Bilbao tambi\u00e9n se ha postulado como sede para el Mundial 2030) la instalaci\u00f3n estar\u00e1 frente al Palacio de Hielo, como sucedi\u00f3 en la final de la Eurocopa de 2024 que gan\u00f3 Espa\u00f1a. El acceso ser\u00e1 libre y la pantalla ser\u00e1 de 5&#215;9 metros. En la nota emitida por Donostia Kirola, I\u00f1aki Gabarain, concejal de Deportes y Vida Saludable, destac\u00f3 que \u00abel f\u00fatbol despierta grandes pasiones colectivas y queremos volver a ofrecer a la ciudadan\u00eda la oportunidad de disfrutar de una cita hist\u00f3rica en un ambiente festivo y de convivencia\u00bb como ya sucedi\u00f3 en la final de la Eurocopa y de la Copa que gan\u00f3 la Real en abril. Eibar e Irun har\u00e1n lo propio en la plaza Unzaga y San Juan, respectivamente.<\/p>\n<p class=\"v-d-p\" style=\"\">En Bizkaia tambi\u00e9n hay varios municipios que han mostrado su disposici\u00f3n. El Ayuntamiento de Barakaldo tramita en estos momentos la instalaci\u00f3n de una pantalla gigante para seguir la final del Mundial. Seg\u00fan ha podido saber este peri\u00f3dico, informa Laura Gonz\u00e1lez, el equipo de gobierno (PNV-PSE) ha iniciado las gestiones pertinentes para poder contar con una pantalla, \u00absiempre y cuando haya disponibilidad\u00bb. La ubicaci\u00f3n elegida para su instalaci\u00f3n es la explanada junto al BEC, como ya sucedi\u00f3 en 2024 cuando &#8216;La Roja&#8217; se proclam\u00f3 campeona de Europa. El Partido Popular de Barakaldo ya hab\u00eda solicitado ayer poder contar con uno de estos elementos \u00abpara vivir y celebrar juntos la emoci\u00f3n del Mundial\u00bb. Hab\u00edan propuesto su ubicaci\u00f3n en la Herriko Plaza, coincidiendo con el \u00faltimo d\u00eda de las fiestas patronales, pero el espacio estar\u00e1 ocupado, ya que desde all\u00ed se iniciar\u00e1 a las 20.00 horas un desfile para despedir las celebraciones.<\/p>\n<p class=\"v-d-p\" style=\"\">Portugalete, por su parte, instalar\u00e1 una pantalla gigante en la plaza de San Roque. El acto arrancar\u00e1 a las 19.30 con animaci\u00f3n musical y la actuaci\u00f3n de un DJ, y a las 21.00 la retransmisi\u00f3n en directo de la final.<\/p>\n","protected":false},"excerpt":{"rendered":"Bilbao, principal ciudad de Euskadi, aspirante a ser sede del Mundial 2030, ser\u00e1 la \u00fanica capital vasca que&hellip;\n","protected":false},"author":2,"featured_media":660261,"comment_status":"","ping_status":"","sticky":false,"template":"","format":"standard","meta":{"footnotes":""},"categories":[93],"tags":[1250,2601,49895,168,25,24,1058,23155,10914,23,167,1900,21127],"class_list":["post-660260","post","type-post","status-publish","format-standard","has-post-thumbnail","category-deportes","tag-ayuntamiento","tag-bilbao","tag-capitales","tag-deportes","tag-es","tag-espana","tag-final","tag-pantalla","tag-pondra","tag-spain","tag-sports","tag-unico","tag-vascas"],"share_on_mastodon":{"url":"https:\/\/pubeurope.com\/@es\/116926557689148891","error":""},"_links":{"self":[{"href":"https:\/\/www.europesays.com\/es\/wp-json\/wp\/v2\/posts\/660260","targetHints":{"allow":["GET"]}}],"collection":[{"href":"https:\/\/www.europesays.com\/es\/wp-json\/wp\/v2\/posts"}],"about":[{"href":"https:\/\/www.europesays.com\/es\/wp-json\/wp\/v2\/types\/post"}],"author":[{"embeddable":true,"href":"https:\/\/www.europesays.com\/es\/wp-json\/wp\/v2\/users\/2"}],"replies":[{"embeddable":true,"href":"https:\/\/www.europesays.com\/es\/wp-json\/wp\/v2\/comments?post=660260"}],"version-history":[{"count":0,"href":"https:\/\/www.europesays.com\/es\/wp-json\/wp\/v2\/posts\/660260\/revisions"}],"wp:featuredmedia":[{"embeddable":true,"href":"https:\/\/www.europesays.com\/es\/wp-json\/wp\/v2\/media\/660261"}],"wp:attachment":[{"href":"https:\/\/www.europesays.com\/es\/wp-json\/wp\/v2\/media?parent=660260"}],"wp:term":[{"taxonomy":"category","embeddable":true,"href":"https:\/\/www.europesays.com\/es\/wp-json\/wp\/v2\/categories?post=660260"},{"taxonomy":"post_tag","embeddable":true,"href":"https:\/\/www.europesays.com\/es\/wp-json\/wp\/v2\/tags?post=660260"}],"curies":[{"name":"wp","href":"https:\/\/api.w.org\/{rel}","templated":true}]}}