{"id":660308,"date":"2026-07-15T23:58:18","date_gmt":"2026-07-15T23:58:18","guid":{"rendered":"https:\/\/www.europesays.com\/es\/660308\/"},"modified":"2026-07-15T23:58:18","modified_gmt":"2026-07-15T23:58:18","slug":"la-venta-del-granada-cf-engachada-hasta-la-semana-que-viene-como-pronto","status":"publish","type":"post","link":"https:\/\/www.europesays.com\/es\/660308\/","title":{"rendered":"La venta del Granada CF, engachada hasta la semana que viene como pronto"},"content":{"rendered":"<p style=\"\">Las partes implicadas contin\u00faan sin arrojar m\u00e1s luz sobre la operaci\u00f3n de BLA para propiciar el cambio accionarial del Granada. Seg\u00fan fuentes consultadas por IDEAL,  &#8230; ajenas al club y al fondo de inversi\u00f3n norteamericano, la homologaci\u00f3n en Luxemburgo sigue enganchada y no se espera que se resuelva hasta el comienzo de la pr\u00f3xima semana como muy pronto. <\/p>\n<p class=\"v-d-p\" style=\"\">Hay que tener en cuenta que en agosto las cuestiones judiciales tambi\u00e9n se frenan en el peque\u00f1o pa\u00eds europeo, por lo que urge una soluci\u00f3n inmediata para que el grupo inversor pueda culminar su proceso. Lo contrario ser\u00eda un escenario impredecible. Si todo se ajustara en tiempo y forma, el encaje s\u00ed ser\u00eda m\u00e1s factible, pero si no se desbloquea puede aumentar el problema.<\/p>\n<p class=\"v-d-p\" style=\"\">La junta extraordinaria de accionistas del Granada prevista para este viernes, que podr\u00eda emplearse para un cambio en el consejo de administraci\u00f3n aunque no venga en el orden del d\u00eda de la reuni\u00f3n, se aplaz\u00f3 al 29 de julio, presumiblemente con la esperanza de que el asunto judicial quede esclarecido. La presentaci\u00f3n del equipo en Los C\u00e1rmenes, ante el Betis, llegar\u00e1 el 25, sin poder adelantar qui\u00e9nes se sentar\u00e1n en el palco por el club. De momento, coexisten los anteriores con algunos ejecutivos de los pretendientes.<\/p>\n","protected":false},"excerpt":{"rendered":"Las partes implicadas contin\u00faan sin arrojar m\u00e1s luz sobre la operaci\u00f3n de BLA para propiciar el cambio accionarial&hellip;\n","protected":false},"author":2,"featured_media":660309,"comment_status":"","ping_status":"","sticky":false,"template":"","format":"standard","meta":{"footnotes":""},"categories":[268],"tags":[168,120628,25,24,280,282,494,18844,773,281,23,167,2913,16591],"class_list":["post-660308","post","type-post","status-publish","format-standard","has-post-thumbnail","category-futbol","tag-deportes","tag-engachada","tag-es","tag-espana","tag-football","tag-futbol","tag-granada","tag-pronto","tag-semana","tag-soccer","tag-spain","tag-sports","tag-venta","tag-viene"],"share_on_mastodon":{"url":"https:\/\/pubeurope.com\/@es\/116926710281495839","error":""},"_links":{"self":[{"href":"https:\/\/www.europesays.com\/es\/wp-json\/wp\/v2\/posts\/660308","targetHints":{"allow":["GET"]}}],"collection":[{"href":"https:\/\/www.europesays.com\/es\/wp-json\/wp\/v2\/posts"}],"about":[{"href":"https:\/\/www.europesays.com\/es\/wp-json\/wp\/v2\/types\/post"}],"author":[{"embeddable":true,"href":"https:\/\/www.europesays.com\/es\/wp-json\/wp\/v2\/users\/2"}],"replies":[{"embeddable":true,"href":"https:\/\/www.europesays.com\/es\/wp-json\/wp\/v2\/comments?post=660308"}],"version-history":[{"count":0,"href":"https:\/\/www.europesays.com\/es\/wp-json\/wp\/v2\/posts\/660308\/revisions"}],"wp:featuredmedia":[{"embeddable":true,"href":"https:\/\/www.europesays.com\/es\/wp-json\/wp\/v2\/media\/660309"}],"wp:attachment":[{"href":"https:\/\/www.europesays.com\/es\/wp-json\/wp\/v2\/media?parent=660308"}],"wp:term":[{"taxonomy":"category","embeddable":true,"href":"https:\/\/www.europesays.com\/es\/wp-json\/wp\/v2\/categories?post=660308"},{"taxonomy":"post_tag","embeddable":true,"href":"https:\/\/www.europesays.com\/es\/wp-json\/wp\/v2\/tags?post=660308"}],"curies":[{"name":"wp","href":"https:\/\/api.w.org\/{rel}","templated":true}]}}