{"id":660314,"date":"2026-07-16T00:05:35","date_gmt":"2026-07-16T00:05:35","guid":{"rendered":"https:\/\/www.europesays.com\/es\/660314\/"},"modified":"2026-07-16T00:05:35","modified_gmt":"2026-07-16T00:05:35","slug":"crystal-lake-revela-su-primer-trailer-con-linda-cardellini-como-madre-del-futuro-asesino-jason-voorhees","status":"publish","type":"post","link":"https:\/\/www.europesays.com\/es\/660314\/","title":{"rendered":"Crystal Lake revela su primer tr\u00e1iler con Linda Cardellini como madre del futuro asesino Jason Voorhees"},"content":{"rendered":"<p>Esta nueva serie es precuela a la franquicia de pel\u00edculas de terror, Viernes 13 o Friday the 13th. La serie sigue a Pam Voorhees, una madre soltera que no ha logrado superar el profundo dolor que le dej\u00f3 la tr\u00e1gica muerte de su hijo Jason, un ni\u00f1o con una extra\u00f1a enfermedad que se ahog\u00f3 en el ic\u00f3nico lago Crystal Lake. <\/p>\n<p class=\"paragraph\">La serie <b>Crystal Lake<\/b>, precuela del cl\u00e1sico <b>Viernes 13<\/b>, present\u00f3 su primer tr\u00e1iler este mes y revel\u00f3 un enfoque in\u00e9dito dentro del universo del terror. La historia se centra en la vida y la tragedia de <b>Pamela Voorhees<\/b>, interpretada por <b>Linda Cardellini<\/b>. El dolor de <b>Pamela<\/b> tras la muerte de su hijo <b>Jason<\/b> desencadena la serie de eventos que definir\u00e1n la leyenda futura del campamento <b>Crystal Lake<\/b>. <\/p>\n<p class=\"paragraph\">Producida por <b>A24<\/b> y prevista para su estreno el 15 de octubre en <b>Peacock<\/b> en <b>Estados Unidos<\/b>, la serie se perfila como un estudio de personaje que busca a\u00f1adir nuevas dimensiones al mito del que surgir\u00eda uno de los villanos m\u00e1s reconocidos del cine de terror.<\/p>\n<p class=\"paragraph\">La saga <b>Viernes 13<\/b>, que comenz\u00f3 en 1980 con <b>Sean S. Cunningham<\/b>, se ha consolidado como un cl\u00e1sico del terror estadounidense. No solo contribuy\u00f3 a popularizar el subg\u00e9nero slasher, sino que tambi\u00e9n gener\u00f3 m\u00faltiples secuelas, remakes y una compleja mitolog\u00eda centrada en el asesino enmascarado <b>Jason Voorhees<\/b>. <\/p>\n<p class=\"paragraph\">Sin embargo, hasta ahora, pocas producciones se hab\u00edan enfocado en explorar a fondo la figura materna de la familia <b>Voorhees<\/b> y el proceso psicol\u00f3gico que llev\u00f3 a <b>Pamela<\/b> a convertirse en la fuente de la tragedia que asola el campamento. Los derechos de la franquicia pasaron por varias manos hasta que <b>A24<\/b> finalmente los adquiri\u00f3, permitiendo as\u00ed una reinterpretaci\u00f3n que trasciende la mera exposici\u00f3n de asesinatos y violencia t\u00edpica de la saga.<\/p>\n<p class=\"paragraph\"><b>Crystal Lake<\/b> est\u00e1 situada un a\u00f1o despu\u00e9s del fallecimiento por ahogamiento de <b>Jason<\/b> en el lago que da nombre a la serie. Este evento, que en la pel\u00edcula original solo se menciona brevemente, se vuelve ahora central. <b>Pamela Voorhees<\/b>, interpretada por <b>Linda Cardellini<\/b> (reconocida por sus recientes nominaciones al <b>Emmy<\/b> y por papeles en series como <b>Ojo de Halc\u00f3n<\/b>), es presentada como una madre consumida por el dolor y la culpa, incapaz de asumir la p\u00e9rdida de su \u00fanico hijo. <\/p>\n<p class=\"paragraph\">El showrunner <b>Brad Caleb Kane<\/b> ha se\u00f1alado que la intenci\u00f3n es mostrar el \u201cdescenso a los infiernos\u201d de este personaje, representando la progresiva inestabilidad psicol\u00f3gica y los comportamientos err\u00e1ticos que surgen despu\u00e9s del trauma. La llegada de dos extra\u00f1os que investigan el pasado de <b>Pamela<\/b> desencadenar\u00e1 una serie de acontecimientos inquietantes, dotando al personaje de dimensiones que invitan a analizarlo m\u00e1s all\u00e1 de su papel cl\u00e1sico de villana o v\u00edctima.<\/p>\n<p class=\"paragraph\">La elecci\u00f3n de <b>Linda Cardellini<\/b> ha generado expectativas positivas tanto entre la cr\u00edtica como entre el equipo creativo. Seg\u00fan el propio guionista y showrunner, <b>Cardellini<\/b> era \u201cla \u00fanica candidata posible\u201d para aportar humanidad y matices al personaje de la madre de <b>Jason<\/b>. El tr\u00e1iler, de solo treinta segundos, causa impacto al mostrar los escenarios cl\u00e1sicos del campamento y presentar breves im\u00e1genes de violencia y ansiedad, apoy\u00e1ndose en una est\u00e9tica perturbadora que pretende alejarse de las f\u00f3rmulas tradicionales del slasher.<\/p>\n<p class=\"paragraph\">El reparto secundario incluye a <b>William Catlett<\/b>, <b>Devin Kessler<\/b>, <b>Cameron Scoggins<\/b>, <b>Gwendolyn Sundstrom<\/b>, <b>Callum Vinson<\/b> y <b>Joy Suprano<\/b>, junto con la presencia de <b>Adrienne King<\/b>, conocida por protagonizar la pel\u00edcula original. La direcci\u00f3n estar\u00e1 a cargo de nombres como <b>Michael Lennox<\/b>, <b>Celine Held<\/b> y <b>Logan George<\/b>, lo que sugiere que la serie tendr\u00e1 una narrativa fragmentada y variada en estilo a lo largo de sus ocho episodios.<\/p>\n<p><img alt=\"Una canoa blanca con una figura tumbada apenas visible flota en la superficie de un lago oscuro, que refleja un denso bosque de \u00e1rboles verdes y rojizos\" class=\"global-image\" decoding=\"async\" fetchpriority=\"low\" height=\"1080\" loading=\"lazy\" src=\"https:\/\/www.europesays.com\/es\/wp-content\/uploads\/2026\/07\/SG7WVNSPRNGE5GKY667GLT4R6Q.jpg\" width=\"1920\"\/>La ic\u00f3nica escena de la canoa flotando en el lago de Crystal Lake, donde un cuerpo yace oculto, es un fotograma inolvidable de la pel\u00edcula Viernes 13.<\/p>\n<p class=\"paragraph\">La serie llega en un momento de renovado inter\u00e9s por los cl\u00e1sicos del terror, en una temporada televisiva dominada por reboots y nuevas versiones. La promoci\u00f3n aprovecha la coincidencia con la celebraci\u00f3n de <b>Halloween<\/b> y el inter\u00e9s por la tem\u00e1tica de los campamentos, habitual en muchas leyendas urbanas estadounidenses, para maximizar su alcance.<\/p>\n<p class=\"paragraph\">El enfoque centrado en la salud mental y en el sufrimiento de una madre podr\u00eda abrir un debate en torno a la representaci\u00f3n de la p\u00e9rdida y el trauma en la cultura popular. El regreso a los or\u00edgenes del mito permite a la audiencia reconectar con los aspectos m\u00e1s sombr\u00edos y humanos de la franquicia, mientras se evita el exceso de efectos especiales y violencia expl\u00edcita que caracteriz\u00f3 las entregas m\u00e1s recientes. <\/p>\n<p class=\"paragraph\">En lo relativo a la producci\u00f3n, el respaldo de <b>A24<\/b>, reconocida por su apuesta por contenidos de terror innovadores, y la diversidad del reparto indican la intenci\u00f3n de aumentar el nivel art\u00edstico y psicol\u00f3gico del relato, adaptando as\u00ed la franquicia para nuevas generaciones de espectadores.<\/p>\n","protected":false},"excerpt":{"rendered":"Esta nueva serie es precuela a la franquicia de pel\u00edculas de terror, Viernes 13 o Friday the 13th.&hellip;\n","protected":false},"author":2,"featured_media":660315,"comment_status":"","ping_status":"","sticky":false,"template":"","format":"standard","meta":{"footnotes":""},"categories":[169],"tags":[120631,177,63136,146,147,25,24,176,120629,10437,120630,18087,175,1257,23,6667,92388],"class_list":["post-660314","post","type-post","status-publish","format-standard","has-post-thumbnail","category-cine","tag-canoa","tag-cine","tag-crystal-lake","tag-entertainment","tag-entretenimiento","tag-es","tag-espana","tag-film","tag-friday-the-13th","tag-horror","tag-jason-voorhees","tag-lago","tag-movies","tag-pelicula","tag-spain","tag-terror","tag-viernes-13"],"share_on_mastodon":{"url":"https:\/\/pubeurope.com\/@es\/116926738628155167","error":""},"_links":{"self":[{"href":"https:\/\/www.europesays.com\/es\/wp-json\/wp\/v2\/posts\/660314","targetHints":{"allow":["GET"]}}],"collection":[{"href":"https:\/\/www.europesays.com\/es\/wp-json\/wp\/v2\/posts"}],"about":[{"href":"https:\/\/www.europesays.com\/es\/wp-json\/wp\/v2\/types\/post"}],"author":[{"embeddable":true,"href":"https:\/\/www.europesays.com\/es\/wp-json\/wp\/v2\/users\/2"}],"replies":[{"embeddable":true,"href":"https:\/\/www.europesays.com\/es\/wp-json\/wp\/v2\/comments?post=660314"}],"version-history":[{"count":0,"href":"https:\/\/www.europesays.com\/es\/wp-json\/wp\/v2\/posts\/660314\/revisions"}],"wp:featuredmedia":[{"embeddable":true,"href":"https:\/\/www.europesays.com\/es\/wp-json\/wp\/v2\/media\/660315"}],"wp:attachment":[{"href":"https:\/\/www.europesays.com\/es\/wp-json\/wp\/v2\/media?parent=660314"}],"wp:term":[{"taxonomy":"category","embeddable":true,"href":"https:\/\/www.europesays.com\/es\/wp-json\/wp\/v2\/categories?post=660314"},{"taxonomy":"post_tag","embeddable":true,"href":"https:\/\/www.europesays.com\/es\/wp-json\/wp\/v2\/tags?post=660314"}],"curies":[{"name":"wp","href":"https:\/\/api.w.org\/{rel}","templated":true}]}}