{"id":660351,"date":"2026-07-16T00:34:22","date_gmt":"2026-07-16T00:34:22","guid":{"rendered":"https:\/\/www.europesays.com\/es\/660351\/"},"modified":"2026-07-16T00:34:22","modified_gmt":"2026-07-16T00:34:22","slug":"descubren-un-extrano-mono-con-los-labios-naranjas-en-el-corazon-del-congo","status":"publish","type":"post","link":"https:\/\/www.europesays.com\/es\/660351\/","title":{"rendered":"Descubren un extra\u00f1o mono con los labios naranjas en el coraz\u00f3n del Congo"},"content":{"rendered":"<p style=\"\">Un grupo de cient\u00edficos ha descubierto en las profundidades de la selva del Congo una nueva especie de mono, hasta ahora desconocida para la ciencia. El animal, denominado Colobus congoensis y apodado localmente &#8216;Likweli&#8217;, es negro con unas llamativas manchas naranjas en la boca  &#8230; y unas marcas en los p\u00f3mulos y alrededor de los ojos similares a una m\u00e1scara. Adem\u00e1s, produce unas fuertes y llamativas vocalizaciones. Se trata del quinto mono africano descrito en los \u00faltimos 75 a\u00f1os y de uno de los <a href=\"https:\/\/www.abc.es\/ciencia\/20131023\/abci-mono-ronronea-nuevas-especies-201310231307.html\" target=\"_self\" data-voc-vtm-id=\"in-text-traffic\" data-mrf-link=\"www.abc.es\" rel=\"nofollow noopener\">hallazgos de primates<\/a> m\u00e1s importantes de las \u00faltimas d\u00e9cadas. Por desgracia, aunque acabamos de conocerlo, los investigadores advierten de que podr\u00eda estar ya en peligro de extinci\u00f3n debido a su distribuci\u00f3n limitada, la p\u00e9rdida de h\u00e1bitat y la presi\u00f3n de la caza. <\/p>\n<p class=\"v-d-p\" style=\"\">El primer indicio de la existencia de este extra\u00f1o primate se produjo en 2008, cuando conservacionistas fotografiaron un gran mono negro durante una expedici\u00f3n entre los densos bosques del Parque Nacional de Lomami. Pero la imagen solo mostraba el lomo del animal y era demasiado borrosa para determinar de qu\u00e9 especie se trataba. Una d\u00e9cada despu\u00e9s, el primate volvi\u00f3 a ser captado, esta vez con suficiente detalle para mostrar su rostro, cuerpo y cola. Los cient\u00edficos comprendieron que estaban viendo un mono que no pod\u00edan identificar, as\u00ed que impulsaron una misi\u00f3n en su b\u00fasqueda.<\/p>\n<p class=\"v-d-p\" style=\"\">El equipo internacional de investigadores de la Universidad Atl\u00e1ntica de Florida (FAU), la Universidad de Yale y la Sociedad Zool\u00f3gica de Frankfurt, entre otras instituciones, hall\u00f3 al misterioso Likweli en la remota zona interfluvial entre los r\u00edos Lomami y Congo. Relativamente peque\u00f1o, con un peso aproximado de 7 kilogramos, el mono se distingue por su pelaje negro y sedoso, una larga cola tambi\u00e9n negra y, lo que es m\u00e1s llamativo, la piel de la cara negra y gris oscura, similar a una m\u00e1scara. Largos pelos negros y puntiagudos salen disparados de los lados del rostro, la frente y  la coronilla. <\/p>\n<p class=\"v-d-p\" style=\"\">Pero el rasgo m\u00e1s llamativo es la piel de color  anaranjado alrededor de la boca, que contrasta intensamente con el resto de la cara. Adem\u00e1s, en la base de la cola, tiene una brillante mancha blanca. En conjunto, estas caracter\u00edsticas confieren a &#8216;Likweli&#8217; un aspecto inconfundible, diferente al de cualquier otro colobo conocido. <\/p>\n<ul class=\"v-cmp-rld__u\">\n<li class=\"v-cmp-rld__l\">\n<p><a class=\"v-a-lnk\" href=\"http:\/\/www.abc.es\/ciencia\/monos-gibraltar-automedican-tierra-digerir-comida-basura-20260421110000-nt.html#vtm_modulosEngag=noticiasrelacionadas-cmp-uno:ciencia:noticia:1\" data-voc-vtm-id=\"in-text-traffic\" rel=\"nofollow noopener\" target=\"_blank\"><br \/>\n<img decoding=\"async\" loading=\"lazy\" src=\"https:\/\/www.europesays.com\/es\/wp-content\/uploads\/2026\/07\/A macaque with an ice cream-U16281660883qBR-366x256@diario_abc.jpg\" class=\"v-a-img\" width=\"258\" height=\"180\" alt=\"Los monos de Gibraltar se automedican con tierra para digerir la comida basura que les dan los turistas\"\/><br \/>\n                                      <\/a><\/p>\n<\/li>\n<\/ul>\n<p class=\"v-d-p\" style=\"\">Los an\u00e1lisis morfol\u00f3gicos y gen\u00e9ticos demostraron que los &#8216;Likweli&#8217; est\u00e1n estrechamente emparentados con los monos colobos negros (Colobus satanas), a pesar de que ambas especies est\u00e1n separadas por m\u00e1s de 1.200 kil\u00f3metros de bosque. Los investigadores estiman que divergieron hace entre 5, y 4 millones de a\u00f1os, lo que representa una separaci\u00f3n mucho m\u00e1s temprana que la de otras especies del g\u00e9nero.\u00a0<\/p>\n<p><img decoding=\"async\" loading=\"lazy\" src=\"https:\/\/www.europesays.com\/es\/wp-content\/uploads\/2026\/07\/c.congoensis-2-U32045855585pCH-680x476@diario_abc.jpg\" class=\"v-a-img\" width=\"680\" height=\"478\" alt=\"Un ejemplar observa atentamente desde una rama.\" data-voc-vtm-id=\"in-text-traffic\"\/><\/p>\n<p>Un ejemplar observa atentamente desde una rama.<\/p>\n<p>(Junior Amboko, Universidad Atl\u00e1ntica de Florida)<\/p>\n<p>\nRugidos impactantes\n<\/p>\n<p class=\"v-d-p\" style=\"\">&#8216;Likweli&#8217; tambi\u00e9n tienen su propio car\u00e1cter, una naturaleza que los investigadores describen como \u00abtranquila y vigilante\u00bb. En vez de huir ante la presencia humana, como hacen muchos otros primates, estos monos ascienden a las zonas m\u00e1s altas del dosel y observan. \u00abEn algunos casos permanecieron en el mismo lugar durante m\u00e1s de una hora, observ\u00e1ndonos. A menudo da la impresi\u00f3n de que nos estamos estudiando mutuamente\u00bb, explican los cient\u00edficos. Otro comportamiento distintivo son sus fuertes llamadas, conocidas como rugidos, distintas de las de sus parientes m\u00e1s cercanos. Estas vocalizaciones pueden propagarse a grandes distancias por la selva tropical. Observar c\u00f3mo rugen con sus labios naranjas es especialmente impactante, seg\u00fan los cient\u00edficos. <\/p>\n<p class=\"v-d-p\" style=\"\">\u00abEste descubrimiento es emocionante, ya que pone de relieve la extraordinaria diversidad de mi tierra natal y la gran cantidad de especies que a\u00fan permanecen sin documentar\u00bb, afirma Junio Amboko, investigador de la FAU y coautor del estudio que se publica este mi\u00e9rcoles en <a href=\"https:\/\/journals.plos.org\/plosone\/article?id=10.1371\/journal.pone.0349857\" target=\"_self\" data-voc-vtm-id=\"in-text-traffic\" data-mrf-link=\"journals.plos.org\" rel=\"nofollow noopener\">PLOS ONE<\/a>. <\/p>\n<p class=\"v-d-p\" style=\"\">\u00abIncluso en regiones que ya han sido exploradas cient\u00edficamente, siguen apareciendo especies completamente nuevas. Este descubrimiento refuerza la magnitud de la biodiversidad que a\u00fan permanece sin documentar en la cuenca central del Congo y c\u00f3mo esta regi\u00f3n contin\u00faa transformando nuestra comprensi\u00f3n de la evoluci\u00f3n y la conservaci\u00f3n de los primates\u00bb, a\u00f1ade John A. Hart, primer autor y cient\u00edfico conservacionista de la Fundaci\u00f3n Lukuru para la Investigaci\u00f3n de la Vida Silvestre. <\/p>\n<p><img decoding=\"async\" loading=\"lazy\" src=\"https:\/\/www.europesays.com\/es\/wp-content\/uploads\/2026\/07\/Map_for_press_release (002)-U01800826271vmV-680x676@diario_abc.jpg\" class=\"v-a-img\" width=\"680\" height=\"478\" alt=\"Mapa de distribuci\u00f3n de la nueva especie.\" data-voc-vtm-id=\"in-text-traffic\"\/><\/p>\n<p>Mapa de distribuci\u00f3n de la nueva especie.<\/p>\n<p>(John Hart, Fundaci\u00f3n para la Investigaci\u00f3n de la Fauna Silvestre de Lukuru)<\/p>\n<p>\nEspecie en peligro\n<\/p>\n<p class=\"v-d-p\" style=\"\">&#8216;Likweli&#8217; ocupa un \u00e1rea de al menos 1.700 kil\u00f3metros cuadrados, mucho menor que la de la mayor\u00eda de los dem\u00e1s monos colobos, al este del r\u00edo Lomami. Habita bosques primarios intactos, con \u00e1rboles gigantes, un dosel denso y numerosos arroyos. Estos bosques le proporcionan todo lo que necesita: hojas j\u00f3venes y maduras, frutos, flores y semillas. All\u00ed viven en grupos sociales peque\u00f1os, a menudo en compa\u00f1\u00eda de otras especies de monos.  <\/p>\n<p class=\"v-d-p\" style=\"\">Pero no lo tiene f\u00e1cil. Debido a su distribuci\u00f3n extremadamente limitada, su peque\u00f1a poblaci\u00f3n, la creciente presi\u00f3n de la caza y la continua p\u00e9rdida de h\u00e1bitat, su futuro  no parece muy optimista. Es especialmente vulnerable incluso a cambios ambientales relativamente peque\u00f1os. Los cient\u00edficos proponen que la especie sea clasificada como En Peligro en la Lista Roja de la UICN. La mayor parte de su h\u00e1bitat conocido se encuentra dentro del Parque Nacional Lomami, por lo que consideran fundamental la protecci\u00f3n de la regi\u00f3n para la supervivencia del animal. <\/p>\n<p class=\"v-d-p\" style=\"\">Para Kate Detwiler, doctora, autora principal y profesora de ciencias biol\u00f3gicas en la FAU, \u00abel descubrimiento de Colobus congoensis es a la vez un triunfo cient\u00edfico y un recordatorio aleccionador de que algunas de las criaturas m\u00e1s raras de la Tierra pueden desaparecer antes de que el mundo siquiera sepa que existen\u00bb.<\/p>\n","protected":false},"excerpt":{"rendered":"Un grupo de cient\u00edficos ha descubierto en las profundidades de la selva del Congo una nueva especie de&hellip;\n","protected":false},"author":2,"featured_media":660352,"comment_status":"","ping_status":"","sticky":false,"template":"","format":"standard","meta":{"footnotes":""},"categories":[42],"tags":[17,18,9758,4835,5213,7381,13,14,11,61,62,63,64,4461,19,20,20905,120636,9,10,15,16,12,21,22,65,66,67],"class_list":["post-660351","post","type-post","status-publish","format-standard","has-post-thumbnail","category-internacional","tag-breaking-news","tag-breakingnews","tag-congo","tag-corazon","tag-descubren","tag-extrano","tag-featured-news","tag-featurednews","tag-headlines","tag-internacional","tag-international","tag-international-news","tag-internationalnews","tag-labios","tag-latest-news","tag-latestnews","tag-mono","tag-narajas","tag-news","tag-noticias","tag-noticias-destacadas","tag-noticiasdestacadas","tag-titulares","tag-ultimas-noticias","tag-ultimasnoticias","tag-world","tag-world-news","tag-worldnews"],"share_on_mastodon":{"url":"https:\/\/pubeurope.com\/@es\/116926852823929736","error":""},"_links":{"self":[{"href":"https:\/\/www.europesays.com\/es\/wp-json\/wp\/v2\/posts\/660351","targetHints":{"allow":["GET"]}}],"collection":[{"href":"https:\/\/www.europesays.com\/es\/wp-json\/wp\/v2\/posts"}],"about":[{"href":"https:\/\/www.europesays.com\/es\/wp-json\/wp\/v2\/types\/post"}],"author":[{"embeddable":true,"href":"https:\/\/www.europesays.com\/es\/wp-json\/wp\/v2\/users\/2"}],"replies":[{"embeddable":true,"href":"https:\/\/www.europesays.com\/es\/wp-json\/wp\/v2\/comments?post=660351"}],"version-history":[{"count":0,"href":"https:\/\/www.europesays.com\/es\/wp-json\/wp\/v2\/posts\/660351\/revisions"}],"wp:featuredmedia":[{"embeddable":true,"href":"https:\/\/www.europesays.com\/es\/wp-json\/wp\/v2\/media\/660352"}],"wp:attachment":[{"href":"https:\/\/www.europesays.com\/es\/wp-json\/wp\/v2\/media?parent=660351"}],"wp:term":[{"taxonomy":"category","embeddable":true,"href":"https:\/\/www.europesays.com\/es\/wp-json\/wp\/v2\/categories?post=660351"},{"taxonomy":"post_tag","embeddable":true,"href":"https:\/\/www.europesays.com\/es\/wp-json\/wp\/v2\/tags?post=660351"}],"curies":[{"name":"wp","href":"https:\/\/api.w.org\/{rel}","templated":true}]}}