{"id":660395,"date":"2026-07-16T01:17:17","date_gmt":"2026-07-16T01:17:17","guid":{"rendered":"https:\/\/www.europesays.com\/es\/660395\/"},"modified":"2026-07-16T01:17:17","modified_gmt":"2026-07-16T01:17:17","slug":"la-reconocida-orquesta-gallega-paris-de-noia-pierde-a-una-de-sus-principales-voces-en-la-temporada-de-mayor-actividad","status":"publish","type":"post","link":"https:\/\/www.europesays.com\/es\/660395\/","title":{"rendered":"La reconocida orquesta gallega Par\u00eds de Noia pierde a una de sus principales voces en la temporada de mayor actividad"},"content":{"rendered":"<p class=\"ft-text ft-helper-closenews\">La<strong> temporada de verano <\/strong>es el momento de <strong>mayor actividad para las orquestas<\/strong> gallegas, que recorren cientos de localidades llevando sus espect\u00e1culos a fiestas patronales y todo tipo de celebraciones. Por eso, cualquier cambio en la formaci\u00f3n suele llamar la atenci\u00f3n de los seguidores m\u00e1s fieles, especialmente cuando sucede en el periodo estival y se trata de uno de los rostros m\u00e1s visibles del escenario.<\/p>\n<p class=\"ft-text\">En los \u00faltimos d\u00edas, varios asistentes a las actuaciones de la <strong>orquesta Par\u00eds de Noia<\/strong> se dieron cuenta de un repentino cambio. Algo faltaba al arranque de la \u00faltima gira de la formaci\u00f3n, <strong>Va Por Ti Tour 2026<\/strong>. Tras un gran show acrob\u00e1tico para abrir el tel\u00f3n de la mano del equipo de baile, las <strong>tres grandes voces femeninas<\/strong> que forman parte de la plantilla sol\u00edan aparecer en escena con unos vestidos brillantes. Pero no fue as\u00ed en estas \u00faltimas veces. <strong>Solo dos <\/strong>de las tres vocalistas principales se hac\u00edan visibles bajo los aros de luces con los que comienzan el espect\u00e1culo.<\/p>\n<p class=\"ft-text\">Los seguidores se comenzaron a preguntar por la<strong> ausencia de una de sus cantantes habituales <\/strong>y a interesarse por conocer el motivo de la inesperada falta. La artista en cuesti\u00f3n es <strong>Yamohe Montalvo<\/strong>. La incorporaci\u00f3n de la cantante cubana a la orquesta fue anunciada en 2024 como un \u00abfichaje estrella\u00bb. El propio equipo la defini\u00f3 en su momento como \u00abuna mujer con una gran fuerza esc\u00e9nica\u00bb, con la que esperaban \u00abenriquecer y dar vida\u00bb a su nueva propuesta. <\/p>\n<p class=\"ft-text\">As\u00ed lo demostr\u00f3 ella misma con su participaci\u00f3n en la quinta temporada de A liga dos cantantes extraordinarios, emitida en 2024 en la Televisi\u00f3n de Galicia (TVG). Sin embargo, Yamohe Montalvo <strong>no est\u00e1 participando en los \u00faltimos conciertos verbeneros<\/strong>. La cubana se mantiene fuera de los escenarios mientras <strong>el resto del grupo contin\u00faa<\/strong> <strong>con su intensa gira de verano<\/strong>, con fechas ya cerradas para casi todos los d\u00edas del mes de julio.<\/p>\n<p>\u00bfCu\u00e1l es el motivo?<\/p>\n<p class=\"ft-text\">Seg\u00fan confirman fuentes cercanas a la cantante a FARO, Yamohe Montalvo <strong>se encuentra actualmente de baja laboral<\/strong>. Su retirada de Par\u00eds de Noia se espera, por tanto, que sea <strong>temporal<\/strong>, pero hasta el momento <strong>no se ha anunciado una fecha concreta para su regreso<\/strong>.<\/p>\n<p class=\"ft-text\">Desde la formaci\u00f3n tampoco han confirmado una marcha definitiva, por lo que todo apunta a que Montalvo volver\u00e1 a la orquesta cuando su situaci\u00f3n se lo permita. <\/p>\n<p>Show must go on!<\/p>\n<p class=\"ft-text\">Mientras tanto, Par\u00eds de Noia <strong>mantiene sin cambios su calendario <\/strong>de actuaciones y contin\u00faa con su gira<strong> sin apenas hacer modificaciones<\/strong>. \u00bfC\u00f3mo consiguen esto? Gracias a la ayuda y a la versatilidad de sus componentes. Las otras dos voces principales, <strong>Alba Navarro <\/strong>(ganadora de A liga dos cantantes extraordinarios en 2021) <strong>y Andrea Paracuto cogen el peso<\/strong> de las canciones m\u00e1s exigentes vocalmente, resolviendo con \u00e9xito la ausencia de su compa\u00f1era. <\/p>\n<p class=\"ft-text\">Por otro lado, tambi\u00e9n<strong> la bailarina Rayssa Cunha<\/strong> muestra su capacidad esc\u00e9nica interpretando alguno de los temas de Yamohe Montalvo. La brasile\u00f1a ya cog\u00eda el micr\u00f3fono en este Va Por Ti Tour 2026 para cantar algunas canciones, especialmente en portugu\u00e9s, como es el caso de la viral Motinha 2.0. Ahora, se atreve con m\u00e1s melod\u00edas para cubrir, entre todos los miembros, las necesidades esc\u00e9nicas sin realizar cambios en el setlist y con una <strong>alta implicaci\u00f3n para disimular la inesperada baja<\/strong>.<\/p>\n<p data-close=\"closedContent\" class=\"subscribeHideForDisplay\">Suscr\u00edbete para seguir leyendo<\/p>\n","protected":false},"excerpt":{"rendered":"La temporada de verano es el momento de mayor actividad para las orquestas gallegas, que recorren cientos de&hellip;\n","protected":false},"author":2,"featured_media":660396,"comment_status":"","ping_status":"","sticky":false,"template":"","format":"standard","meta":{"footnotes":""},"categories":[91],"tags":[11797,3061,146,147,25,24,7214,25211,41520,35221,120639,7456,120638,4759,9089,18748,23,1793],"class_list":["post-660395","post","type-post","status-publish","format-standard","has-post-thumbnail","category-entretenimiento","tag-bajas-laborales","tag-cantantes","tag-entertainment","tag-entretenimiento","tag-es","tag-espana","tag-formacion","tag-gallega","tag-noia","tag-orquesta","tag-orquesta-paris-de-noia","tag-orquestas","tag-orquestas-en-galicia","tag-paris","tag-reconocida","tag-seguidores","tag-spain","tag-verano"],"share_on_mastodon":{"url":"https:\/\/pubeurope.com\/@es\/116927020962278088","error":""},"_links":{"self":[{"href":"https:\/\/www.europesays.com\/es\/wp-json\/wp\/v2\/posts\/660395","targetHints":{"allow":["GET"]}}],"collection":[{"href":"https:\/\/www.europesays.com\/es\/wp-json\/wp\/v2\/posts"}],"about":[{"href":"https:\/\/www.europesays.com\/es\/wp-json\/wp\/v2\/types\/post"}],"author":[{"embeddable":true,"href":"https:\/\/www.europesays.com\/es\/wp-json\/wp\/v2\/users\/2"}],"replies":[{"embeddable":true,"href":"https:\/\/www.europesays.com\/es\/wp-json\/wp\/v2\/comments?post=660395"}],"version-history":[{"count":0,"href":"https:\/\/www.europesays.com\/es\/wp-json\/wp\/v2\/posts\/660395\/revisions"}],"wp:featuredmedia":[{"embeddable":true,"href":"https:\/\/www.europesays.com\/es\/wp-json\/wp\/v2\/media\/660396"}],"wp:attachment":[{"href":"https:\/\/www.europesays.com\/es\/wp-json\/wp\/v2\/media?parent=660395"}],"wp:term":[{"taxonomy":"category","embeddable":true,"href":"https:\/\/www.europesays.com\/es\/wp-json\/wp\/v2\/categories?post=660395"},{"taxonomy":"post_tag","embeddable":true,"href":"https:\/\/www.europesays.com\/es\/wp-json\/wp\/v2\/tags?post=660395"}],"curies":[{"name":"wp","href":"https:\/\/api.w.org\/{rel}","templated":true}]}}